{"id":7749,"date":"2015-07-21T17:57:00","date_gmt":"2015-07-21T22:57:00","guid":{"rendered":"https:\/\/www.uees.edu.ec\/?p=7749"},"modified":"2021-04-27T20:59:00","modified_gmt":"2021-04-28T01:59:00","slug":"medicina-uees-se-destaca-en-xii-congreso-internacional","status":"publish","type":"post","link":"https:\/\/uees.edu.ec\/en\/medicina-uees-se-destaca-en-xii-congreso-internacional\/","title":{"rendered":"UEES Medicine stands out in XII International Congress"},"content":{"rendered":"<p class=\"wp-block-paragraph\">Seis estudiantes de la Facultad de Medicina participaron y obtuvieron los m\u00e1s altos lugares en la presentaci\u00f3n de temas libres y posters en el XII Congreso Internacional de Medicina y Especialidades Kennedy, CIMEK 2015. Este a\u00f1o, el congreso organizado del 7 al 10 de julio por el Grupo Hospitalario Kennedy, abord\u00f3 el tema \u201cComo mejorar la calidad de vida del adulto mayor\u201d.<\/p>\n\n\n\n<h3 class=\"wp-block-heading\">CIMEK 2015, GANADORES DE TEMAS LIBRES:<\/h3>\n\n\n\n<ul class=\"wp-block-list\"><li>Primer lugar: G\u00e9nessis Maldonado &#8211; UTILIDAD DE LA CAPILAROSCOPIA EN ENFERMEDADES REUM\u00c1TICAS<\/li><li>Segundo lugar: Roberto Ol\u00e9as &#8211; CASO CL\u00cdNICO S\u00cdNDROME DE PERCHERON<\/li><li>Tercer lugar: Jenny C\u00e1rdenas &#8211; MANIFESTACIONES REUM\u00c1TICAS DEL VIRUS CHIKUNGUNYA<\/li><\/ul>\n\n\n\n<h3 class=\"wp-block-heading\">CIMEK 2015, GANADORES DE POSTERS:<\/h3>\n\n\n\n<ul class=\"wp-block-list\"><li>Primer lugar: Claudia Aguirre &#8211; VALORES DE DENSITOMETR\u00cdAS EN UN CENTRO DE REUMATOLOG\u00cdA<\/li><li>Segundo lugar: Mar\u00eda Jos\u00e9 Intriago &#8211; VALORES DE VITAMINA D EN PACIENTES DE UN CENTRO DE REUMATOLOG\u00cdA<\/li><li>Tercer lugar: Roberto Ol\u00e9as &#8211; CASO CL\u00cdNICO S\u00cdNDROME DE PERCHERON<\/li><\/ul>","protected":false},"excerpt":{"rendered":"<p>Six students from the School of Medicine participated and obtained the highest places in the presentation of free topics and posters at the XII International Congress of Medicine and Specialties Kennedy, CIMEK 2015. <\/p>","protected":false},"author":1,"featured_media":7750,"comment_status":"open","ping_status":"open","sticky":false,"template":"","format":"standard","meta":{"_acf_changed":false,"footnotes":""},"categories":[75],"tags":[187,119],"class_list":["post-7749","post","type-post","status-publish","format-standard","has-post-thumbnail","hentry","category-noticias","tag-congreso","tag-medicina"],"acf":[],"yoast_head":"<!-- This site is optimized with the Yoast SEO Premium plugin v27.4 (Yoast SEO v27.4) - https:\/\/yoast.com\/product\/yoast-seo-premium-wordpress\/ -->\n<title>Medicina UEES se destaca en XII Congreso Internacional - UEES - Universidad Esp\u00edritu Santo<\/title>\n<meta name=\"robots\" content=\"index, follow, max-snippet:-1, max-image-preview:large, max-video-preview:-1\" \/>\n<link rel=\"canonical\" href=\"https:\/\/uees.edu.ec\/en\/medicina-uees-se-destaca-en-xii-congreso-internacional\/\" \/>\n<meta property=\"og:locale\" content=\"en_US\" \/>\n<meta property=\"og:type\" content=\"article\" \/>\n<meta property=\"og:title\" content=\"Medicina UEES se destaca en XII Congreso Internacional\" \/>\n<meta property=\"og:description\" content=\"Seis estudiantes de la Facultad de Medicina participaron y obtuvieron los m\u00e1s altos lugares en la presentaci\u00f3n de temas libres y posters en el XII Congreso Internacional de Medicina y Especialidades Kennedy, CIMEK 2015.\" \/>\n<meta property=\"og:url\" content=\"https:\/\/uees.edu.ec\/en\/medicina-uees-se-destaca-en-xii-congreso-internacional\/\" \/>\n<meta property=\"og:site_name\" content=\"UEES - Universidad Esp\u00edritu Santo\" \/>\n<meta property=\"article:publisher\" content=\"https:\/\/www.facebook.com\/universidadespiritusanto\" \/>\n<meta property=\"article:published_time\" content=\"2015-07-21T22:57:00+00:00\" \/>\n<meta property=\"article:modified_time\" content=\"2021-04-28T01:59:00+00:00\" \/>\n<meta property=\"og:image\" content=\"https:\/\/uees.edu.ec\/wp-content\/uploads\/2021\/04\/medicina-uees-congreso.jpeg\" \/>\n\t<meta property=\"og:image:width\" content=\"500\" \/>\n\t<meta property=\"og:image:height\" content=\"500\" \/>\n\t<meta property=\"og:image:type\" content=\"image\/jpeg\" \/>\n<meta name=\"author\" content=\"UEES\" \/>\n<meta name=\"twitter:card\" content=\"summary_large_image\" \/>\n<meta name=\"twitter:creator\" content=\"@uees_ec\" \/>\n<meta name=\"twitter:site\" content=\"@uees_ec\" \/>\n<meta name=\"twitter:label1\" content=\"Written by\" \/>\n\t<meta name=\"twitter:data1\" content=\"UEES\" \/>\n\t<meta name=\"twitter:label2\" content=\"Est. reading time\" \/>\n\t<meta name=\"twitter:data2\" content=\"1 minute\" \/>\n<script type=\"application\/ld+json\" class=\"yoast-schema-graph\">{\"@context\":\"https:\\\/\\\/schema.org\",\"@graph\":[{\"@type\":[\"Article\",\"BlogPosting\"],\"@id\":\"https:\\\/\\\/uees.edu.ec\\\/medicina-uees-se-destaca-en-xii-congreso-internacional\\\/#article\",\"isPartOf\":{\"@id\":\"https:\\\/\\\/uees.edu.ec\\\/medicina-uees-se-destaca-en-xii-congreso-internacional\\\/\"},\"author\":{\"name\":\"UEES\",\"@id\":\"https:\\\/\\\/uees.edu.ec\\\/#\\\/schema\\\/person\\\/802805a6361e518eb22dacc36e293d60\"},\"headline\":\"Medicina UEES se destaca en XII Congreso Internacional\",\"datePublished\":\"2015-07-21T22:57:00+00:00\",\"dateModified\":\"2021-04-28T01:59:00+00:00\",\"mainEntityOfPage\":{\"@id\":\"https:\\\/\\\/uees.edu.ec\\\/medicina-uees-se-destaca-en-xii-congreso-internacional\\\/\"},\"wordCount\":165,\"commentCount\":0,\"publisher\":{\"@id\":\"https:\\\/\\\/uees.edu.ec\\\/#organization\"},\"image\":{\"@id\":\"https:\\\/\\\/uees.edu.ec\\\/medicina-uees-se-destaca-en-xii-congreso-internacional\\\/#primaryimage\"},\"thumbnailUrl\":\"https:\\\/\\\/uees.edu.ec\\\/wp-content\\\/uploads\\\/2021\\\/04\\\/medicina-uees-congreso.jpeg\",\"keywords\":[\"Congreso\",\"Medicina\"],\"articleSection\":[\"Noticias\"],\"inLanguage\":\"en-US\",\"potentialAction\":[{\"@type\":\"CommentAction\",\"name\":\"Comment\",\"target\":[\"https:\\\/\\\/uees.edu.ec\\\/medicina-uees-se-destaca-en-xii-congreso-internacional\\\/#respond\"]}]},{\"@type\":\"WebPage\",\"@id\":\"https:\\\/\\\/uees.edu.ec\\\/medicina-uees-se-destaca-en-xii-congreso-internacional\\\/\",\"url\":\"https:\\\/\\\/uees.edu.ec\\\/medicina-uees-se-destaca-en-xii-congreso-internacional\\\/\",\"name\":\"Medicina UEES se destaca en XII Congreso Internacional - UEES - Universidad Esp\u00edritu Santo\",\"isPartOf\":{\"@id\":\"https:\\\/\\\/uees.edu.ec\\\/#website\"},\"primaryImageOfPage\":{\"@id\":\"https:\\\/\\\/uees.edu.ec\\\/medicina-uees-se-destaca-en-xii-congreso-internacional\\\/#primaryimage\"},\"image\":{\"@id\":\"https:\\\/\\\/uees.edu.ec\\\/medicina-uees-se-destaca-en-xii-congreso-internacional\\\/#primaryimage\"},\"thumbnailUrl\":\"https:\\\/\\\/uees.edu.ec\\\/wp-content\\\/uploads\\\/2021\\\/04\\\/medicina-uees-congreso.jpeg\",\"datePublished\":\"2015-07-21T22:57:00+00:00\",\"dateModified\":\"2021-04-28T01:59:00+00:00\",\"breadcrumb\":{\"@id\":\"https:\\\/\\\/uees.edu.ec\\\/medicina-uees-se-destaca-en-xii-congreso-internacional\\\/#breadcrumb\"},\"inLanguage\":\"en-US\",\"potentialAction\":[{\"@type\":\"ReadAction\",\"target\":[\"https:\\\/\\\/uees.edu.ec\\\/medicina-uees-se-destaca-en-xii-congreso-internacional\\\/\"]}]},{\"@type\":\"ImageObject\",\"inLanguage\":\"en-US\",\"@id\":\"https:\\\/\\\/uees.edu.ec\\\/medicina-uees-se-destaca-en-xii-congreso-internacional\\\/#primaryimage\",\"url\":\"https:\\\/\\\/uees.edu.ec\\\/wp-content\\\/uploads\\\/2021\\\/04\\\/medicina-uees-congreso.jpeg\",\"contentUrl\":\"https:\\\/\\\/uees.edu.ec\\\/wp-content\\\/uploads\\\/2021\\\/04\\\/medicina-uees-congreso.jpeg\",\"width\":500,\"height\":500},{\"@type\":\"BreadcrumbList\",\"@id\":\"https:\\\/\\\/uees.edu.ec\\\/medicina-uees-se-destaca-en-xii-congreso-internacional\\\/#breadcrumb\",\"itemListElement\":[{\"@type\":\"ListItem\",\"position\":1,\"name\":\"Home\",\"item\":\"https:\\\/\\\/uees.edu.ec\\\/\"},{\"@type\":\"ListItem\",\"position\":2,\"name\":\"Medicina UEES se destaca en XII Congreso Internacional\"}]},{\"@type\":\"WebSite\",\"@id\":\"https:\\\/\\\/uees.edu.ec\\\/#website\",\"url\":\"https:\\\/\\\/uees.edu.ec\\\/\",\"name\":\"Universidad Esp\u00edritu Santo - UEES\",\"description\":\"En constante innovaci\u00f3n\",\"publisher\":{\"@id\":\"https:\\\/\\\/uees.edu.ec\\\/#organization\"},\"alternateName\":\"Universidad Esp\u00edritu Santo - UEES\",\"potentialAction\":[{\"@type\":\"SearchAction\",\"target\":{\"@type\":\"EntryPoint\",\"urlTemplate\":\"https:\\\/\\\/uees.edu.ec\\\/?s={search_term_string}\"},\"query-input\":{\"@type\":\"PropertyValueSpecification\",\"valueRequired\":true,\"valueName\":\"search_term_string\"}}],\"inLanguage\":\"en-US\"},{\"@type\":\"Organization\",\"@id\":\"https:\\\/\\\/uees.edu.ec\\\/#organization\",\"name\":\"Universidad Esp\u00edritu Santo - UEES\",\"alternateName\":\"La mejor universidad en Ecuador\",\"url\":\"https:\\\/\\\/uees.edu.ec\\\/\",\"logo\":{\"@type\":\"ImageObject\",\"inLanguage\":\"en-US\",\"@id\":\"https:\\\/\\\/uees.edu.ec\\\/#\\\/schema\\\/logo\\\/image\\\/\",\"url\":\"https:\\\/\\\/uees.edu.ec\\\/wp-content\\\/uploads\\\/2021\\\/03\\\/Logo-UEES.png\",\"contentUrl\":\"https:\\\/\\\/uees.edu.ec\\\/wp-content\\\/uploads\\\/2021\\\/03\\\/Logo-UEES.png\",\"width\":221,\"height\":86,\"caption\":\"Universidad Esp\u00edritu Santo - UEES\"},\"image\":{\"@id\":\"https:\\\/\\\/uees.edu.ec\\\/#\\\/schema\\\/logo\\\/image\\\/\"},\"sameAs\":[\"https:\\\/\\\/www.facebook.com\\\/universidadespiritusanto\",\"https:\\\/\\\/x.com\\\/uees_ec\",\"https:\\\/\\\/www.instagram.com\\\/uees_ec\\\/\",\"https:\\\/\\\/www.linkedin.com\\\/school\\\/esp-ritu-santo\",\"https:\\\/\\\/www.youtube.com\\\/user\\\/UEES2009\",\"https:\\\/\\\/es.wikipedia.org\\\/wiki\\\/Universidad_de_Especialidades_Esp\u00edritu_Santo\"]},{\"@type\":\"Person\",\"@id\":\"https:\\\/\\\/uees.edu.ec\\\/#\\\/schema\\\/person\\\/802805a6361e518eb22dacc36e293d60\",\"name\":\"UEES\",\"image\":{\"@type\":\"ImageObject\",\"inLanguage\":\"en-US\",\"@id\":\"https:\\\/\\\/secure.gravatar.com\\\/avatar\\\/2b6bae9237234c9a41c6536dcd21b7b2ef4c7043495f02e99b367ab0c06b7f98?s=96&d=mm&r=g\",\"url\":\"https:\\\/\\\/secure.gravatar.com\\\/avatar\\\/2b6bae9237234c9a41c6536dcd21b7b2ef4c7043495f02e99b367ab0c06b7f98?s=96&d=mm&r=g\",\"contentUrl\":\"https:\\\/\\\/secure.gravatar.com\\\/avatar\\\/2b6bae9237234c9a41c6536dcd21b7b2ef4c7043495f02e99b367ab0c06b7f98?s=96&d=mm&r=g\",\"caption\":\"UEES\"},\"sameAs\":[\"https:\\\/\\\/www.uees.edu.ec\"],\"url\":\"https:\\\/\\\/uees.edu.ec\\\/en\\\/author\\\/admin\\\/\"}]}<\/script>\n<!-- \/ Yoast SEO Premium plugin. -->","yoast_head_json":{"title":"Medicina UEES se destaca en XII Congreso Internacional - UEES - Universidad Esp\u00edritu Santo","robots":{"index":"index","follow":"follow","max-snippet":"max-snippet:-1","max-image-preview":"max-image-preview:large","max-video-preview":"max-video-preview:-1"},"canonical":"https:\/\/uees.edu.ec\/en\/medicina-uees-se-destaca-en-xii-congreso-internacional\/","og_locale":"en_US","og_type":"article","og_title":"Medicina UEES se destaca en XII Congreso Internacional","og_description":"Seis estudiantes de la Facultad de Medicina participaron y obtuvieron los m\u00e1s altos lugares en la presentaci\u00f3n de temas libres y posters en el XII Congreso Internacional de Medicina y Especialidades Kennedy, CIMEK 2015.","og_url":"https:\/\/uees.edu.ec\/en\/medicina-uees-se-destaca-en-xii-congreso-internacional\/","og_site_name":"UEES - Universidad Esp\u00edritu Santo","article_publisher":"https:\/\/www.facebook.com\/universidadespiritusanto","article_published_time":"2015-07-21T22:57:00+00:00","article_modified_time":"2021-04-28T01:59:00+00:00","og_image":[{"width":500,"height":500,"url":"https:\/\/uees.edu.ec\/wp-content\/uploads\/2021\/04\/medicina-uees-congreso.jpeg","type":"image\/jpeg"}],"author":"UEES","twitter_card":"summary_large_image","twitter_creator":"@uees_ec","twitter_site":"@uees_ec","twitter_misc":{"Written by":"UEES","Est. reading time":"1 minute"},"schema":{"@context":"https:\/\/schema.org","@graph":[{"@type":["Article","BlogPosting"],"@id":"https:\/\/uees.edu.ec\/medicina-uees-se-destaca-en-xii-congreso-internacional\/#article","isPartOf":{"@id":"https:\/\/uees.edu.ec\/medicina-uees-se-destaca-en-xii-congreso-internacional\/"},"author":{"name":"UEES","@id":"https:\/\/uees.edu.ec\/#\/schema\/person\/802805a6361e518eb22dacc36e293d60"},"headline":"Medicina UEES se destaca en XII Congreso Internacional","datePublished":"2015-07-21T22:57:00+00:00","dateModified":"2021-04-28T01:59:00+00:00","mainEntityOfPage":{"@id":"https:\/\/uees.edu.ec\/medicina-uees-se-destaca-en-xii-congreso-internacional\/"},"wordCount":165,"commentCount":0,"publisher":{"@id":"https:\/\/uees.edu.ec\/#organization"},"image":{"@id":"https:\/\/uees.edu.ec\/medicina-uees-se-destaca-en-xii-congreso-internacional\/#primaryimage"},"thumbnailUrl":"https:\/\/uees.edu.ec\/wp-content\/uploads\/2021\/04\/medicina-uees-congreso.jpeg","keywords":["Congreso","Medicina"],"articleSection":["Noticias"],"inLanguage":"en-US","potentialAction":[{"@type":"CommentAction","name":"Comment","target":["https:\/\/uees.edu.ec\/medicina-uees-se-destaca-en-xii-congreso-internacional\/#respond"]}]},{"@type":"WebPage","@id":"https:\/\/uees.edu.ec\/medicina-uees-se-destaca-en-xii-congreso-internacional\/","url":"https:\/\/uees.edu.ec\/medicina-uees-se-destaca-en-xii-congreso-internacional\/","name":"Medicina UEES se destaca en XII Congreso Internacional - UEES - Universidad Esp\u00edritu Santo","isPartOf":{"@id":"https:\/\/uees.edu.ec\/#website"},"primaryImageOfPage":{"@id":"https:\/\/uees.edu.ec\/medicina-uees-se-destaca-en-xii-congreso-internacional\/#primaryimage"},"image":{"@id":"https:\/\/uees.edu.ec\/medicina-uees-se-destaca-en-xii-congreso-internacional\/#primaryimage"},"thumbnailUrl":"https:\/\/uees.edu.ec\/wp-content\/uploads\/2021\/04\/medicina-uees-congreso.jpeg","datePublished":"2015-07-21T22:57:00+00:00","dateModified":"2021-04-28T01:59:00+00:00","breadcrumb":{"@id":"https:\/\/uees.edu.ec\/medicina-uees-se-destaca-en-xii-congreso-internacional\/#breadcrumb"},"inLanguage":"en-US","potentialAction":[{"@type":"ReadAction","target":["https:\/\/uees.edu.ec\/medicina-uees-se-destaca-en-xii-congreso-internacional\/"]}]},{"@type":"ImageObject","inLanguage":"en-US","@id":"https:\/\/uees.edu.ec\/medicina-uees-se-destaca-en-xii-congreso-internacional\/#primaryimage","url":"https:\/\/uees.edu.ec\/wp-content\/uploads\/2021\/04\/medicina-uees-congreso.jpeg","contentUrl":"https:\/\/uees.edu.ec\/wp-content\/uploads\/2021\/04\/medicina-uees-congreso.jpeg","width":500,"height":500},{"@type":"BreadcrumbList","@id":"https:\/\/uees.edu.ec\/medicina-uees-se-destaca-en-xii-congreso-internacional\/#breadcrumb","itemListElement":[{"@type":"ListItem","position":1,"name":"Home","item":"https:\/\/uees.edu.ec\/"},{"@type":"ListItem","position":2,"name":"Medicina UEES se destaca en XII Congreso Internacional"}]},{"@type":"WebSite","@id":"https:\/\/uees.edu.ec\/#website","url":"https:\/\/uees.edu.ec\/","name":"Espiritu Santo University - UEES","description":"In constant innovation","publisher":{"@id":"https:\/\/uees.edu.ec\/#organization"},"alternateName":"Universidad Esp\u00edritu Santo - UEES","potentialAction":[{"@type":"SearchAction","target":{"@type":"EntryPoint","urlTemplate":"https:\/\/uees.edu.ec\/?s={search_term_string}"},"query-input":{"@type":"PropertyValueSpecification","valueRequired":true,"valueName":"search_term_string"}}],"inLanguage":"en-US"},{"@type":"Organization","@id":"https:\/\/uees.edu.ec\/#organization","name":"Espiritu Santo University - UEES","alternateName":"La mejor universidad en Ecuador","url":"https:\/\/uees.edu.ec\/","logo":{"@type":"ImageObject","inLanguage":"en-US","@id":"https:\/\/uees.edu.ec\/#\/schema\/logo\/image\/","url":"https:\/\/uees.edu.ec\/wp-content\/uploads\/2021\/03\/Logo-UEES.png","contentUrl":"https:\/\/uees.edu.ec\/wp-content\/uploads\/2021\/03\/Logo-UEES.png","width":221,"height":86,"caption":"Universidad Esp\u00edritu Santo - UEES"},"image":{"@id":"https:\/\/uees.edu.ec\/#\/schema\/logo\/image\/"},"sameAs":["https:\/\/www.facebook.com\/universidadespiritusanto","https:\/\/x.com\/uees_ec","https:\/\/www.instagram.com\/uees_ec\/","https:\/\/www.linkedin.com\/school\/esp-ritu-santo","https:\/\/www.youtube.com\/user\/UEES2009","https:\/\/es.wikipedia.org\/wiki\/Universidad_de_Especialidades_Esp\u00edritu_Santo"]},{"@type":"Person","@id":"https:\/\/uees.edu.ec\/#\/schema\/person\/802805a6361e518eb22dacc36e293d60","name":"UEES","image":{"@type":"ImageObject","inLanguage":"en-US","@id":"https:\/\/secure.gravatar.com\/avatar\/2b6bae9237234c9a41c6536dcd21b7b2ef4c7043495f02e99b367ab0c06b7f98?s=96&d=mm&r=g","url":"https:\/\/secure.gravatar.com\/avatar\/2b6bae9237234c9a41c6536dcd21b7b2ef4c7043495f02e99b367ab0c06b7f98?s=96&d=mm&r=g","contentUrl":"https:\/\/secure.gravatar.com\/avatar\/2b6bae9237234c9a41c6536dcd21b7b2ef4c7043495f02e99b367ab0c06b7f98?s=96&d=mm&r=g","caption":"UEES"},"sameAs":["https:\/\/www.uees.edu.ec"],"url":"https:\/\/uees.edu.ec\/en\/author\/admin\/"}]}},"_links":{"self":[{"href":"https:\/\/uees.edu.ec\/en\/wp-json\/wp\/v2\/posts\/7749","targetHints":{"allow":["GET"]}}],"collection":[{"href":"https:\/\/uees.edu.ec\/en\/wp-json\/wp\/v2\/posts"}],"about":[{"href":"https:\/\/uees.edu.ec\/en\/wp-json\/wp\/v2\/types\/post"}],"author":[{"embeddable":true,"href":"https:\/\/uees.edu.ec\/en\/wp-json\/wp\/v2\/users\/1"}],"replies":[{"embeddable":true,"href":"https:\/\/uees.edu.ec\/en\/wp-json\/wp\/v2\/comments?post=7749"}],"version-history":[{"count":1,"href":"https:\/\/uees.edu.ec\/en\/wp-json\/wp\/v2\/posts\/7749\/revisions"}],"predecessor-version":[{"id":7751,"href":"https:\/\/uees.edu.ec\/en\/wp-json\/wp\/v2\/posts\/7749\/revisions\/7751"}],"wp:featuredmedia":[{"embeddable":true,"href":"https:\/\/uees.edu.ec\/en\/wp-json\/wp\/v2\/media\/7750"}],"wp:attachment":[{"href":"https:\/\/uees.edu.ec\/en\/wp-json\/wp\/v2\/media?parent=7749"}],"wp:term":[{"taxonomy":"category","embeddable":true,"href":"https:\/\/uees.edu.ec\/en\/wp-json\/wp\/v2\/categories?post=7749"},{"taxonomy":"post_tag","embeddable":true,"href":"https:\/\/uees.edu.ec\/en\/wp-json\/wp\/v2\/tags?post=7749"}],"curies":[{"name":"wp","href":"https:\/\/api.w.org\/{rel}","templated":true}]}}