{"id":7523,"date":"2016-12-12T14:25:00","date_gmt":"2016-12-12T19:25:00","guid":{"rendered":"https:\/\/www.uees.edu.ec\/?p=7523"},"modified":"2021-04-24T14:26:15","modified_gmt":"2021-04-24T19:26:15","slug":"facultad-de-turismo-impulsa-el-desarrollo-de-la-isla-santay","status":"publish","type":"post","link":"https:\/\/uees.edu.ec\/en\/facultad-de-turismo-impulsa-el-desarrollo-de-la-isla-santay\/","title":{"rendered":"School of Tourism promotes the development of Santay Island"},"content":{"rendered":"<p class=\"wp-block-paragraph\">The School of Tourism and Hotel Management and the Ministries of Tourism (MINTUR) and Environment (MAE) together with the Department of Social Outreach of UEES implemented the project \u201cSupport for Capacity Building in the Santay Island Community\u201d.<\/p>\n\n\n\n<p class=\"wp-block-paragraph\">Esta iniciativa fue dirigida al diagn\u00f3stico y mejora de la propuesta tur\u00edstica de la Isla; as\u00ed como el incremento de la disponibilidad de informaci\u00f3n veraz sobre la comunidad y sus visitantes, en aspectos tales como imagen y satisfacci\u00f3n.<\/p>\n\n\n\n<p class=\"wp-block-paragraph\">El proyecto permiti\u00f3 la interacci\u00f3n de los estudiantes UEES con la comuna de la Isla Santay, quienes recibieron una capacitaci\u00f3n profunda sobre servicio al cliente, gastronom\u00eda y el cuidado y preservaci\u00f3n de las especies bot\u00e1nicas del lugar.<\/p>\n\n\n\n<p class=\"wp-block-paragraph\">Esta acci\u00f3n universitaria permite desarrollar las capacidades de toda la comunidad de la Isla Santay\u00bb expres\u00f3 Jos\u00e9 Forteza, Profesor de la Facultad de Turismo y Hoteler\u00eda, respecto al objetivo del proyecto.<\/p>\n\n\n\n<p class=\"wp-block-paragraph\">Como resultado de la gesti\u00f3n, se present\u00f3 un nuevo Men\u00fa para el restaurante \u201cIsla Santay\u201d con platos como Seco de pollo y chivo, Caldo de bola, Hamburguesa vegetariana, entre otros.<\/p>\n\n\n\n<p class=\"wp-block-paragraph\">Adicionalmente, se colocaron 12 se\u00f1al\u00e9ticas en diversos puntos del camino, con informaci\u00f3n sobre las especies bot\u00e1nicas de la Isla.<\/p>\n\n\n\n<p class=\"wp-block-paragraph\">La inauguraci\u00f3n oficial de la se\u00f1al\u00e9tica y degustaci\u00f3n del nuevo men\u00fa se realiz\u00f3 el viernes 9 de Diciembre, con autoridades de las instituciones involucradas, quienes resaltaron la labor de los estudiantes con la comunidad.<\/p>\n\n\n\n<p class=\"wp-block-paragraph\">La Ing. Teresa Ortega, Directora del Dpto. de Vinculaci\u00f3n con la Sociedad, agradeci\u00f3 a los miembros de la comunidad por su apertura a la iniciativa. \u00abLa UEES agradece a la comunidad de Isla Santay por apoyarnos en este maravilloso proyecto\u00bb coment\u00f3.<\/p>\n\n\n\n<p class=\"wp-block-paragraph\">La iniciativa, aprobada por el Ministerio de Ambiente, tuvo un largo y duro proceso dentro de la zona protegida. \u00abAgradecemos el trabajo de la UEES en el impulso al desarrollo sostenible de Santay\u00bb afirm\u00f3 la Ing. Lizet Rend\u00f3n, Gerente del Proyecto de recuperaci\u00f3n de las \u00e1reas protegidas de la ciudad de Guayaquil: Estero Salado e Isla Santay (PRESIS) del Ministerio del Ambiente (MAE).<\/p>","protected":false},"excerpt":{"rendered":"<p>The School of Tourism and Hotel Management and the Ministries of Tourism (MINTUR) and Environment (MAE) together with the Department of Social Outreach of UEES implemented the project \u201cSupport for Capacity Building in the Santay Island Community\u201d.<\/p>","protected":false},"author":1,"featured_media":7524,"comment_status":"open","ping_status":"open","sticky":false,"template":"","format":"standard","meta":{"_acf_changed":false,"footnotes":""},"categories":[75],"tags":[301,117],"class_list":["post-7523","post","type-post","status-publish","format-standard","has-post-thumbnail","hentry","category-noticias","tag-santay","tag-turismo"],"acf":[],"yoast_head":"<!-- This site is optimized with the Yoast SEO Premium plugin v27.4 (Yoast SEO v27.4) - https:\/\/yoast.com\/product\/yoast-seo-premium-wordpress\/ -->\n<title>Facultad de Turismo impulsa el desarrollo de la Isla Santay - UEES - Universidad Esp\u00edritu Santo<\/title>\n<meta name=\"robots\" content=\"index, follow, max-snippet:-1, max-image-preview:large, max-video-preview:-1\" \/>\n<link rel=\"canonical\" href=\"https:\/\/uees.edu.ec\/en\/facultad-de-turismo-impulsa-el-desarrollo-de-la-isla-santay\/\" \/>\n<meta property=\"og:locale\" content=\"en_US\" \/>\n<meta property=\"og:type\" content=\"article\" \/>\n<meta property=\"og:title\" content=\"Facultad de Turismo impulsa el desarrollo de la Isla Santay\" \/>\n<meta property=\"og:description\" content=\"La Facultad de Turismo y Hoteler\u00eda y los Ministerios de Turismo (MINTUR) y Ambiente (MAE) junto al Dpto. de Vinculaci\u00f3n con la Sociedad de la UEES implementaron el proyecto \u201cApoyo al Desarrollo de Capacidades en la Comunidad de Isla Santay\u201d.\" \/>\n<meta property=\"og:url\" content=\"https:\/\/uees.edu.ec\/en\/facultad-de-turismo-impulsa-el-desarrollo-de-la-isla-santay\/\" \/>\n<meta property=\"og:site_name\" content=\"UEES - Universidad Esp\u00edritu Santo\" \/>\n<meta property=\"article:publisher\" content=\"https:\/\/www.facebook.com\/universidadespiritusanto\" \/>\n<meta property=\"article:published_time\" content=\"2016-12-12T19:25:00+00:00\" \/>\n<meta property=\"article:modified_time\" content=\"2021-04-24T19:26:15+00:00\" \/>\n<meta property=\"og:image\" content=\"https:\/\/uees.edu.ec\/wp-content\/uploads\/2021\/04\/facultad-de-turismo.jpeg\" \/>\n\t<meta property=\"og:image:width\" content=\"500\" \/>\n\t<meta property=\"og:image:height\" content=\"500\" \/>\n\t<meta property=\"og:image:type\" content=\"image\/jpeg\" \/>\n<meta name=\"author\" content=\"UEES\" \/>\n<meta name=\"twitter:card\" content=\"summary_large_image\" \/>\n<meta name=\"twitter:creator\" content=\"@uees_ec\" \/>\n<meta name=\"twitter:site\" content=\"@uees_ec\" \/>\n<meta name=\"twitter:label1\" content=\"Written by\" \/>\n\t<meta name=\"twitter:data1\" content=\"UEES\" \/>\n\t<meta name=\"twitter:label2\" content=\"Est. reading time\" \/>\n\t<meta name=\"twitter:data2\" content=\"2 minutes\" \/>\n<script type=\"application\/ld+json\" class=\"yoast-schema-graph\">{\"@context\":\"https:\\\/\\\/schema.org\",\"@graph\":[{\"@type\":[\"Article\",\"BlogPosting\"],\"@id\":\"https:\\\/\\\/uees.edu.ec\\\/facultad-de-turismo-impulsa-el-desarrollo-de-la-isla-santay\\\/#article\",\"isPartOf\":{\"@id\":\"https:\\\/\\\/uees.edu.ec\\\/facultad-de-turismo-impulsa-el-desarrollo-de-la-isla-santay\\\/\"},\"author\":{\"name\":\"UEES\",\"@id\":\"https:\\\/\\\/uees.edu.ec\\\/#\\\/schema\\\/person\\\/802805a6361e518eb22dacc36e293d60\"},\"headline\":\"Facultad de Turismo impulsa el desarrollo de la Isla Santay\",\"datePublished\":\"2016-12-12T19:25:00+00:00\",\"dateModified\":\"2021-04-24T19:26:15+00:00\",\"mainEntityOfPage\":{\"@id\":\"https:\\\/\\\/uees.edu.ec\\\/facultad-de-turismo-impulsa-el-desarrollo-de-la-isla-santay\\\/\"},\"wordCount\":366,\"commentCount\":0,\"publisher\":{\"@id\":\"https:\\\/\\\/uees.edu.ec\\\/#organization\"},\"image\":{\"@id\":\"https:\\\/\\\/uees.edu.ec\\\/facultad-de-turismo-impulsa-el-desarrollo-de-la-isla-santay\\\/#primaryimage\"},\"thumbnailUrl\":\"https:\\\/\\\/uees.edu.ec\\\/wp-content\\\/uploads\\\/2021\\\/04\\\/facultad-de-turismo.jpeg\",\"keywords\":[\"Santay\",\"Turismo\"],\"articleSection\":[\"Noticias\"],\"inLanguage\":\"en-US\",\"potentialAction\":[{\"@type\":\"CommentAction\",\"name\":\"Comment\",\"target\":[\"https:\\\/\\\/uees.edu.ec\\\/facultad-de-turismo-impulsa-el-desarrollo-de-la-isla-santay\\\/#respond\"]}]},{\"@type\":\"WebPage\",\"@id\":\"https:\\\/\\\/uees.edu.ec\\\/facultad-de-turismo-impulsa-el-desarrollo-de-la-isla-santay\\\/\",\"url\":\"https:\\\/\\\/uees.edu.ec\\\/facultad-de-turismo-impulsa-el-desarrollo-de-la-isla-santay\\\/\",\"name\":\"Facultad de Turismo impulsa el desarrollo de la Isla Santay - UEES - Universidad Esp\u00edritu Santo\",\"isPartOf\":{\"@id\":\"https:\\\/\\\/uees.edu.ec\\\/#website\"},\"primaryImageOfPage\":{\"@id\":\"https:\\\/\\\/uees.edu.ec\\\/facultad-de-turismo-impulsa-el-desarrollo-de-la-isla-santay\\\/#primaryimage\"},\"image\":{\"@id\":\"https:\\\/\\\/uees.edu.ec\\\/facultad-de-turismo-impulsa-el-desarrollo-de-la-isla-santay\\\/#primaryimage\"},\"thumbnailUrl\":\"https:\\\/\\\/uees.edu.ec\\\/wp-content\\\/uploads\\\/2021\\\/04\\\/facultad-de-turismo.jpeg\",\"datePublished\":\"2016-12-12T19:25:00+00:00\",\"dateModified\":\"2021-04-24T19:26:15+00:00\",\"breadcrumb\":{\"@id\":\"https:\\\/\\\/uees.edu.ec\\\/facultad-de-turismo-impulsa-el-desarrollo-de-la-isla-santay\\\/#breadcrumb\"},\"inLanguage\":\"en-US\",\"potentialAction\":[{\"@type\":\"ReadAction\",\"target\":[\"https:\\\/\\\/uees.edu.ec\\\/facultad-de-turismo-impulsa-el-desarrollo-de-la-isla-santay\\\/\"]}]},{\"@type\":\"ImageObject\",\"inLanguage\":\"en-US\",\"@id\":\"https:\\\/\\\/uees.edu.ec\\\/facultad-de-turismo-impulsa-el-desarrollo-de-la-isla-santay\\\/#primaryimage\",\"url\":\"https:\\\/\\\/uees.edu.ec\\\/wp-content\\\/uploads\\\/2021\\\/04\\\/facultad-de-turismo.jpeg\",\"contentUrl\":\"https:\\\/\\\/uees.edu.ec\\\/wp-content\\\/uploads\\\/2021\\\/04\\\/facultad-de-turismo.jpeg\",\"width\":500,\"height\":500},{\"@type\":\"BreadcrumbList\",\"@id\":\"https:\\\/\\\/uees.edu.ec\\\/facultad-de-turismo-impulsa-el-desarrollo-de-la-isla-santay\\\/#breadcrumb\",\"itemListElement\":[{\"@type\":\"ListItem\",\"position\":1,\"name\":\"Home\",\"item\":\"https:\\\/\\\/uees.edu.ec\\\/\"},{\"@type\":\"ListItem\",\"position\":2,\"name\":\"Facultad de Turismo impulsa el desarrollo de la Isla Santay\"}]},{\"@type\":\"WebSite\",\"@id\":\"https:\\\/\\\/uees.edu.ec\\\/#website\",\"url\":\"https:\\\/\\\/uees.edu.ec\\\/\",\"name\":\"Universidad Esp\u00edritu Santo - UEES\",\"description\":\"En constante innovaci\u00f3n\",\"publisher\":{\"@id\":\"https:\\\/\\\/uees.edu.ec\\\/#organization\"},\"alternateName\":\"Universidad Esp\u00edritu Santo - UEES\",\"potentialAction\":[{\"@type\":\"SearchAction\",\"target\":{\"@type\":\"EntryPoint\",\"urlTemplate\":\"https:\\\/\\\/uees.edu.ec\\\/?s={search_term_string}\"},\"query-input\":{\"@type\":\"PropertyValueSpecification\",\"valueRequired\":true,\"valueName\":\"search_term_string\"}}],\"inLanguage\":\"en-US\"},{\"@type\":\"Organization\",\"@id\":\"https:\\\/\\\/uees.edu.ec\\\/#organization\",\"name\":\"Universidad Esp\u00edritu Santo - UEES\",\"alternateName\":\"La mejor universidad en Ecuador\",\"url\":\"https:\\\/\\\/uees.edu.ec\\\/\",\"logo\":{\"@type\":\"ImageObject\",\"inLanguage\":\"en-US\",\"@id\":\"https:\\\/\\\/uees.edu.ec\\\/#\\\/schema\\\/logo\\\/image\\\/\",\"url\":\"https:\\\/\\\/uees.edu.ec\\\/wp-content\\\/uploads\\\/2021\\\/03\\\/Logo-UEES.png\",\"contentUrl\":\"https:\\\/\\\/uees.edu.ec\\\/wp-content\\\/uploads\\\/2021\\\/03\\\/Logo-UEES.png\",\"width\":221,\"height\":86,\"caption\":\"Universidad Esp\u00edritu Santo - UEES\"},\"image\":{\"@id\":\"https:\\\/\\\/uees.edu.ec\\\/#\\\/schema\\\/logo\\\/image\\\/\"},\"sameAs\":[\"https:\\\/\\\/www.facebook.com\\\/universidadespiritusanto\",\"https:\\\/\\\/x.com\\\/uees_ec\",\"https:\\\/\\\/www.instagram.com\\\/uees_ec\\\/\",\"https:\\\/\\\/www.linkedin.com\\\/school\\\/esp-ritu-santo\",\"https:\\\/\\\/www.youtube.com\\\/user\\\/UEES2009\",\"https:\\\/\\\/es.wikipedia.org\\\/wiki\\\/Universidad_de_Especialidades_Esp\u00edritu_Santo\"]},{\"@type\":\"Person\",\"@id\":\"https:\\\/\\\/uees.edu.ec\\\/#\\\/schema\\\/person\\\/802805a6361e518eb22dacc36e293d60\",\"name\":\"UEES\",\"image\":{\"@type\":\"ImageObject\",\"inLanguage\":\"en-US\",\"@id\":\"https:\\\/\\\/secure.gravatar.com\\\/avatar\\\/2b6bae9237234c9a41c6536dcd21b7b2ef4c7043495f02e99b367ab0c06b7f98?s=96&d=mm&r=g\",\"url\":\"https:\\\/\\\/secure.gravatar.com\\\/avatar\\\/2b6bae9237234c9a41c6536dcd21b7b2ef4c7043495f02e99b367ab0c06b7f98?s=96&d=mm&r=g\",\"contentUrl\":\"https:\\\/\\\/secure.gravatar.com\\\/avatar\\\/2b6bae9237234c9a41c6536dcd21b7b2ef4c7043495f02e99b367ab0c06b7f98?s=96&d=mm&r=g\",\"caption\":\"UEES\"},\"sameAs\":[\"https:\\\/\\\/www.uees.edu.ec\"],\"url\":\"https:\\\/\\\/uees.edu.ec\\\/en\\\/author\\\/admin\\\/\"}]}<\/script>\n<!-- \/ Yoast SEO Premium plugin. -->","yoast_head_json":{"title":"Facultad de Turismo impulsa el desarrollo de la Isla Santay - UEES - Universidad Esp\u00edritu Santo","robots":{"index":"index","follow":"follow","max-snippet":"max-snippet:-1","max-image-preview":"max-image-preview:large","max-video-preview":"max-video-preview:-1"},"canonical":"https:\/\/uees.edu.ec\/en\/facultad-de-turismo-impulsa-el-desarrollo-de-la-isla-santay\/","og_locale":"en_US","og_type":"article","og_title":"Facultad de Turismo impulsa el desarrollo de la Isla Santay","og_description":"La Facultad de Turismo y Hoteler\u00eda y los Ministerios de Turismo (MINTUR) y Ambiente (MAE) junto al Dpto. de Vinculaci\u00f3n con la Sociedad de la UEES implementaron el proyecto \u201cApoyo al Desarrollo de Capacidades en la Comunidad de Isla Santay\u201d.","og_url":"https:\/\/uees.edu.ec\/en\/facultad-de-turismo-impulsa-el-desarrollo-de-la-isla-santay\/","og_site_name":"UEES - Universidad Esp\u00edritu Santo","article_publisher":"https:\/\/www.facebook.com\/universidadespiritusanto","article_published_time":"2016-12-12T19:25:00+00:00","article_modified_time":"2021-04-24T19:26:15+00:00","og_image":[{"width":500,"height":500,"url":"https:\/\/uees.edu.ec\/wp-content\/uploads\/2021\/04\/facultad-de-turismo.jpeg","type":"image\/jpeg"}],"author":"UEES","twitter_card":"summary_large_image","twitter_creator":"@uees_ec","twitter_site":"@uees_ec","twitter_misc":{"Written by":"UEES","Est. reading time":"2 minutes"},"schema":{"@context":"https:\/\/schema.org","@graph":[{"@type":["Article","BlogPosting"],"@id":"https:\/\/uees.edu.ec\/facultad-de-turismo-impulsa-el-desarrollo-de-la-isla-santay\/#article","isPartOf":{"@id":"https:\/\/uees.edu.ec\/facultad-de-turismo-impulsa-el-desarrollo-de-la-isla-santay\/"},"author":{"name":"UEES","@id":"https:\/\/uees.edu.ec\/#\/schema\/person\/802805a6361e518eb22dacc36e293d60"},"headline":"Facultad de Turismo impulsa el desarrollo de la Isla Santay","datePublished":"2016-12-12T19:25:00+00:00","dateModified":"2021-04-24T19:26:15+00:00","mainEntityOfPage":{"@id":"https:\/\/uees.edu.ec\/facultad-de-turismo-impulsa-el-desarrollo-de-la-isla-santay\/"},"wordCount":366,"commentCount":0,"publisher":{"@id":"https:\/\/uees.edu.ec\/#organization"},"image":{"@id":"https:\/\/uees.edu.ec\/facultad-de-turismo-impulsa-el-desarrollo-de-la-isla-santay\/#primaryimage"},"thumbnailUrl":"https:\/\/uees.edu.ec\/wp-content\/uploads\/2021\/04\/facultad-de-turismo.jpeg","keywords":["Santay","Turismo"],"articleSection":["Noticias"],"inLanguage":"en-US","potentialAction":[{"@type":"CommentAction","name":"Comment","target":["https:\/\/uees.edu.ec\/facultad-de-turismo-impulsa-el-desarrollo-de-la-isla-santay\/#respond"]}]},{"@type":"WebPage","@id":"https:\/\/uees.edu.ec\/facultad-de-turismo-impulsa-el-desarrollo-de-la-isla-santay\/","url":"https:\/\/uees.edu.ec\/facultad-de-turismo-impulsa-el-desarrollo-de-la-isla-santay\/","name":"Facultad de Turismo impulsa el desarrollo de la Isla Santay - UEES - Universidad Esp\u00edritu Santo","isPartOf":{"@id":"https:\/\/uees.edu.ec\/#website"},"primaryImageOfPage":{"@id":"https:\/\/uees.edu.ec\/facultad-de-turismo-impulsa-el-desarrollo-de-la-isla-santay\/#primaryimage"},"image":{"@id":"https:\/\/uees.edu.ec\/facultad-de-turismo-impulsa-el-desarrollo-de-la-isla-santay\/#primaryimage"},"thumbnailUrl":"https:\/\/uees.edu.ec\/wp-content\/uploads\/2021\/04\/facultad-de-turismo.jpeg","datePublished":"2016-12-12T19:25:00+00:00","dateModified":"2021-04-24T19:26:15+00:00","breadcrumb":{"@id":"https:\/\/uees.edu.ec\/facultad-de-turismo-impulsa-el-desarrollo-de-la-isla-santay\/#breadcrumb"},"inLanguage":"en-US","potentialAction":[{"@type":"ReadAction","target":["https:\/\/uees.edu.ec\/facultad-de-turismo-impulsa-el-desarrollo-de-la-isla-santay\/"]}]},{"@type":"ImageObject","inLanguage":"en-US","@id":"https:\/\/uees.edu.ec\/facultad-de-turismo-impulsa-el-desarrollo-de-la-isla-santay\/#primaryimage","url":"https:\/\/uees.edu.ec\/wp-content\/uploads\/2021\/04\/facultad-de-turismo.jpeg","contentUrl":"https:\/\/uees.edu.ec\/wp-content\/uploads\/2021\/04\/facultad-de-turismo.jpeg","width":500,"height":500},{"@type":"BreadcrumbList","@id":"https:\/\/uees.edu.ec\/facultad-de-turismo-impulsa-el-desarrollo-de-la-isla-santay\/#breadcrumb","itemListElement":[{"@type":"ListItem","position":1,"name":"Home","item":"https:\/\/uees.edu.ec\/"},{"@type":"ListItem","position":2,"name":"Facultad de Turismo impulsa el desarrollo de la Isla Santay"}]},{"@type":"WebSite","@id":"https:\/\/uees.edu.ec\/#website","url":"https:\/\/uees.edu.ec\/","name":"Espiritu Santo University - UEES","description":"In constant innovation","publisher":{"@id":"https:\/\/uees.edu.ec\/#organization"},"alternateName":"Universidad Esp\u00edritu Santo - UEES","potentialAction":[{"@type":"SearchAction","target":{"@type":"EntryPoint","urlTemplate":"https:\/\/uees.edu.ec\/?s={search_term_string}"},"query-input":{"@type":"PropertyValueSpecification","valueRequired":true,"valueName":"search_term_string"}}],"inLanguage":"en-US"},{"@type":"Organization","@id":"https:\/\/uees.edu.ec\/#organization","name":"Espiritu Santo University - UEES","alternateName":"La mejor universidad en Ecuador","url":"https:\/\/uees.edu.ec\/","logo":{"@type":"ImageObject","inLanguage":"en-US","@id":"https:\/\/uees.edu.ec\/#\/schema\/logo\/image\/","url":"https:\/\/uees.edu.ec\/wp-content\/uploads\/2021\/03\/Logo-UEES.png","contentUrl":"https:\/\/uees.edu.ec\/wp-content\/uploads\/2021\/03\/Logo-UEES.png","width":221,"height":86,"caption":"Universidad Esp\u00edritu Santo - UEES"},"image":{"@id":"https:\/\/uees.edu.ec\/#\/schema\/logo\/image\/"},"sameAs":["https:\/\/www.facebook.com\/universidadespiritusanto","https:\/\/x.com\/uees_ec","https:\/\/www.instagram.com\/uees_ec\/","https:\/\/www.linkedin.com\/school\/esp-ritu-santo","https:\/\/www.youtube.com\/user\/UEES2009","https:\/\/es.wikipedia.org\/wiki\/Universidad_de_Especialidades_Esp\u00edritu_Santo"]},{"@type":"Person","@id":"https:\/\/uees.edu.ec\/#\/schema\/person\/802805a6361e518eb22dacc36e293d60","name":"UEES","image":{"@type":"ImageObject","inLanguage":"en-US","@id":"https:\/\/secure.gravatar.com\/avatar\/2b6bae9237234c9a41c6536dcd21b7b2ef4c7043495f02e99b367ab0c06b7f98?s=96&d=mm&r=g","url":"https:\/\/secure.gravatar.com\/avatar\/2b6bae9237234c9a41c6536dcd21b7b2ef4c7043495f02e99b367ab0c06b7f98?s=96&d=mm&r=g","contentUrl":"https:\/\/secure.gravatar.com\/avatar\/2b6bae9237234c9a41c6536dcd21b7b2ef4c7043495f02e99b367ab0c06b7f98?s=96&d=mm&r=g","caption":"UEES"},"sameAs":["https:\/\/www.uees.edu.ec"],"url":"https:\/\/uees.edu.ec\/en\/author\/admin\/"}]}},"_links":{"self":[{"href":"https:\/\/uees.edu.ec\/en\/wp-json\/wp\/v2\/posts\/7523","targetHints":{"allow":["GET"]}}],"collection":[{"href":"https:\/\/uees.edu.ec\/en\/wp-json\/wp\/v2\/posts"}],"about":[{"href":"https:\/\/uees.edu.ec\/en\/wp-json\/wp\/v2\/types\/post"}],"author":[{"embeddable":true,"href":"https:\/\/uees.edu.ec\/en\/wp-json\/wp\/v2\/users\/1"}],"replies":[{"embeddable":true,"href":"https:\/\/uees.edu.ec\/en\/wp-json\/wp\/v2\/comments?post=7523"}],"version-history":[{"count":1,"href":"https:\/\/uees.edu.ec\/en\/wp-json\/wp\/v2\/posts\/7523\/revisions"}],"predecessor-version":[{"id":7525,"href":"https:\/\/uees.edu.ec\/en\/wp-json\/wp\/v2\/posts\/7523\/revisions\/7525"}],"wp:featuredmedia":[{"embeddable":true,"href":"https:\/\/uees.edu.ec\/en\/wp-json\/wp\/v2\/media\/7524"}],"wp:attachment":[{"href":"https:\/\/uees.edu.ec\/en\/wp-json\/wp\/v2\/media?parent=7523"}],"wp:term":[{"taxonomy":"category","embeddable":true,"href":"https:\/\/uees.edu.ec\/en\/wp-json\/wp\/v2\/categories?post=7523"},{"taxonomy":"post_tag","embeddable":true,"href":"https:\/\/uees.edu.ec\/en\/wp-json\/wp\/v2\/tags?post=7523"}],"curies":[{"name":"wp","href":"https:\/\/api.w.org\/{rel}","templated":true}]}}