{"id":7096,"date":"2019-05-16T16:18:00","date_gmt":"2019-05-16T21:18:00","guid":{"rendered":"https:\/\/www.uees.edu.ec\/?p=7096"},"modified":"2021-04-14T21:23:24","modified_gmt":"2021-04-15T02:23:24","slug":"uees-e-inmobiliar-firmaran-convenio-para-potenciar-parque-historico-guayaquil","status":"publish","type":"post","link":"https:\/\/uees.edu.ec\/en\/uees-e-inmobiliar-firmaran-convenio-para-potenciar-parque-historico-guayaquil\/","title":{"rendered":"UEES and Inmobiliar sign agreement to promote Parque Hist\u00f3rico Guayaquil"},"content":{"rendered":"<p class=\"wp-block-paragraph\">El jueves 16 de Abril se realiz\u00f3 una reuni\u00f3n entre el\u00a0<a href=\"https:\/\/uees.edu.ec\/en\/directivos\/carlos-ortega.php\/\">Dr. Carlos Ortega Maldonado<\/a>, canciller de la Universidad Esp\u00edritu Santo (UEES) y el director general del Servicio de Gesti\u00f3n Inmobiliaria del Sector P\u00fablico, Dr. Nicol\u00e1s Issa Wagner, con el objetivo de dialogar sobre un futuro convenio, que aporte en la potenciaci\u00f3n de las distintas \u00e1reas de\u00a0<a rel=\"noreferrer noopener\" href=\"https:\/\/www.guayaquilesmidestino.com\/es\/naturaleza\/afuera-de-guayaquil\/parque-historico\" target=\"_blank\">Parque Hist\u00f3rico Guayaquil<\/a>.<\/p>\n\n\n\n<blockquote class=\"instagram-media\" data-instgrm-captioned data-instgrm-permalink=\"https:\/\/www.instagram.com\/p\/BxiiPf_Fai4\/?utm_source=ig_embed&amp;utm_campaign=loading\" data-instgrm-version=\"13\" style=\" background:#FFF; border:0; border-radius:3px; box-shadow:0 0 1px 0 rgba(0,0,0,0.5),0 1px 10px 0 rgba(0,0,0,0.15); margin: 1px; max-width:540px; min-width:326px; padding:0; width:99.375%; width:-webkit-calc(100% - 2px); width:calc(100% - 2px);\"><div style=\"padding:16px;\"> <a href=\"https:\/\/www.instagram.com\/p\/BxiiPf_Fai4\/?utm_source=ig_embed&amp;utm_campaign=loading\" style=\" background:#FFFFFF; line-height:0; padding:0 0; text-align:center; text-decoration:none; width:100%;\" target=\"_blank\" rel=\"noopener\"> <div style=\" display: flex; flex-direction: row; align-items: center;\"> <div style=\"background-color: #F4F4F4; border-radius: 50%; flex-grow: 0; height: 40px; margin-right: 14px; width: 40px;\"><\/div> <div style=\"display: flex; flex-direction: column; flex-grow: 1; justify-content: center;\"> <div style=\" background-color: #F4F4F4; border-radius: 4px; flex-grow: 0; height: 14px; margin-bottom: 6px; width: 100px;\"><\/div> <div style=\" background-color: #F4F4F4; border-radius: 4px; flex-grow: 0; height: 14px; width: 60px;\"><\/div><\/div><\/div><div style=\"padding: 19% 0;\"><\/div> <div style=\"display:block; height:50px; margin:0 auto 12px; width:50px;\"><svg width=\"50px\" height=\"50px\" viewbox=\"0 0 60 60\" version=\"1.1\" xmlns=\"https:\/\/www.w3.org\/2000\/svg\" xmlns:xlink=\"https:\/\/www.w3.org\/1999\/xlink\"><g stroke=\"none\" stroke-width=\"1\" fill=\"none\" fill-rule=\"evenodd\"><g transform=\"translate(-511.000000, -20.000000)\" fill=\"#000000\"><g><path d=\"M556.869,30.41 C554.814,30.41 553.148,32.076 553.148,34.131 C553.148,36.186 554.814,37.852 556.869,37.852 C558.924,37.852 560.59,36.186 560.59,34.131 C560.59,32.076 558.924,30.41 556.869,30.41 M541,60.657 C535.114,60.657 530.342,55.887 530.342,50 C530.342,44.114 535.114,39.342 541,39.342 C546.887,39.342 551.658,44.114 551.658,50 C551.658,55.887 546.887,60.657 541,60.657 M541,33.886 C532.1,33.886 524.886,41.1 524.886,50 C524.886,58.899 532.1,66.113 541,66.113 C549.9,66.113 557.115,58.899 557.115,50 C557.115,41.1 549.9,33.886 541,33.886 M565.378,62.101 C565.244,65.022 564.756,66.606 564.346,67.663 C563.803,69.06 563.154,70.057 562.106,71.106 C561.058,72.155 560.06,72.803 558.662,73.347 C557.607,73.757 556.021,74.244 553.102,74.378 C549.944,74.521 548.997,74.552 541,74.552 C533.003,74.552 532.056,74.521 528.898,74.378 C525.979,74.244 524.393,73.757 523.338,73.347 C521.94,72.803 520.942,72.155 519.894,71.106 C518.846,70.057 518.197,69.06 517.654,67.663 C517.244,66.606 516.755,65.022 516.623,62.101 C516.479,58.943 516.448,57.996 516.448,50 C516.448,42.003 516.479,41.056 516.623,37.899 C516.755,34.978 517.244,33.391 517.654,32.338 C518.197,30.938 518.846,29.942 519.894,28.894 C520.942,27.846 521.94,27.196 523.338,26.654 C524.393,26.244 525.979,25.756 528.898,25.623 C532.057,25.479 533.004,25.448 541,25.448 C548.997,25.448 549.943,25.479 553.102,25.623 C556.021,25.756 557.607,26.244 558.662,26.654 C560.06,27.196 561.058,27.846 562.106,28.894 C563.154,29.942 563.803,30.938 564.346,32.338 C564.756,33.391 565.244,34.978 565.378,37.899 C565.522,41.056 565.552,42.003 565.552,50 C565.552,57.996 565.522,58.943 565.378,62.101 M570.82,37.631 C570.674,34.438 570.167,32.258 569.425,30.349 C568.659,28.377 567.633,26.702 565.965,25.035 C564.297,23.368 562.623,22.342 560.652,21.575 C558.743,20.834 556.562,20.326 553.369,20.18 C550.169,20.033 549.148,20 541,20 C532.853,20 531.831,20.033 528.631,20.18 C525.438,20.326 523.257,20.834 521.349,21.575 C519.376,22.342 517.703,23.368 516.035,25.035 C514.368,26.702 513.342,28.377 512.574,30.349 C511.834,32.258 511.326,34.438 511.181,37.631 C511.035,40.831 511,41.851 511,50 C511,58.147 511.035,59.17 511.181,62.369 C511.326,65.562 511.834,67.743 512.574,69.651 C513.342,71.625 514.368,73.296 516.035,74.965 C517.703,76.634 519.376,77.658 521.349,78.425 C523.257,79.167 525.438,79.673 528.631,79.82 C531.831,79.965 532.853,80.001 541,80.001 C549.148,80.001 550.169,79.965 553.369,79.82 C556.562,79.673 558.743,79.167 560.652,78.425 C562.623,77.658 564.297,76.634 565.965,74.965 C567.633,73.296 568.659,71.625 569.425,69.651 C570.167,67.743 570.674,65.562 570.82,62.369 C570.966,59.17 571,58.147 571,50 C571,41.851 570.966,40.831 570.82,37.631\"><\/path><\/g><\/g><\/g><\/svg><\/div><div style=\"padding-top: 8px;\"> <div style=\" color:#3897f0; font-family:Arial,sans-serif; font-size:14px; font-style:normal; font-weight:550; line-height:18px;\"> View this post on Instagram<\/div><\/div><div style=\"padding: 12.5% 0;\"><\/div> <div style=\"display: flex; flex-direction: row; margin-bottom: 14px; align-items: center;\"><div> <div style=\"background-color: #F4F4F4; border-radius: 50%; height: 12.5px; width: 12.5px; transform: translateX(0px) translateY(7px);\"><\/div> <div style=\"background-color: #F4F4F4; height: 12.5px; transform: rotate(-45deg) translateX(3px) translateY(1px); width: 12.5px; flex-grow: 0; margin-right: 14px; margin-left: 2px;\"><\/div> <div style=\"background-color: #F4F4F4; border-radius: 50%; height: 12.5px; width: 12.5px; transform: translateX(9px) translateY(-18px);\"><\/div><\/div><div style=\"margin-left: 8px;\"> <div style=\" background-color: #F4F4F4; border-radius: 50%; flex-grow: 0; height: 20px; width: 20px;\"><\/div> <div style=\" width: 0; height: 0; border-top: 2px solid transparent; border-left: 6px solid #f4f4f4; border-bottom: 2px solid transparent; transform: translateX(16px) translateY(-4px) rotate(30deg)\"><\/div><\/div><div style=\"margin-left: auto;\"> <div style=\" width: 0px; border-top: 8px solid #F4F4F4; border-right: 8px solid transparent; transform: translateY(16px);\"><\/div> <div style=\" background-color: #F4F4F4; flex-grow: 0; height: 12px; width: 16px; transform: translateY(-4px);\"><\/div> <div style=\" width: 0; height: 0; border-top: 8px solid #F4F4F4; border-left: 8px solid transparent; transform: translateY(-4px) translateX(8px);\"><\/div><\/div><\/div> <div style=\"display: flex; flex-direction: column; flex-grow: 1; justify-content: center; margin-bottom: 24px;\"> <div style=\" background-color: #F4F4F4; border-radius: 4px; flex-grow: 0; height: 14px; margin-bottom: 6px; width: 224px;\"><\/div> <div style=\" background-color: #F4F4F4; border-radius: 4px; flex-grow: 0; height: 14px; width: 144px;\"><\/div><\/div><\/a><p style=\" color:#c9c8cd; font-family:Arial,sans-serif; font-size:14px; line-height:17px; margin-bottom:0; margin-top:8px; overflow:hidden; padding:8px 0 7px; text-align:center; text-overflow:ellipsis; white-space:nowrap;\"><a href=\"https:\/\/www.instagram.com\/p\/BxiiPf_Fai4\/?utm_source=ig_embed&amp;utm_campaign=loading\" style=\" color:#c9c8cd; font-family:Arial,sans-serif; font-size:14px; font-style:normal; font-weight:normal; line-height:17px; text-decoration:none;\" target=\"_blank\" rel=\"noopener\">A post shared by UEES (@uees_ec).<\/a><\/p><\/div><\/blockquote> <script async src=\"\/\/www.instagram.com\/embed.js\"><\/script>\n\n\n\n<p class=\"wp-block-paragraph\">El acuerdo busca generar y brindar m\u00e1s valor al parque, adem\u00e1s de crear un ambiente que promueva una cultura para preservar el medio ambiente, la reactivaci\u00f3n y difusi\u00f3n del patrimonio cultural local.<\/p>\n\n\n\n<p class=\"wp-block-paragraph\">La asociaci\u00f3n entre ambas instituciones permitir\u00e1 aprovechar los conocimientos de las distintas carreras que posee la UEES como Ciencias Ambientales, Turismo y el Centro de investigaci\u00f3n. De esa manera se planifica mejorar y conservar el parque, a fin de ofrecer un servicio de calidad a la ciudadan\u00eda y exponerlo al mundo como un referente cultural de la antigua provincia del Guayas.<\/p>","protected":false},"excerpt":{"rendered":"<p>El jueves 16 de Abril se realiz\u00f3 una reuni\u00f3n entre el Dr. Carlos Ortega Maldonado, canciller de la Universidad Esp\u00edritu Santo (UEES) y el director general del Servicio de Gesti\u00f3n Inmobiliaria del Sector P\u00fablico, Dr. Nicol\u00e1s Issa Wagner, con el objetivo de dialogar sobre un futuro convenio, que aporte en la potenciaci\u00f3n de las distintas \u00e1reas de Parque Hist\u00f3rico Guayaquil.<\/p>","protected":false},"author":1,"featured_media":7097,"comment_status":"open","ping_status":"open","sticky":false,"template":"","format":"standard","meta":{"_acf_changed":false,"footnotes":""},"categories":[75],"tags":[95,177,117],"class_list":["post-7096","post","type-post","status-publish","format-standard","has-post-thumbnail","hentry","category-noticias","tag-convenio","tag-parque-historico","tag-turismo"],"acf":[],"yoast_head":"<!-- This site is optimized with the Yoast SEO Premium plugin v27.4 (Yoast SEO v27.4) - https:\/\/yoast.com\/product\/yoast-seo-premium-wordpress\/ -->\n<title>UEES e Inmobiliar firmar\u00e1n convenio para potenciar Parque Hist\u00f3rico Guayaquil - UEES - Universidad Esp\u00edritu Santo<\/title>\n<meta name=\"robots\" content=\"index, follow, max-snippet:-1, max-image-preview:large, max-video-preview:-1\" \/>\n<link rel=\"canonical\" href=\"https:\/\/uees.edu.ec\/en\/uees-e-inmobiliar-firmaran-convenio-para-potenciar-parque-historico-guayaquil\/\" \/>\n<meta property=\"og:locale\" content=\"en_US\" \/>\n<meta property=\"og:type\" content=\"article\" \/>\n<meta property=\"og:title\" content=\"UEES e Inmobiliar firmar\u00e1n convenio para potenciar Parque Hist\u00f3rico Guayaquil\" \/>\n<meta property=\"og:description\" content=\"El jueves 16 de Abril se realiz\u00f3 una reuni\u00f3n entre el Dr. Carlos Ortega Maldonado, canciller de la Universidad Esp\u00edritu Santo (UEES) y el director general del Servicio de Gesti\u00f3n Inmobiliaria del Sector P\u00fablico, Dr. Nicol\u00e1s Issa Wagner, con el objetivo de dialogar sobre un futuro convenio, que aporte en la potenciaci\u00f3n de las distintas \u00e1reas de Parque Hist\u00f3rico Guayaquil.\" \/>\n<meta property=\"og:url\" content=\"https:\/\/uees.edu.ec\/en\/uees-e-inmobiliar-firmaran-convenio-para-potenciar-parque-historico-guayaquil\/\" \/>\n<meta property=\"og:site_name\" content=\"UEES - Universidad Esp\u00edritu Santo\" \/>\n<meta property=\"article:publisher\" content=\"https:\/\/www.facebook.com\/universidadespiritusanto\" \/>\n<meta property=\"article:published_time\" content=\"2019-05-16T21:18:00+00:00\" \/>\n<meta property=\"article:modified_time\" content=\"2021-04-15T02:23:24+00:00\" \/>\n<meta property=\"og:image\" content=\"https:\/\/uees.edu.ec\/wp-content\/uploads\/2021\/04\/uees-inmobiliar-1.jpeg\" \/>\n\t<meta property=\"og:image:width\" content=\"1000\" \/>\n\t<meta property=\"og:image:height\" content=\"500\" \/>\n\t<meta property=\"og:image:type\" content=\"image\/jpeg\" \/>\n<meta name=\"author\" content=\"UEES\" \/>\n<meta name=\"twitter:card\" content=\"summary_large_image\" \/>\n<meta name=\"twitter:creator\" content=\"@uees_ec\" \/>\n<meta name=\"twitter:site\" content=\"@uees_ec\" \/>\n<meta name=\"twitter:label1\" content=\"Written by\" \/>\n\t<meta name=\"twitter:data1\" content=\"UEES\" \/>\n\t<meta name=\"twitter:label2\" content=\"Est. reading time\" \/>\n\t<meta name=\"twitter:data2\" content=\"1 minute\" \/>\n<script type=\"application\/ld+json\" class=\"yoast-schema-graph\">{\"@context\":\"https:\\\/\\\/schema.org\",\"@graph\":[{\"@type\":[\"Article\",\"BlogPosting\"],\"@id\":\"https:\\\/\\\/uees.edu.ec\\\/uees-e-inmobiliar-firmaran-convenio-para-potenciar-parque-historico-guayaquil\\\/#article\",\"isPartOf\":{\"@id\":\"https:\\\/\\\/uees.edu.ec\\\/uees-e-inmobiliar-firmaran-convenio-para-potenciar-parque-historico-guayaquil\\\/\"},\"author\":{\"name\":\"UEES\",\"@id\":\"https:\\\/\\\/uees.edu.ec\\\/#\\\/schema\\\/person\\\/802805a6361e518eb22dacc36e293d60\"},\"headline\":\"UEES e Inmobiliar firmar\u00e1n convenio para potenciar Parque Hist\u00f3rico Guayaquil\",\"datePublished\":\"2019-05-16T21:18:00+00:00\",\"dateModified\":\"2021-04-15T02:23:24+00:00\",\"mainEntityOfPage\":{\"@id\":\"https:\\\/\\\/uees.edu.ec\\\/uees-e-inmobiliar-firmaran-convenio-para-potenciar-parque-historico-guayaquil\\\/\"},\"wordCount\":192,\"commentCount\":0,\"publisher\":{\"@id\":\"https:\\\/\\\/uees.edu.ec\\\/#organization\"},\"image\":{\"@id\":\"https:\\\/\\\/uees.edu.ec\\\/uees-e-inmobiliar-firmaran-convenio-para-potenciar-parque-historico-guayaquil\\\/#primaryimage\"},\"thumbnailUrl\":\"https:\\\/\\\/uees.edu.ec\\\/wp-content\\\/uploads\\\/2021\\\/04\\\/uees-inmobiliar-1.jpeg\",\"keywords\":[\"Convenio\",\"Parque Hist\u00f3rico\",\"Turismo\"],\"articleSection\":[\"Noticias\"],\"inLanguage\":\"en-US\",\"potentialAction\":[{\"@type\":\"CommentAction\",\"name\":\"Comment\",\"target\":[\"https:\\\/\\\/uees.edu.ec\\\/uees-e-inmobiliar-firmaran-convenio-para-potenciar-parque-historico-guayaquil\\\/#respond\"]}]},{\"@type\":\"WebPage\",\"@id\":\"https:\\\/\\\/uees.edu.ec\\\/uees-e-inmobiliar-firmaran-convenio-para-potenciar-parque-historico-guayaquil\\\/\",\"url\":\"https:\\\/\\\/uees.edu.ec\\\/uees-e-inmobiliar-firmaran-convenio-para-potenciar-parque-historico-guayaquil\\\/\",\"name\":\"UEES e Inmobiliar firmar\u00e1n convenio para potenciar Parque Hist\u00f3rico Guayaquil - UEES - Universidad Esp\u00edritu Santo\",\"isPartOf\":{\"@id\":\"https:\\\/\\\/uees.edu.ec\\\/#website\"},\"primaryImageOfPage\":{\"@id\":\"https:\\\/\\\/uees.edu.ec\\\/uees-e-inmobiliar-firmaran-convenio-para-potenciar-parque-historico-guayaquil\\\/#primaryimage\"},\"image\":{\"@id\":\"https:\\\/\\\/uees.edu.ec\\\/uees-e-inmobiliar-firmaran-convenio-para-potenciar-parque-historico-guayaquil\\\/#primaryimage\"},\"thumbnailUrl\":\"https:\\\/\\\/uees.edu.ec\\\/wp-content\\\/uploads\\\/2021\\\/04\\\/uees-inmobiliar-1.jpeg\",\"datePublished\":\"2019-05-16T21:18:00+00:00\",\"dateModified\":\"2021-04-15T02:23:24+00:00\",\"breadcrumb\":{\"@id\":\"https:\\\/\\\/uees.edu.ec\\\/uees-e-inmobiliar-firmaran-convenio-para-potenciar-parque-historico-guayaquil\\\/#breadcrumb\"},\"inLanguage\":\"en-US\",\"potentialAction\":[{\"@type\":\"ReadAction\",\"target\":[\"https:\\\/\\\/uees.edu.ec\\\/uees-e-inmobiliar-firmaran-convenio-para-potenciar-parque-historico-guayaquil\\\/\"]}]},{\"@type\":\"ImageObject\",\"inLanguage\":\"en-US\",\"@id\":\"https:\\\/\\\/uees.edu.ec\\\/uees-e-inmobiliar-firmaran-convenio-para-potenciar-parque-historico-guayaquil\\\/#primaryimage\",\"url\":\"https:\\\/\\\/uees.edu.ec\\\/wp-content\\\/uploads\\\/2021\\\/04\\\/uees-inmobiliar-1.jpeg\",\"contentUrl\":\"https:\\\/\\\/uees.edu.ec\\\/wp-content\\\/uploads\\\/2021\\\/04\\\/uees-inmobiliar-1.jpeg\",\"width\":1000,\"height\":500},{\"@type\":\"BreadcrumbList\",\"@id\":\"https:\\\/\\\/uees.edu.ec\\\/uees-e-inmobiliar-firmaran-convenio-para-potenciar-parque-historico-guayaquil\\\/#breadcrumb\",\"itemListElement\":[{\"@type\":\"ListItem\",\"position\":1,\"name\":\"Home\",\"item\":\"https:\\\/\\\/uees.edu.ec\\\/\"},{\"@type\":\"ListItem\",\"position\":2,\"name\":\"UEES e Inmobiliar firmar\u00e1n convenio para potenciar Parque Hist\u00f3rico Guayaquil\"}]},{\"@type\":\"WebSite\",\"@id\":\"https:\\\/\\\/uees.edu.ec\\\/#website\",\"url\":\"https:\\\/\\\/uees.edu.ec\\\/\",\"name\":\"Universidad Esp\u00edritu Santo - UEES\",\"description\":\"En constante innovaci\u00f3n\",\"publisher\":{\"@id\":\"https:\\\/\\\/uees.edu.ec\\\/#organization\"},\"alternateName\":\"Universidad Esp\u00edritu Santo - UEES\",\"potentialAction\":[{\"@type\":\"SearchAction\",\"target\":{\"@type\":\"EntryPoint\",\"urlTemplate\":\"https:\\\/\\\/uees.edu.ec\\\/?s={search_term_string}\"},\"query-input\":{\"@type\":\"PropertyValueSpecification\",\"valueRequired\":true,\"valueName\":\"search_term_string\"}}],\"inLanguage\":\"en-US\"},{\"@type\":\"Organization\",\"@id\":\"https:\\\/\\\/uees.edu.ec\\\/#organization\",\"name\":\"Universidad Esp\u00edritu Santo - UEES\",\"alternateName\":\"La mejor universidad en Ecuador\",\"url\":\"https:\\\/\\\/uees.edu.ec\\\/\",\"logo\":{\"@type\":\"ImageObject\",\"inLanguage\":\"en-US\",\"@id\":\"https:\\\/\\\/uees.edu.ec\\\/#\\\/schema\\\/logo\\\/image\\\/\",\"url\":\"https:\\\/\\\/uees.edu.ec\\\/wp-content\\\/uploads\\\/2021\\\/03\\\/Logo-UEES.png\",\"contentUrl\":\"https:\\\/\\\/uees.edu.ec\\\/wp-content\\\/uploads\\\/2021\\\/03\\\/Logo-UEES.png\",\"width\":221,\"height\":86,\"caption\":\"Universidad Esp\u00edritu Santo - UEES\"},\"image\":{\"@id\":\"https:\\\/\\\/uees.edu.ec\\\/#\\\/schema\\\/logo\\\/image\\\/\"},\"sameAs\":[\"https:\\\/\\\/www.facebook.com\\\/universidadespiritusanto\",\"https:\\\/\\\/x.com\\\/uees_ec\",\"https:\\\/\\\/www.instagram.com\\\/uees_ec\\\/\",\"https:\\\/\\\/www.linkedin.com\\\/school\\\/esp-ritu-santo\",\"https:\\\/\\\/www.youtube.com\\\/user\\\/UEES2009\",\"https:\\\/\\\/es.wikipedia.org\\\/wiki\\\/Universidad_de_Especialidades_Esp\u00edritu_Santo\"]},{\"@type\":\"Person\",\"@id\":\"https:\\\/\\\/uees.edu.ec\\\/#\\\/schema\\\/person\\\/802805a6361e518eb22dacc36e293d60\",\"name\":\"UEES\",\"image\":{\"@type\":\"ImageObject\",\"inLanguage\":\"en-US\",\"@id\":\"https:\\\/\\\/secure.gravatar.com\\\/avatar\\\/2b6bae9237234c9a41c6536dcd21b7b2ef4c7043495f02e99b367ab0c06b7f98?s=96&d=mm&r=g\",\"url\":\"https:\\\/\\\/secure.gravatar.com\\\/avatar\\\/2b6bae9237234c9a41c6536dcd21b7b2ef4c7043495f02e99b367ab0c06b7f98?s=96&d=mm&r=g\",\"contentUrl\":\"https:\\\/\\\/secure.gravatar.com\\\/avatar\\\/2b6bae9237234c9a41c6536dcd21b7b2ef4c7043495f02e99b367ab0c06b7f98?s=96&d=mm&r=g\",\"caption\":\"UEES\"},\"sameAs\":[\"https:\\\/\\\/www.uees.edu.ec\"],\"url\":\"https:\\\/\\\/uees.edu.ec\\\/en\\\/author\\\/admin\\\/\"}]}<\/script>\n<!-- \/ Yoast SEO Premium plugin. -->","yoast_head_json":{"title":"UEES e Inmobiliar firmar\u00e1n convenio para potenciar Parque Hist\u00f3rico Guayaquil - UEES - Universidad Esp\u00edritu Santo","robots":{"index":"index","follow":"follow","max-snippet":"max-snippet:-1","max-image-preview":"max-image-preview:large","max-video-preview":"max-video-preview:-1"},"canonical":"https:\/\/uees.edu.ec\/en\/uees-e-inmobiliar-firmaran-convenio-para-potenciar-parque-historico-guayaquil\/","og_locale":"en_US","og_type":"article","og_title":"UEES e Inmobiliar firmar\u00e1n convenio para potenciar Parque Hist\u00f3rico Guayaquil","og_description":"El jueves 16 de Abril se realiz\u00f3 una reuni\u00f3n entre el Dr. Carlos Ortega Maldonado, canciller de la Universidad Esp\u00edritu Santo (UEES) y el director general del Servicio de Gesti\u00f3n Inmobiliaria del Sector P\u00fablico, Dr. Nicol\u00e1s Issa Wagner, con el objetivo de dialogar sobre un futuro convenio, que aporte en la potenciaci\u00f3n de las distintas \u00e1reas de Parque Hist\u00f3rico Guayaquil.","og_url":"https:\/\/uees.edu.ec\/en\/uees-e-inmobiliar-firmaran-convenio-para-potenciar-parque-historico-guayaquil\/","og_site_name":"UEES - Universidad Esp\u00edritu Santo","article_publisher":"https:\/\/www.facebook.com\/universidadespiritusanto","article_published_time":"2019-05-16T21:18:00+00:00","article_modified_time":"2021-04-15T02:23:24+00:00","og_image":[{"width":1000,"height":500,"url":"https:\/\/uees.edu.ec\/wp-content\/uploads\/2021\/04\/uees-inmobiliar-1.jpeg","type":"image\/jpeg"}],"author":"UEES","twitter_card":"summary_large_image","twitter_creator":"@uees_ec","twitter_site":"@uees_ec","twitter_misc":{"Written by":"UEES","Est. reading time":"1 minute"},"schema":{"@context":"https:\/\/schema.org","@graph":[{"@type":["Article","BlogPosting"],"@id":"https:\/\/uees.edu.ec\/uees-e-inmobiliar-firmaran-convenio-para-potenciar-parque-historico-guayaquil\/#article","isPartOf":{"@id":"https:\/\/uees.edu.ec\/uees-e-inmobiliar-firmaran-convenio-para-potenciar-parque-historico-guayaquil\/"},"author":{"name":"UEES","@id":"https:\/\/uees.edu.ec\/#\/schema\/person\/802805a6361e518eb22dacc36e293d60"},"headline":"UEES e Inmobiliar firmar\u00e1n convenio para potenciar Parque Hist\u00f3rico Guayaquil","datePublished":"2019-05-16T21:18:00+00:00","dateModified":"2021-04-15T02:23:24+00:00","mainEntityOfPage":{"@id":"https:\/\/uees.edu.ec\/uees-e-inmobiliar-firmaran-convenio-para-potenciar-parque-historico-guayaquil\/"},"wordCount":192,"commentCount":0,"publisher":{"@id":"https:\/\/uees.edu.ec\/#organization"},"image":{"@id":"https:\/\/uees.edu.ec\/uees-e-inmobiliar-firmaran-convenio-para-potenciar-parque-historico-guayaquil\/#primaryimage"},"thumbnailUrl":"https:\/\/uees.edu.ec\/wp-content\/uploads\/2021\/04\/uees-inmobiliar-1.jpeg","keywords":["Convenio","Parque Hist\u00f3rico","Turismo"],"articleSection":["Noticias"],"inLanguage":"en-US","potentialAction":[{"@type":"CommentAction","name":"Comment","target":["https:\/\/uees.edu.ec\/uees-e-inmobiliar-firmaran-convenio-para-potenciar-parque-historico-guayaquil\/#respond"]}]},{"@type":"WebPage","@id":"https:\/\/uees.edu.ec\/uees-e-inmobiliar-firmaran-convenio-para-potenciar-parque-historico-guayaquil\/","url":"https:\/\/uees.edu.ec\/uees-e-inmobiliar-firmaran-convenio-para-potenciar-parque-historico-guayaquil\/","name":"UEES e Inmobiliar firmar\u00e1n convenio para potenciar Parque Hist\u00f3rico Guayaquil - UEES - Universidad Esp\u00edritu Santo","isPartOf":{"@id":"https:\/\/uees.edu.ec\/#website"},"primaryImageOfPage":{"@id":"https:\/\/uees.edu.ec\/uees-e-inmobiliar-firmaran-convenio-para-potenciar-parque-historico-guayaquil\/#primaryimage"},"image":{"@id":"https:\/\/uees.edu.ec\/uees-e-inmobiliar-firmaran-convenio-para-potenciar-parque-historico-guayaquil\/#primaryimage"},"thumbnailUrl":"https:\/\/uees.edu.ec\/wp-content\/uploads\/2021\/04\/uees-inmobiliar-1.jpeg","datePublished":"2019-05-16T21:18:00+00:00","dateModified":"2021-04-15T02:23:24+00:00","breadcrumb":{"@id":"https:\/\/uees.edu.ec\/uees-e-inmobiliar-firmaran-convenio-para-potenciar-parque-historico-guayaquil\/#breadcrumb"},"inLanguage":"en-US","potentialAction":[{"@type":"ReadAction","target":["https:\/\/uees.edu.ec\/uees-e-inmobiliar-firmaran-convenio-para-potenciar-parque-historico-guayaquil\/"]}]},{"@type":"ImageObject","inLanguage":"en-US","@id":"https:\/\/uees.edu.ec\/uees-e-inmobiliar-firmaran-convenio-para-potenciar-parque-historico-guayaquil\/#primaryimage","url":"https:\/\/uees.edu.ec\/wp-content\/uploads\/2021\/04\/uees-inmobiliar-1.jpeg","contentUrl":"https:\/\/uees.edu.ec\/wp-content\/uploads\/2021\/04\/uees-inmobiliar-1.jpeg","width":1000,"height":500},{"@type":"BreadcrumbList","@id":"https:\/\/uees.edu.ec\/uees-e-inmobiliar-firmaran-convenio-para-potenciar-parque-historico-guayaquil\/#breadcrumb","itemListElement":[{"@type":"ListItem","position":1,"name":"Home","item":"https:\/\/uees.edu.ec\/"},{"@type":"ListItem","position":2,"name":"UEES e Inmobiliar firmar\u00e1n convenio para potenciar Parque Hist\u00f3rico Guayaquil"}]},{"@type":"WebSite","@id":"https:\/\/uees.edu.ec\/#website","url":"https:\/\/uees.edu.ec\/","name":"Espiritu Santo University - UEES","description":"In constant innovation","publisher":{"@id":"https:\/\/uees.edu.ec\/#organization"},"alternateName":"Universidad Esp\u00edritu Santo - UEES","potentialAction":[{"@type":"SearchAction","target":{"@type":"EntryPoint","urlTemplate":"https:\/\/uees.edu.ec\/?s={search_term_string}"},"query-input":{"@type":"PropertyValueSpecification","valueRequired":true,"valueName":"search_term_string"}}],"inLanguage":"en-US"},{"@type":"Organization","@id":"https:\/\/uees.edu.ec\/#organization","name":"Espiritu Santo University - UEES","alternateName":"La mejor universidad en Ecuador","url":"https:\/\/uees.edu.ec\/","logo":{"@type":"ImageObject","inLanguage":"en-US","@id":"https:\/\/uees.edu.ec\/#\/schema\/logo\/image\/","url":"https:\/\/uees.edu.ec\/wp-content\/uploads\/2021\/03\/Logo-UEES.png","contentUrl":"https:\/\/uees.edu.ec\/wp-content\/uploads\/2021\/03\/Logo-UEES.png","width":221,"height":86,"caption":"Universidad Esp\u00edritu Santo - UEES"},"image":{"@id":"https:\/\/uees.edu.ec\/#\/schema\/logo\/image\/"},"sameAs":["https:\/\/www.facebook.com\/universidadespiritusanto","https:\/\/x.com\/uees_ec","https:\/\/www.instagram.com\/uees_ec\/","https:\/\/www.linkedin.com\/school\/esp-ritu-santo","https:\/\/www.youtube.com\/user\/UEES2009","https:\/\/es.wikipedia.org\/wiki\/Universidad_de_Especialidades_Esp\u00edritu_Santo"]},{"@type":"Person","@id":"https:\/\/uees.edu.ec\/#\/schema\/person\/802805a6361e518eb22dacc36e293d60","name":"UEES","image":{"@type":"ImageObject","inLanguage":"en-US","@id":"https:\/\/secure.gravatar.com\/avatar\/2b6bae9237234c9a41c6536dcd21b7b2ef4c7043495f02e99b367ab0c06b7f98?s=96&d=mm&r=g","url":"https:\/\/secure.gravatar.com\/avatar\/2b6bae9237234c9a41c6536dcd21b7b2ef4c7043495f02e99b367ab0c06b7f98?s=96&d=mm&r=g","contentUrl":"https:\/\/secure.gravatar.com\/avatar\/2b6bae9237234c9a41c6536dcd21b7b2ef4c7043495f02e99b367ab0c06b7f98?s=96&d=mm&r=g","caption":"UEES"},"sameAs":["https:\/\/www.uees.edu.ec"],"url":"https:\/\/uees.edu.ec\/en\/author\/admin\/"}]}},"_links":{"self":[{"href":"https:\/\/uees.edu.ec\/en\/wp-json\/wp\/v2\/posts\/7096","targetHints":{"allow":["GET"]}}],"collection":[{"href":"https:\/\/uees.edu.ec\/en\/wp-json\/wp\/v2\/posts"}],"about":[{"href":"https:\/\/uees.edu.ec\/en\/wp-json\/wp\/v2\/types\/post"}],"author":[{"embeddable":true,"href":"https:\/\/uees.edu.ec\/en\/wp-json\/wp\/v2\/users\/1"}],"replies":[{"embeddable":true,"href":"https:\/\/uees.edu.ec\/en\/wp-json\/wp\/v2\/comments?post=7096"}],"version-history":[{"count":1,"href":"https:\/\/uees.edu.ec\/en\/wp-json\/wp\/v2\/posts\/7096\/revisions"}],"predecessor-version":[{"id":7098,"href":"https:\/\/uees.edu.ec\/en\/wp-json\/wp\/v2\/posts\/7096\/revisions\/7098"}],"wp:featuredmedia":[{"embeddable":true,"href":"https:\/\/uees.edu.ec\/en\/wp-json\/wp\/v2\/media\/7097"}],"wp:attachment":[{"href":"https:\/\/uees.edu.ec\/en\/wp-json\/wp\/v2\/media?parent=7096"}],"wp:term":[{"taxonomy":"category","embeddable":true,"href":"https:\/\/uees.edu.ec\/en\/wp-json\/wp\/v2\/categories?post=7096"},{"taxonomy":"post_tag","embeddable":true,"href":"https:\/\/uees.edu.ec\/en\/wp-json\/wp\/v2\/tags?post=7096"}],"curies":[{"name":"wp","href":"https:\/\/api.w.org\/{rel}","templated":true}]}}