{"id":35116,"date":"2026-08-13T14:54:02","date_gmt":"2026-08-13T19:54:02","guid":{"rendered":"https:\/\/uees.edu.ec\/?p=35116"},"modified":"2026-09-03T16:28:08","modified_gmt":"2026-09-03T21:28:08","slug":"edtech-news-networking-in-motion-reunio-a-lideres-tecnologicos-para-analizar-la-transformacion-de-la-educacion-digital","status":"publish","type":"post","link":"https:\/\/uees.edu.ec\/en\/edtech-news-networking-in-motion-reunio-a-lideres-tecnologicos-para-analizar-la-transformacion-de-la-educacion-digital\/","title":{"rendered":"EDTECH NEWS: Networking in motion reuni\u00f3 a l\u00edderes tecnol\u00f3gicos para analizar la transformaci\u00f3n de la educaci\u00f3n digital"},"content":{"rendered":"<p><img loading=\"lazy\" decoding=\"async\" class=\"alignnone size-large wp-image-35117\" src=\"https:\/\/uees.edu.ec\/wp-content\/uploads\/2026\/09\/WhatsApp-Image-2026-09-03-at-3.30.25-PM-1024x680.jpeg\" alt=\"\" width=\"1024\" height=\"680\" srcset=\"https:\/\/uees.edu.ec\/wp-content\/uploads\/2026\/09\/WhatsApp-Image-2026-09-03-at-3.30.25-PM-1024x680.jpeg 1024w, https:\/\/uees.edu.ec\/wp-content\/uploads\/2026\/09\/WhatsApp-Image-2026-09-03-at-3.30.25-PM-300x199.jpeg 300w, https:\/\/uees.edu.ec\/wp-content\/uploads\/2026\/09\/WhatsApp-Image-2026-09-03-at-3.30.25-PM-768x510.jpeg 768w, https:\/\/uees.edu.ec\/wp-content\/uploads\/2026\/09\/WhatsApp-Image-2026-09-03-at-3.30.25-PM-1536x1020.jpeg 1536w, https:\/\/uees.edu.ec\/wp-content\/uploads\/2026\/09\/WhatsApp-Image-2026-09-03-at-3.30.25-PM-18x12.jpeg 18w, https:\/\/uees.edu.ec\/wp-content\/uploads\/2026\/09\/WhatsApp-Image-2026-09-03-at-3.30.25-PM.jpeg 1600w\" sizes=\"auto, (max-width: 1024px) 100vw, 1024px\" \/><\/p>\n<p class=\"isSelectedEnd\">La Universidad Esp\u00edritu Santo (UEES) desarroll\u00f3 la segunda edici\u00f3n de <strong>\u201cEdTech News: The Networking in Motion\u201d<\/strong>, un espacio que reuni\u00f3 a l\u00edderes, expertos y aliados tecnol\u00f3gicos para analizar la evoluci\u00f3n de la educaci\u00f3n digital y las tendencias que est\u00e1n transformando los procesos de ense\u00f1anza y aprendizaje.<\/p>\n<p class=\"isSelectedEnd\">Durante la jornada, <strong>Ramiro Guzm\u00e1n Puentes, CEO de Data Curso LLC<\/strong>, abord\u00f3 el impacto de la inteligencia artificial en los procesos educativos y c\u00f3mo las nuevas tecnolog\u00edas estaban redefiniendo las metodolog\u00edas de aprendizaje. El encuentro tambi\u00e9n permiti\u00f3 conocer herramientas y soluciones que estaban siendo incorporadas en el \u00e1mbito acad\u00e9mico para responder a los nuevos desaf\u00edos de la educaci\u00f3n.<\/p>\n<p class=\"isSelectedEnd\">For its part, <strong>Bel\u00e9n Correa, directora regional de Turnitin para Am\u00e9rica Latina<\/strong>, comparti\u00f3 una perspectiva sobre el <strong>uso responsable de la inteligencia artificial<\/strong> y su relaci\u00f3n con la integridad acad\u00e9mica. Su participaci\u00f3n abri\u00f3 una conversaci\u00f3n sobre los retos y oportunidades que representaba la IA para las instituciones educativas y sobre la importancia de promover buenas pr\u00e1cticas en su implementaci\u00f3n.<\/p>\n<p class=\"isSelectedEnd\">El evento tambi\u00e9n cont\u00f3 con la participaci\u00f3n de <strong>Hemerson Carre\u00f1o Raigosa, CEO de Buen Data SAS<\/strong>, quien present\u00f3 soluciones vinculadas con la transformaci\u00f3n tecnol\u00f3gica y la educaci\u00f3n virtual. Asimismo, <strong>Rafael Mart\u00ednez Campoblanco, vicerrector de Educaci\u00f3n Online de la UEES<\/strong>, comparti\u00f3 una reflexi\u00f3n sobre la evoluci\u00f3n del ecosistema EdTech y el impacto que tendr\u00edan las nuevas tecnolog\u00edas en la educaci\u00f3n del futuro.<\/p>\n<p><img loading=\"lazy\" decoding=\"async\" class=\"alignnone size-large wp-image-35118\" src=\"https:\/\/uees.edu.ec\/wp-content\/uploads\/2026\/09\/WhatsApp-Image-2026-09-03-at-3.30.25-PM-1-1024x618.jpeg\" alt=\"\" width=\"1024\" height=\"618\" srcset=\"https:\/\/uees.edu.ec\/wp-content\/uploads\/2026\/09\/WhatsApp-Image-2026-09-03-at-3.30.25-PM-1-1024x618.jpeg 1024w, https:\/\/uees.edu.ec\/wp-content\/uploads\/2026\/09\/WhatsApp-Image-2026-09-03-at-3.30.25-PM-1-300x181.jpeg 300w, https:\/\/uees.edu.ec\/wp-content\/uploads\/2026\/09\/WhatsApp-Image-2026-09-03-at-3.30.25-PM-1-768x464.jpeg 768w, https:\/\/uees.edu.ec\/wp-content\/uploads\/2026\/09\/WhatsApp-Image-2026-09-03-at-3.30.25-PM-1-1536x927.jpeg 1536w, https:\/\/uees.edu.ec\/wp-content\/uploads\/2026\/09\/WhatsApp-Image-2026-09-03-at-3.30.25-PM-1-18x12.jpeg 18w, https:\/\/uees.edu.ec\/wp-content\/uploads\/2026\/09\/WhatsApp-Image-2026-09-03-at-3.30.25-PM-1.jpeg 1600w\" sizes=\"auto, (max-width: 1024px) 100vw, 1024px\" \/><\/p>\n<p>\u201cEdTech News\u201d se consolid\u00f3 como un espacio de <strong>networking, intercambio de conocimiento y colaboraci\u00f3n entre la academia y el sector tecnol\u00f3gico<\/strong>. A trav\u00e9s de esta iniciativa, la UEES fortaleci\u00f3 el di\u00e1logo con sus aliados estrat\u00e9gicos, con quienes desarrollaba modelos educativos para carreras, maestr\u00edas y educaci\u00f3n continua, reafirmando su compromiso con la innovaci\u00f3n y la transformaci\u00f3n de la educaci\u00f3n.<\/p>\n<p><img loading=\"lazy\" decoding=\"async\" class=\"alignnone size-large wp-image-35119\" src=\"https:\/\/uees.edu.ec\/wp-content\/uploads\/2026\/09\/WhatsApp-Image-2026-09-03-at-3.30.25-PM-2-1024x676.jpeg\" alt=\"\" width=\"1024\" height=\"676\" srcset=\"https:\/\/uees.edu.ec\/wp-content\/uploads\/2026\/09\/WhatsApp-Image-2026-09-03-at-3.30.25-PM-2-1024x676.jpeg 1024w, https:\/\/uees.edu.ec\/wp-content\/uploads\/2026\/09\/WhatsApp-Image-2026-09-03-at-3.30.25-PM-2-300x198.jpeg 300w, https:\/\/uees.edu.ec\/wp-content\/uploads\/2026\/09\/WhatsApp-Image-2026-09-03-at-3.30.25-PM-2-768x507.jpeg 768w, https:\/\/uees.edu.ec\/wp-content\/uploads\/2026\/09\/WhatsApp-Image-2026-09-03-at-3.30.25-PM-2-1536x1014.jpeg 1536w, https:\/\/uees.edu.ec\/wp-content\/uploads\/2026\/09\/WhatsApp-Image-2026-09-03-at-3.30.25-PM-2-18x12.jpeg 18w, https:\/\/uees.edu.ec\/wp-content\/uploads\/2026\/09\/WhatsApp-Image-2026-09-03-at-3.30.25-PM-2.jpeg 1600w\" sizes=\"auto, (max-width: 1024px) 100vw, 1024px\" \/><\/p>","protected":false},"excerpt":{"rendered":"<p>La Universidad Esp\u00edritu Santo (UEES) desarroll\u00f3 la segunda edici\u00f3n de \u201cEdTech News: The Networking in Motion\u201d, un espacio que reuni\u00f3 a l\u00edderes, expertos y aliados tecnol\u00f3gicos para analizar la evoluci\u00f3n de la educaci\u00f3n digital y las tendencias que est\u00e1n transformando los procesos de ense\u00f1anza y aprendizaje. Durante la jornada, Ramiro Guzm\u00e1n Puentes, CEO de Data [&hellip;]<\/p>\n","protected":false},"author":10000093,"featured_media":35117,"comment_status":"open","ping_status":"open","sticky":false,"template":"","format":"standard","meta":{"_acf_changed":false,"footnotes":""},"categories":[75],"tags":[],"class_list":["post-35116","post","type-post","status-publish","format-standard","has-post-thumbnail","hentry","category-noticias"],"acf":[],"yoast_head":"<!-- This site is optimized with the Yoast SEO Premium plugin v27.4 (Yoast SEO v27.4) - https:\/\/yoast.com\/product\/yoast-seo-premium-wordpress\/ -->\n<title>EDTECH NEWS: Networking in motion reuni\u00f3 a l\u00edderes tecnol\u00f3gicos para analizar la transformaci\u00f3n de la educaci\u00f3n digital - UEES - Universidad Esp\u00edritu Santo<\/title>\n<meta name=\"robots\" content=\"index, follow, max-snippet:-1, max-image-preview:large, max-video-preview:-1\" \/>\n<link rel=\"canonical\" href=\"https:\/\/uees.edu.ec\/en\/edtech-news-networking-in-motion-reunio-a-lideres-tecnologicos-para-analizar-la-transformacion-de-la-educacion-digital\/\" \/>\n<meta property=\"og:locale\" content=\"en_US\" \/>\n<meta property=\"og:type\" content=\"article\" \/>\n<meta property=\"og:title\" content=\"EDTECH NEWS: Networking in motion reuni\u00f3 a l\u00edderes tecnol\u00f3gicos para analizar la transformaci\u00f3n de la educaci\u00f3n digital\" \/>\n<meta property=\"og:description\" content=\"La Universidad Esp\u00edritu Santo (UEES) desarroll\u00f3 la segunda edici\u00f3n de \u201cEdTech News: The Networking in Motion\u201d, un espacio que reuni\u00f3 a l\u00edderes, expertos y aliados tecnol\u00f3gicos para analizar la evoluci\u00f3n de la educaci\u00f3n digital y las tendencias que est\u00e1n transformando los procesos de ense\u00f1anza y aprendizaje. Durante la jornada, Ramiro Guzm\u00e1n Puentes, CEO de Data [&hellip;]\" \/>\n<meta property=\"og:url\" content=\"https:\/\/uees.edu.ec\/en\/edtech-news-networking-in-motion-reunio-a-lideres-tecnologicos-para-analizar-la-transformacion-de-la-educacion-digital\/\" \/>\n<meta property=\"og:site_name\" content=\"UEES - Universidad Esp\u00edritu Santo\" \/>\n<meta property=\"article:publisher\" content=\"https:\/\/www.facebook.com\/universidadespiritusanto\" \/>\n<meta property=\"article:published_time\" content=\"2026-08-13T19:54:02+00:00\" \/>\n<meta property=\"article:modified_time\" content=\"2026-09-03T21:28:08+00:00\" \/>\n<meta property=\"og:image\" content=\"https:\/\/uees.edu.ec\/wp-content\/uploads\/2026\/09\/WhatsApp-Image-2026-09-03-at-3.30.25-PM.jpeg\" \/>\n\t<meta property=\"og:image:width\" content=\"1600\" \/>\n\t<meta property=\"og:image:height\" content=\"1063\" \/>\n\t<meta property=\"og:image:type\" content=\"image\/jpeg\" \/>\n<meta name=\"author\" content=\"Elisa NIeto\" \/>\n<meta name=\"twitter:card\" content=\"summary_large_image\" \/>\n<meta name=\"twitter:creator\" content=\"@uees_ec\" \/>\n<meta name=\"twitter:site\" content=\"@uees_ec\" \/>\n<meta name=\"twitter:label1\" content=\"Written by\" \/>\n\t<meta name=\"twitter:data1\" content=\"Elisa NIeto\" \/>\n\t<meta name=\"twitter:label2\" content=\"Est. reading time\" \/>\n\t<meta name=\"twitter:data2\" content=\"3 minutes\" \/>\n<script type=\"application\/ld+json\" class=\"yoast-schema-graph\">{\"@context\":\"https:\\\/\\\/schema.org\",\"@graph\":[{\"@type\":[\"Article\",\"BlogPosting\"],\"@id\":\"https:\\\/\\\/uees.edu.ec\\\/edtech-news-networking-in-motion-reunio-a-lideres-tecnologicos-para-analizar-la-transformacion-de-la-educacion-digital\\\/#article\",\"isPartOf\":{\"@id\":\"https:\\\/\\\/uees.edu.ec\\\/edtech-news-networking-in-motion-reunio-a-lideres-tecnologicos-para-analizar-la-transformacion-de-la-educacion-digital\\\/\"},\"author\":{\"name\":\"Elisa NIeto\",\"@id\":\"https:\\\/\\\/uees.edu.ec\\\/#\\\/schema\\\/person\\\/d63ccd280ffea0cfa500ff8e223df681\"},\"headline\":\"EDTECH NEWS: Networking in motion reuni\u00f3 a l\u00edderes tecnol\u00f3gicos para analizar la transformaci\u00f3n de la educaci\u00f3n digital\",\"datePublished\":\"2026-08-13T19:54:02+00:00\",\"dateModified\":\"2026-09-03T21:28:08+00:00\",\"mainEntityOfPage\":{\"@id\":\"https:\\\/\\\/uees.edu.ec\\\/edtech-news-networking-in-motion-reunio-a-lideres-tecnologicos-para-analizar-la-transformacion-de-la-educacion-digital\\\/\"},\"wordCount\":350,\"commentCount\":0,\"publisher\":{\"@id\":\"https:\\\/\\\/uees.edu.ec\\\/#organization\"},\"image\":{\"@id\":\"https:\\\/\\\/uees.edu.ec\\\/edtech-news-networking-in-motion-reunio-a-lideres-tecnologicos-para-analizar-la-transformacion-de-la-educacion-digital\\\/#primaryimage\"},\"thumbnailUrl\":\"https:\\\/\\\/uees.edu.ec\\\/wp-content\\\/uploads\\\/2026\\\/09\\\/WhatsApp-Image-2026-09-03-at-3.30.25-PM.jpeg\",\"articleSection\":[\"Noticias\"],\"inLanguage\":\"en-US\",\"potentialAction\":[{\"@type\":\"CommentAction\",\"name\":\"Comment\",\"target\":[\"https:\\\/\\\/uees.edu.ec\\\/edtech-news-networking-in-motion-reunio-a-lideres-tecnologicos-para-analizar-la-transformacion-de-la-educacion-digital\\\/#respond\"]}]},{\"@type\":\"WebPage\",\"@id\":\"https:\\\/\\\/uees.edu.ec\\\/edtech-news-networking-in-motion-reunio-a-lideres-tecnologicos-para-analizar-la-transformacion-de-la-educacion-digital\\\/\",\"url\":\"https:\\\/\\\/uees.edu.ec\\\/edtech-news-networking-in-motion-reunio-a-lideres-tecnologicos-para-analizar-la-transformacion-de-la-educacion-digital\\\/\",\"name\":\"EDTECH NEWS: Networking in motion reuni\u00f3 a l\u00edderes tecnol\u00f3gicos para analizar la transformaci\u00f3n de la educaci\u00f3n digital - UEES - Universidad Esp\u00edritu Santo\",\"isPartOf\":{\"@id\":\"https:\\\/\\\/uees.edu.ec\\\/#website\"},\"primaryImageOfPage\":{\"@id\":\"https:\\\/\\\/uees.edu.ec\\\/edtech-news-networking-in-motion-reunio-a-lideres-tecnologicos-para-analizar-la-transformacion-de-la-educacion-digital\\\/#primaryimage\"},\"image\":{\"@id\":\"https:\\\/\\\/uees.edu.ec\\\/edtech-news-networking-in-motion-reunio-a-lideres-tecnologicos-para-analizar-la-transformacion-de-la-educacion-digital\\\/#primaryimage\"},\"thumbnailUrl\":\"https:\\\/\\\/uees.edu.ec\\\/wp-content\\\/uploads\\\/2026\\\/09\\\/WhatsApp-Image-2026-09-03-at-3.30.25-PM.jpeg\",\"datePublished\":\"2026-08-13T19:54:02+00:00\",\"dateModified\":\"2026-09-03T21:28:08+00:00\",\"breadcrumb\":{\"@id\":\"https:\\\/\\\/uees.edu.ec\\\/edtech-news-networking-in-motion-reunio-a-lideres-tecnologicos-para-analizar-la-transformacion-de-la-educacion-digital\\\/#breadcrumb\"},\"inLanguage\":\"en-US\",\"potentialAction\":[{\"@type\":\"ReadAction\",\"target\":[\"https:\\\/\\\/uees.edu.ec\\\/edtech-news-networking-in-motion-reunio-a-lideres-tecnologicos-para-analizar-la-transformacion-de-la-educacion-digital\\\/\"]}]},{\"@type\":\"ImageObject\",\"inLanguage\":\"en-US\",\"@id\":\"https:\\\/\\\/uees.edu.ec\\\/edtech-news-networking-in-motion-reunio-a-lideres-tecnologicos-para-analizar-la-transformacion-de-la-educacion-digital\\\/#primaryimage\",\"url\":\"https:\\\/\\\/uees.edu.ec\\\/wp-content\\\/uploads\\\/2026\\\/09\\\/WhatsApp-Image-2026-09-03-at-3.30.25-PM.jpeg\",\"contentUrl\":\"https:\\\/\\\/uees.edu.ec\\\/wp-content\\\/uploads\\\/2026\\\/09\\\/WhatsApp-Image-2026-09-03-at-3.30.25-PM.jpeg\",\"width\":1600,\"height\":1063},{\"@type\":\"BreadcrumbList\",\"@id\":\"https:\\\/\\\/uees.edu.ec\\\/edtech-news-networking-in-motion-reunio-a-lideres-tecnologicos-para-analizar-la-transformacion-de-la-educacion-digital\\\/#breadcrumb\",\"itemListElement\":[{\"@type\":\"ListItem\",\"position\":1,\"name\":\"Home\",\"item\":\"https:\\\/\\\/uees.edu.ec\\\/\"},{\"@type\":\"ListItem\",\"position\":2,\"name\":\"EDTECH NEWS: Networking in motion reuni\u00f3 a l\u00edderes tecnol\u00f3gicos para analizar la transformaci\u00f3n de la educaci\u00f3n digital\"}]},{\"@type\":\"WebSite\",\"@id\":\"https:\\\/\\\/uees.edu.ec\\\/#website\",\"url\":\"https:\\\/\\\/uees.edu.ec\\\/\",\"name\":\"Universidad Esp\u00edritu Santo - UEES\",\"description\":\"En constante innovaci\u00f3n\",\"publisher\":{\"@id\":\"https:\\\/\\\/uees.edu.ec\\\/#organization\"},\"alternateName\":\"Universidad Esp\u00edritu Santo - UEES\",\"potentialAction\":[{\"@type\":\"SearchAction\",\"target\":{\"@type\":\"EntryPoint\",\"urlTemplate\":\"https:\\\/\\\/uees.edu.ec\\\/?s={search_term_string}\"},\"query-input\":{\"@type\":\"PropertyValueSpecification\",\"valueRequired\":true,\"valueName\":\"search_term_string\"}}],\"inLanguage\":\"en-US\"},{\"@type\":\"Organization\",\"@id\":\"https:\\\/\\\/uees.edu.ec\\\/#organization\",\"name\":\"Universidad Esp\u00edritu Santo - UEES\",\"alternateName\":\"La mejor universidad en Ecuador\",\"url\":\"https:\\\/\\\/uees.edu.ec\\\/\",\"logo\":{\"@type\":\"ImageObject\",\"inLanguage\":\"en-US\",\"@id\":\"https:\\\/\\\/uees.edu.ec\\\/#\\\/schema\\\/logo\\\/image\\\/\",\"url\":\"https:\\\/\\\/uees.edu.ec\\\/wp-content\\\/uploads\\\/2021\\\/03\\\/Logo-UEES.png\",\"contentUrl\":\"https:\\\/\\\/uees.edu.ec\\\/wp-content\\\/uploads\\\/2021\\\/03\\\/Logo-UEES.png\",\"width\":221,\"height\":86,\"caption\":\"Universidad Esp\u00edritu Santo - UEES\"},\"image\":{\"@id\":\"https:\\\/\\\/uees.edu.ec\\\/#\\\/schema\\\/logo\\\/image\\\/\"},\"sameAs\":[\"https:\\\/\\\/www.facebook.com\\\/universidadespiritusanto\",\"https:\\\/\\\/x.com\\\/uees_ec\",\"https:\\\/\\\/www.instagram.com\\\/uees_ec\\\/\",\"https:\\\/\\\/www.linkedin.com\\\/school\\\/esp-ritu-santo\",\"https:\\\/\\\/www.youtube.com\\\/user\\\/UEES2009\",\"https:\\\/\\\/es.wikipedia.org\\\/wiki\\\/Universidad_de_Especialidades_Esp\u00edritu_Santo\"]},{\"@type\":\"Person\",\"@id\":\"https:\\\/\\\/uees.edu.ec\\\/#\\\/schema\\\/person\\\/d63ccd280ffea0cfa500ff8e223df681\",\"name\":\"Elisa NIeto\",\"image\":{\"@type\":\"ImageObject\",\"inLanguage\":\"en-US\",\"@id\":\"https:\\\/\\\/secure.gravatar.com\\\/avatar\\\/605564af463a7fd0c423bca29297cbceebac05a022669b655b2f2dcd2c6bf03e?s=96&d=mm&r=g\",\"url\":\"https:\\\/\\\/secure.gravatar.com\\\/avatar\\\/605564af463a7fd0c423bca29297cbceebac05a022669b655b2f2dcd2c6bf03e?s=96&d=mm&r=g\",\"contentUrl\":\"https:\\\/\\\/secure.gravatar.com\\\/avatar\\\/605564af463a7fd0c423bca29297cbceebac05a022669b655b2f2dcd2c6bf03e?s=96&d=mm&r=g\",\"caption\":\"Elisa NIeto\"},\"url\":\"https:\\\/\\\/uees.edu.ec\\\/en\\\/author\\\/elisa-nieto\\\/\"}]}<\/script>\n<!-- \/ Yoast SEO Premium plugin. -->","yoast_head_json":{"title":"EDTECH NEWS: Networking in motion reuni\u00f3 a l\u00edderes tecnol\u00f3gicos para analizar la transformaci\u00f3n de la educaci\u00f3n digital - UEES - Universidad Esp\u00edritu Santo","robots":{"index":"index","follow":"follow","max-snippet":"max-snippet:-1","max-image-preview":"max-image-preview:large","max-video-preview":"max-video-preview:-1"},"canonical":"https:\/\/uees.edu.ec\/en\/edtech-news-networking-in-motion-reunio-a-lideres-tecnologicos-para-analizar-la-transformacion-de-la-educacion-digital\/","og_locale":"en_US","og_type":"article","og_title":"EDTECH NEWS: Networking in motion reuni\u00f3 a l\u00edderes tecnol\u00f3gicos para analizar la transformaci\u00f3n de la educaci\u00f3n digital","og_description":"La Universidad Esp\u00edritu Santo (UEES) desarroll\u00f3 la segunda edici\u00f3n de \u201cEdTech News: The Networking in Motion\u201d, un espacio que reuni\u00f3 a l\u00edderes, expertos y aliados tecnol\u00f3gicos para analizar la evoluci\u00f3n de la educaci\u00f3n digital y las tendencias que est\u00e1n transformando los procesos de ense\u00f1anza y aprendizaje. Durante la jornada, Ramiro Guzm\u00e1n Puentes, CEO de Data [&hellip;]","og_url":"https:\/\/uees.edu.ec\/en\/edtech-news-networking-in-motion-reunio-a-lideres-tecnologicos-para-analizar-la-transformacion-de-la-educacion-digital\/","og_site_name":"UEES - Universidad Esp\u00edritu Santo","article_publisher":"https:\/\/www.facebook.com\/universidadespiritusanto","article_published_time":"2026-08-13T19:54:02+00:00","article_modified_time":"2026-09-03T21:28:08+00:00","og_image":[{"width":1600,"height":1063,"url":"https:\/\/uees.edu.ec\/wp-content\/uploads\/2026\/09\/WhatsApp-Image-2026-09-03-at-3.30.25-PM.jpeg","type":"image\/jpeg"}],"author":"Elisa NIeto","twitter_card":"summary_large_image","twitter_creator":"@uees_ec","twitter_site":"@uees_ec","twitter_misc":{"Written by":"Elisa NIeto","Est. reading time":"3 minutes"},"schema":{"@context":"https:\/\/schema.org","@graph":[{"@type":["Article","BlogPosting"],"@id":"https:\/\/uees.edu.ec\/edtech-news-networking-in-motion-reunio-a-lideres-tecnologicos-para-analizar-la-transformacion-de-la-educacion-digital\/#article","isPartOf":{"@id":"https:\/\/uees.edu.ec\/edtech-news-networking-in-motion-reunio-a-lideres-tecnologicos-para-analizar-la-transformacion-de-la-educacion-digital\/"},"author":{"name":"Elisa NIeto","@id":"https:\/\/uees.edu.ec\/#\/schema\/person\/d63ccd280ffea0cfa500ff8e223df681"},"headline":"EDTECH NEWS: Networking in motion reuni\u00f3 a l\u00edderes tecnol\u00f3gicos para analizar la transformaci\u00f3n de la educaci\u00f3n digital","datePublished":"2026-08-13T19:54:02+00:00","dateModified":"2026-09-03T21:28:08+00:00","mainEntityOfPage":{"@id":"https:\/\/uees.edu.ec\/edtech-news-networking-in-motion-reunio-a-lideres-tecnologicos-para-analizar-la-transformacion-de-la-educacion-digital\/"},"wordCount":350,"commentCount":0,"publisher":{"@id":"https:\/\/uees.edu.ec\/#organization"},"image":{"@id":"https:\/\/uees.edu.ec\/edtech-news-networking-in-motion-reunio-a-lideres-tecnologicos-para-analizar-la-transformacion-de-la-educacion-digital\/#primaryimage"},"thumbnailUrl":"https:\/\/uees.edu.ec\/wp-content\/uploads\/2026\/09\/WhatsApp-Image-2026-09-03-at-3.30.25-PM.jpeg","articleSection":["Noticias"],"inLanguage":"en-US","potentialAction":[{"@type":"CommentAction","name":"Comment","target":["https:\/\/uees.edu.ec\/edtech-news-networking-in-motion-reunio-a-lideres-tecnologicos-para-analizar-la-transformacion-de-la-educacion-digital\/#respond"]}]},{"@type":"WebPage","@id":"https:\/\/uees.edu.ec\/edtech-news-networking-in-motion-reunio-a-lideres-tecnologicos-para-analizar-la-transformacion-de-la-educacion-digital\/","url":"https:\/\/uees.edu.ec\/edtech-news-networking-in-motion-reunio-a-lideres-tecnologicos-para-analizar-la-transformacion-de-la-educacion-digital\/","name":"EDTECH NEWS: Networking in motion reuni\u00f3 a l\u00edderes tecnol\u00f3gicos para analizar la transformaci\u00f3n de la educaci\u00f3n digital - UEES - Universidad Esp\u00edritu Santo","isPartOf":{"@id":"https:\/\/uees.edu.ec\/#website"},"primaryImageOfPage":{"@id":"https:\/\/uees.edu.ec\/edtech-news-networking-in-motion-reunio-a-lideres-tecnologicos-para-analizar-la-transformacion-de-la-educacion-digital\/#primaryimage"},"image":{"@id":"https:\/\/uees.edu.ec\/edtech-news-networking-in-motion-reunio-a-lideres-tecnologicos-para-analizar-la-transformacion-de-la-educacion-digital\/#primaryimage"},"thumbnailUrl":"https:\/\/uees.edu.ec\/wp-content\/uploads\/2026\/09\/WhatsApp-Image-2026-09-03-at-3.30.25-PM.jpeg","datePublished":"2026-08-13T19:54:02+00:00","dateModified":"2026-09-03T21:28:08+00:00","breadcrumb":{"@id":"https:\/\/uees.edu.ec\/edtech-news-networking-in-motion-reunio-a-lideres-tecnologicos-para-analizar-la-transformacion-de-la-educacion-digital\/#breadcrumb"},"inLanguage":"en-US","potentialAction":[{"@type":"ReadAction","target":["https:\/\/uees.edu.ec\/edtech-news-networking-in-motion-reunio-a-lideres-tecnologicos-para-analizar-la-transformacion-de-la-educacion-digital\/"]}]},{"@type":"ImageObject","inLanguage":"en-US","@id":"https:\/\/uees.edu.ec\/edtech-news-networking-in-motion-reunio-a-lideres-tecnologicos-para-analizar-la-transformacion-de-la-educacion-digital\/#primaryimage","url":"https:\/\/uees.edu.ec\/wp-content\/uploads\/2026\/09\/WhatsApp-Image-2026-09-03-at-3.30.25-PM.jpeg","contentUrl":"https:\/\/uees.edu.ec\/wp-content\/uploads\/2026\/09\/WhatsApp-Image-2026-09-03-at-3.30.25-PM.jpeg","width":1600,"height":1063},{"@type":"BreadcrumbList","@id":"https:\/\/uees.edu.ec\/edtech-news-networking-in-motion-reunio-a-lideres-tecnologicos-para-analizar-la-transformacion-de-la-educacion-digital\/#breadcrumb","itemListElement":[{"@type":"ListItem","position":1,"name":"Home","item":"https:\/\/uees.edu.ec\/"},{"@type":"ListItem","position":2,"name":"EDTECH NEWS: Networking in motion reuni\u00f3 a l\u00edderes tecnol\u00f3gicos para analizar la transformaci\u00f3n de la educaci\u00f3n digital"}]},{"@type":"WebSite","@id":"https:\/\/uees.edu.ec\/#website","url":"https:\/\/uees.edu.ec\/","name":"Espiritu Santo University - UEES","description":"In constant innovation","publisher":{"@id":"https:\/\/uees.edu.ec\/#organization"},"alternateName":"Universidad Esp\u00edritu Santo - UEES","potentialAction":[{"@type":"SearchAction","target":{"@type":"EntryPoint","urlTemplate":"https:\/\/uees.edu.ec\/?s={search_term_string}"},"query-input":{"@type":"PropertyValueSpecification","valueRequired":true,"valueName":"search_term_string"}}],"inLanguage":"en-US"},{"@type":"Organization","@id":"https:\/\/uees.edu.ec\/#organization","name":"Espiritu Santo University - UEES","alternateName":"La mejor universidad en Ecuador","url":"https:\/\/uees.edu.ec\/","logo":{"@type":"ImageObject","inLanguage":"en-US","@id":"https:\/\/uees.edu.ec\/#\/schema\/logo\/image\/","url":"https:\/\/uees.edu.ec\/wp-content\/uploads\/2021\/03\/Logo-UEES.png","contentUrl":"https:\/\/uees.edu.ec\/wp-content\/uploads\/2021\/03\/Logo-UEES.png","width":221,"height":86,"caption":"Universidad Esp\u00edritu Santo - UEES"},"image":{"@id":"https:\/\/uees.edu.ec\/#\/schema\/logo\/image\/"},"sameAs":["https:\/\/www.facebook.com\/universidadespiritusanto","https:\/\/x.com\/uees_ec","https:\/\/www.instagram.com\/uees_ec\/","https:\/\/www.linkedin.com\/school\/esp-ritu-santo","https:\/\/www.youtube.com\/user\/UEES2009","https:\/\/es.wikipedia.org\/wiki\/Universidad_de_Especialidades_Esp\u00edritu_Santo"]},{"@type":"Person","@id":"https:\/\/uees.edu.ec\/#\/schema\/person\/d63ccd280ffea0cfa500ff8e223df681","name":"Elisa NIeto","image":{"@type":"ImageObject","inLanguage":"en-US","@id":"https:\/\/secure.gravatar.com\/avatar\/605564af463a7fd0c423bca29297cbceebac05a022669b655b2f2dcd2c6bf03e?s=96&d=mm&r=g","url":"https:\/\/secure.gravatar.com\/avatar\/605564af463a7fd0c423bca29297cbceebac05a022669b655b2f2dcd2c6bf03e?s=96&d=mm&r=g","contentUrl":"https:\/\/secure.gravatar.com\/avatar\/605564af463a7fd0c423bca29297cbceebac05a022669b655b2f2dcd2c6bf03e?s=96&d=mm&r=g","caption":"Elisa NIeto"},"url":"https:\/\/uees.edu.ec\/en\/author\/elisa-nieto\/"}]}},"_links":{"self":[{"href":"https:\/\/uees.edu.ec\/en\/wp-json\/wp\/v2\/posts\/35116","targetHints":{"allow":["GET"]}}],"collection":[{"href":"https:\/\/uees.edu.ec\/en\/wp-json\/wp\/v2\/posts"}],"about":[{"href":"https:\/\/uees.edu.ec\/en\/wp-json\/wp\/v2\/types\/post"}],"author":[{"embeddable":true,"href":"https:\/\/uees.edu.ec\/en\/wp-json\/wp\/v2\/users\/10000093"}],"replies":[{"embeddable":true,"href":"https:\/\/uees.edu.ec\/en\/wp-json\/wp\/v2\/comments?post=35116"}],"version-history":[{"count":3,"href":"https:\/\/uees.edu.ec\/en\/wp-json\/wp\/v2\/posts\/35116\/revisions"}],"predecessor-version":[{"id":35122,"href":"https:\/\/uees.edu.ec\/en\/wp-json\/wp\/v2\/posts\/35116\/revisions\/35122"}],"wp:featuredmedia":[{"embeddable":true,"href":"https:\/\/uees.edu.ec\/en\/wp-json\/wp\/v2\/media\/35117"}],"wp:attachment":[{"href":"https:\/\/uees.edu.ec\/en\/wp-json\/wp\/v2\/media?parent=35116"}],"wp:term":[{"taxonomy":"category","embeddable":true,"href":"https:\/\/uees.edu.ec\/en\/wp-json\/wp\/v2\/categories?post=35116"},{"taxonomy":"post_tag","embeddable":true,"href":"https:\/\/uees.edu.ec\/en\/wp-json\/wp\/v2\/tags?post=35116"}],"curies":[{"name":"wp","href":"https:\/\/api.w.org\/{rel}","templated":true}]}}