{"id":35106,"date":"2026-08-24T13:34:57","date_gmt":"2026-08-24T18:34:57","guid":{"rendered":"https:\/\/uees.edu.ec\/?p=35106"},"modified":"2026-09-03T14:02:01","modified_gmt":"2026-09-03T19:02:01","slug":"especialistas-internacionales-analizaron-el-vinculo-entre-nutricion-y-salud-mental","status":"publish","type":"post","link":"https:\/\/uees.edu.ec\/en\/especialistas-internacionales-analizaron-el-vinculo-entre-nutricion-y-salud-mental\/","title":{"rendered":"Especialistas internacionales analizaron el v\u00ednculo entre nutrici\u00f3n y salud mental en Congreso"},"content":{"rendered":"<p class=\"isSelectedEnd\"><em>18 expertos de Ecuador, Espa\u00f1a, Brasil y Colombia abordaron temas relacionados con nutrici\u00f3n cl\u00ednica, salud hormonal, microbiota, nutrici\u00f3n pedi\u00e1trica, TCA y salud mental.<\/em><\/p>\n<p><img loading=\"lazy\" decoding=\"async\" class=\"alignnone size-large wp-image-35107\" src=\"https:\/\/uees.edu.ec\/wp-content\/uploads\/2026\/09\/Captura-de-pantalla-2026-09-03-a-las-1.38.16-p.-m-1024x670.png\" alt=\"\" width=\"1024\" height=\"670\" srcset=\"https:\/\/uees.edu.ec\/wp-content\/uploads\/2026\/09\/Captura-de-pantalla-2026-09-03-a-las-1.38.16-p.-m-1024x670.png 1024w, https:\/\/uees.edu.ec\/wp-content\/uploads\/2026\/09\/Captura-de-pantalla-2026-09-03-a-las-1.38.16-p.-m-300x196.png 300w, https:\/\/uees.edu.ec\/wp-content\/uploads\/2026\/09\/Captura-de-pantalla-2026-09-03-a-las-1.38.16-p.-m-768x503.png 768w, https:\/\/uees.edu.ec\/wp-content\/uploads\/2026\/09\/Captura-de-pantalla-2026-09-03-a-las-1.38.16-p.-m-1536x1005.png 1536w, https:\/\/uees.edu.ec\/wp-content\/uploads\/2026\/09\/Captura-de-pantalla-2026-09-03-a-las-1.38.16-p.-m-18x12.png 18w, https:\/\/uees.edu.ec\/wp-content\/uploads\/2026\/09\/Captura-de-pantalla-2026-09-03-a-las-1.38.16-p.-m.png 1626w\" sizes=\"auto, (max-width: 1024px) 100vw, 1024px\" \/><\/p>\n<p class=\"isSelectedEnd\">La Universidad Esp\u00edritu Santo (UEES), a trav\u00e9s de su Escuela de Nutrici\u00f3n, realiz\u00f3 el <strong>II Congreso de Nutrici\u00f3n: Ciencia, Innovaci\u00f3n y Desarrollo<\/strong>, un encuentro acad\u00e9mico internacional que reuni\u00f3 a 18 especialistas de Ecuador, Espa\u00f1a, Brasil y Colombia para analizar los avances m\u00e1s relevantes de la nutrici\u00f3n y su impacto en la prevenci\u00f3n, diagn\u00f3stico y tratamiento de enfermedades. El evento se desarroll\u00f3 los d\u00edas <strong>21 y 22 de agosto<\/strong> y fortaleci\u00f3 la actualizaci\u00f3n de profesionales y estudiantes de las ciencias de la salud.<\/p>\n<p class=\"isSelectedEnd\">Durante dos jornadas, el congreso abord\u00f3 temas de alta relevancia para la pr\u00e1ctica cl\u00ednica, entre ellos <strong>nutrici\u00f3n funcional, tendencias emergentes en nutrici\u00f3n cl\u00ednica, salud hormonal y metabolismo, nutrici\u00f3n pedi\u00e1trica, microbiota, nutrici\u00f3n oncol\u00f3gica y trastornos de la conducta alimentaria (TCA)<\/strong> vinculados con la salud mental. El programa incluy\u00f3 conferencias magistrales, paneles especializados, an\u00e1lisis de casos cl\u00ednicos y espacios de interacci\u00f3n con expertos, con \u00e9nfasis en evidencia cient\u00edfica actualizada y herramientas aplicables al ejercicio profesional.<\/p>\n<p class=\"isSelectedEnd\">Entre los principales ponentes internacionales estuvieron <strong>Luis Caba\u00f1as, de Espa\u00f1a, dietista-nutricionista, MSc en Nutrici\u00f3n Cl\u00ednica Oncol\u00f3gica, MSc en Salud P\u00fablica y PhD en Medicina<\/strong>; y <strong>Jarson Costa, de Brasil, dietista-nutricionista, MSc en Nutrici\u00f3n Cl\u00ednica, PhDc en Nutrici\u00f3n Oncol\u00f3gica y miembro del comit\u00e9 cient\u00edfico de la Associa\u00e7\u00e3o Brasileira de Nutri\u00e7\u00e3o Oncol\u00f3gica<\/strong>. Ambos compartieron su experiencia en el campo de la nutrici\u00f3n cl\u00ednica y oncol\u00f3gica, como parte de una agenda que reuni\u00f3 referentes internacionales y especialistas nacionales.<\/p>\n<p><img loading=\"lazy\" decoding=\"async\" class=\"alignnone size-large wp-image-35109\" src=\"https:\/\/uees.edu.ec\/wp-content\/uploads\/2026\/09\/Captura-de-pantalla-2026-09-03-a-las-1.36.51-p.-m-1-1024x697.png\" alt=\"\" width=\"1024\" height=\"697\" srcset=\"https:\/\/uees.edu.ec\/wp-content\/uploads\/2026\/09\/Captura-de-pantalla-2026-09-03-a-las-1.36.51-p.-m-1-1024x697.png 1024w, https:\/\/uees.edu.ec\/wp-content\/uploads\/2026\/09\/Captura-de-pantalla-2026-09-03-a-las-1.36.51-p.-m-1-300x204.png 300w, https:\/\/uees.edu.ec\/wp-content\/uploads\/2026\/09\/Captura-de-pantalla-2026-09-03-a-las-1.36.51-p.-m-1-768x523.png 768w, https:\/\/uees.edu.ec\/wp-content\/uploads\/2026\/09\/Captura-de-pantalla-2026-09-03-a-las-1.36.51-p.-m-1-1536x1045.png 1536w, https:\/\/uees.edu.ec\/wp-content\/uploads\/2026\/09\/Captura-de-pantalla-2026-09-03-a-las-1.36.51-p.-m-1-18x12.png 18w, https:\/\/uees.edu.ec\/wp-content\/uploads\/2026\/09\/Captura-de-pantalla-2026-09-03-a-las-1.36.51-p.-m-1.png 1608w\" sizes=\"auto, (max-width: 1024px) 100vw, 1024px\" \/><\/p>\n<p class=\"isSelectedEnd\">\u201cHoy, la nutrici\u00f3n ha dejado de ser un complemento para convertirse en un pilar fundamental en la prevenci\u00f3n, diagn\u00f3stico y tratamiento de enfermedades. Este congreso nace como una respuesta a la necesidad de actualizaci\u00f3n constante de los profesionales de la salud, integrando ciencia, pr\u00e1ctica cl\u00ednica y bienestar integral\u201d, se\u00f1al\u00f3 <strong>Adriana P\u00e9rez, directora de la Escuela de Nutrici\u00f3n de la UEES<\/strong>.<\/p>\n<p><img loading=\"lazy\" decoding=\"async\" class=\"alignnone size-large wp-image-35110\" src=\"https:\/\/uees.edu.ec\/wp-content\/uploads\/2026\/09\/Captura-de-pantalla-2026-09-03-a-las-1.39.12-p.-m-1024x589.png\" alt=\"\" width=\"1024\" height=\"589\" srcset=\"https:\/\/uees.edu.ec\/wp-content\/uploads\/2026\/09\/Captura-de-pantalla-2026-09-03-a-las-1.39.12-p.-m-1024x589.png 1024w, https:\/\/uees.edu.ec\/wp-content\/uploads\/2026\/09\/Captura-de-pantalla-2026-09-03-a-las-1.39.12-p.-m-300x173.png 300w, https:\/\/uees.edu.ec\/wp-content\/uploads\/2026\/09\/Captura-de-pantalla-2026-09-03-a-las-1.39.12-p.-m-768x442.png 768w, https:\/\/uees.edu.ec\/wp-content\/uploads\/2026\/09\/Captura-de-pantalla-2026-09-03-a-las-1.39.12-p.-m-1536x884.png 1536w, https:\/\/uees.edu.ec\/wp-content\/uploads\/2026\/09\/Captura-de-pantalla-2026-09-03-a-las-1.39.12-p.-m-18x10.png 18w, https:\/\/uees.edu.ec\/wp-content\/uploads\/2026\/09\/Captura-de-pantalla-2026-09-03-a-las-1.39.12-p.-m.png 1644w\" sizes=\"auto, (max-width: 1024px) 100vw, 1024px\" \/><\/p>\n<p>Tras una exitosa primera edici\u00f3n en 2025, esta segunda edici\u00f3n <strong>consolid\u00f3 al Congreso de Nutrici\u00f3n como un espacio de referencia para la actualizaci\u00f3n cient\u00edfica y la transformaci\u00f3n de la pr\u00e1ctica profesional en el pa\u00eds<\/strong>, promoviendo el intercambio de conocimientos y la integraci\u00f3n de nuevas perspectivas en torno a la nutrici\u00f3n y la salud integral.<\/p>","protected":false},"excerpt":{"rendered":"<p>18 expertos de Ecuador, Espa\u00f1a, Brasil y Colombia abordaron temas relacionados con nutrici\u00f3n cl\u00ednica, salud hormonal, microbiota, nutrici\u00f3n pedi\u00e1trica, TCA y salud mental. La Universidad Esp\u00edritu Santo (UEES), a trav\u00e9s de su Escuela de Nutrici\u00f3n, realiz\u00f3 el II Congreso de Nutrici\u00f3n: Ciencia, Innovaci\u00f3n y Desarrollo, un encuentro acad\u00e9mico internacional que reuni\u00f3 a 18 especialistas de [&hellip;]<\/p>\n","protected":false},"author":10000093,"featured_media":35107,"comment_status":"open","ping_status":"open","sticky":false,"template":"","format":"standard","meta":{"_acf_changed":false,"footnotes":""},"categories":[75,568],"tags":[833],"class_list":["post-35106","post","type-post","status-publish","format-standard","has-post-thumbnail","hentry","category-noticias","category-salud","tag-nutricion"],"acf":[],"yoast_head":"<!-- This site is optimized with the Yoast SEO Premium plugin v27.4 (Yoast SEO v27.4) - https:\/\/yoast.com\/product\/yoast-seo-premium-wordpress\/ -->\n<title>Especialistas internacionales analizaron el v\u00ednculo entre nutrici\u00f3n y salud mental en Congreso - UEES - Universidad Esp\u00edritu Santo<\/title>\n<meta name=\"robots\" content=\"index, follow, max-snippet:-1, max-image-preview:large, max-video-preview:-1\" \/>\n<link rel=\"canonical\" href=\"https:\/\/uees.edu.ec\/en\/especialistas-internacionales-analizaron-el-vinculo-entre-nutricion-y-salud-mental\/\" \/>\n<meta property=\"og:locale\" content=\"en_US\" \/>\n<meta property=\"og:type\" content=\"article\" \/>\n<meta property=\"og:title\" content=\"Especialistas internacionales analizaron el v\u00ednculo entre nutrici\u00f3n y salud mental en Congreso\" \/>\n<meta property=\"og:description\" content=\"18 expertos de Ecuador, Espa\u00f1a, Brasil y Colombia abordaron temas relacionados con nutrici\u00f3n cl\u00ednica, salud hormonal, microbiota, nutrici\u00f3n pedi\u00e1trica, TCA y salud mental. La Universidad Esp\u00edritu Santo (UEES), a trav\u00e9s de su Escuela de Nutrici\u00f3n, realiz\u00f3 el II Congreso de Nutrici\u00f3n: Ciencia, Innovaci\u00f3n y Desarrollo, un encuentro acad\u00e9mico internacional que reuni\u00f3 a 18 especialistas de [&hellip;]\" \/>\n<meta property=\"og:url\" content=\"https:\/\/uees.edu.ec\/en\/especialistas-internacionales-analizaron-el-vinculo-entre-nutricion-y-salud-mental\/\" \/>\n<meta property=\"og:site_name\" content=\"UEES - Universidad Esp\u00edritu Santo\" \/>\n<meta property=\"article:publisher\" content=\"https:\/\/www.facebook.com\/universidadespiritusanto\" \/>\n<meta property=\"article:published_time\" content=\"2026-08-24T18:34:57+00:00\" \/>\n<meta property=\"article:modified_time\" content=\"2026-09-03T19:02:01+00:00\" \/>\n<meta property=\"og:image\" content=\"https:\/\/uees.edu.ec\/wp-content\/uploads\/2026\/09\/Captura-de-pantalla-2026-09-03-a-las-1.38.16-p.-m-1024x670.png\" \/>\n\t<meta property=\"og:image:width\" content=\"1024\" \/>\n\t<meta property=\"og:image:height\" content=\"670\" \/>\n\t<meta property=\"og:image:type\" content=\"image\/png\" \/>\n<meta name=\"author\" content=\"Elisa NIeto\" \/>\n<meta name=\"twitter:card\" content=\"summary_large_image\" \/>\n<meta name=\"twitter:creator\" content=\"@uees_ec\" \/>\n<meta name=\"twitter:site\" content=\"@uees_ec\" \/>\n<meta name=\"twitter:label1\" content=\"Written by\" \/>\n\t<meta name=\"twitter:data1\" content=\"Elisa NIeto\" \/>\n\t<meta name=\"twitter:label2\" content=\"Est. reading time\" \/>\n\t<meta name=\"twitter:data2\" content=\"3 minutes\" \/>\n<script type=\"application\/ld+json\" class=\"yoast-schema-graph\">{\"@context\":\"https:\\\/\\\/schema.org\",\"@graph\":[{\"@type\":[\"Article\",\"BlogPosting\"],\"@id\":\"https:\\\/\\\/uees.edu.ec\\\/especialistas-internacionales-analizaron-el-vinculo-entre-nutricion-y-salud-mental\\\/#article\",\"isPartOf\":{\"@id\":\"https:\\\/\\\/uees.edu.ec\\\/especialistas-internacionales-analizaron-el-vinculo-entre-nutricion-y-salud-mental\\\/\"},\"author\":{\"name\":\"Elisa NIeto\",\"@id\":\"https:\\\/\\\/uees.edu.ec\\\/#\\\/schema\\\/person\\\/d63ccd280ffea0cfa500ff8e223df681\"},\"headline\":\"Especialistas internacionales analizaron el v\u00ednculo entre nutrici\u00f3n y salud mental en Congreso\",\"datePublished\":\"2026-08-24T18:34:57+00:00\",\"dateModified\":\"2026-09-03T19:02:01+00:00\",\"mainEntityOfPage\":{\"@id\":\"https:\\\/\\\/uees.edu.ec\\\/especialistas-internacionales-analizaron-el-vinculo-entre-nutricion-y-salud-mental\\\/\"},\"wordCount\":443,\"commentCount\":0,\"publisher\":{\"@id\":\"https:\\\/\\\/uees.edu.ec\\\/#organization\"},\"image\":{\"@id\":\"https:\\\/\\\/uees.edu.ec\\\/especialistas-internacionales-analizaron-el-vinculo-entre-nutricion-y-salud-mental\\\/#primaryimage\"},\"thumbnailUrl\":\"https:\\\/\\\/uees.edu.ec\\\/wp-content\\\/uploads\\\/2026\\\/09\\\/Captura-de-pantalla-2026-09-03-a-las-1.38.16-p.-m.png\",\"keywords\":[\"nutrici\u00f3n\"],\"articleSection\":[\"Noticias\",\"Salud\"],\"inLanguage\":\"en-US\",\"potentialAction\":[{\"@type\":\"CommentAction\",\"name\":\"Comment\",\"target\":[\"https:\\\/\\\/uees.edu.ec\\\/especialistas-internacionales-analizaron-el-vinculo-entre-nutricion-y-salud-mental\\\/#respond\"]}]},{\"@type\":\"WebPage\",\"@id\":\"https:\\\/\\\/uees.edu.ec\\\/especialistas-internacionales-analizaron-el-vinculo-entre-nutricion-y-salud-mental\\\/\",\"url\":\"https:\\\/\\\/uees.edu.ec\\\/especialistas-internacionales-analizaron-el-vinculo-entre-nutricion-y-salud-mental\\\/\",\"name\":\"Especialistas internacionales analizaron el v\u00ednculo entre nutrici\u00f3n y salud mental en Congreso - UEES - Universidad Esp\u00edritu Santo\",\"isPartOf\":{\"@id\":\"https:\\\/\\\/uees.edu.ec\\\/#website\"},\"primaryImageOfPage\":{\"@id\":\"https:\\\/\\\/uees.edu.ec\\\/especialistas-internacionales-analizaron-el-vinculo-entre-nutricion-y-salud-mental\\\/#primaryimage\"},\"image\":{\"@id\":\"https:\\\/\\\/uees.edu.ec\\\/especialistas-internacionales-analizaron-el-vinculo-entre-nutricion-y-salud-mental\\\/#primaryimage\"},\"thumbnailUrl\":\"https:\\\/\\\/uees.edu.ec\\\/wp-content\\\/uploads\\\/2026\\\/09\\\/Captura-de-pantalla-2026-09-03-a-las-1.38.16-p.-m.png\",\"datePublished\":\"2026-08-24T18:34:57+00:00\",\"dateModified\":\"2026-09-03T19:02:01+00:00\",\"breadcrumb\":{\"@id\":\"https:\\\/\\\/uees.edu.ec\\\/especialistas-internacionales-analizaron-el-vinculo-entre-nutricion-y-salud-mental\\\/#breadcrumb\"},\"inLanguage\":\"en-US\",\"potentialAction\":[{\"@type\":\"ReadAction\",\"target\":[\"https:\\\/\\\/uees.edu.ec\\\/especialistas-internacionales-analizaron-el-vinculo-entre-nutricion-y-salud-mental\\\/\"]}]},{\"@type\":\"ImageObject\",\"inLanguage\":\"en-US\",\"@id\":\"https:\\\/\\\/uees.edu.ec\\\/especialistas-internacionales-analizaron-el-vinculo-entre-nutricion-y-salud-mental\\\/#primaryimage\",\"url\":\"https:\\\/\\\/uees.edu.ec\\\/wp-content\\\/uploads\\\/2026\\\/09\\\/Captura-de-pantalla-2026-09-03-a-las-1.38.16-p.-m.png\",\"contentUrl\":\"https:\\\/\\\/uees.edu.ec\\\/wp-content\\\/uploads\\\/2026\\\/09\\\/Captura-de-pantalla-2026-09-03-a-las-1.38.16-p.-m.png\",\"width\":1626,\"height\":1064},{\"@type\":\"BreadcrumbList\",\"@id\":\"https:\\\/\\\/uees.edu.ec\\\/especialistas-internacionales-analizaron-el-vinculo-entre-nutricion-y-salud-mental\\\/#breadcrumb\",\"itemListElement\":[{\"@type\":\"ListItem\",\"position\":1,\"name\":\"Home\",\"item\":\"https:\\\/\\\/uees.edu.ec\\\/\"},{\"@type\":\"ListItem\",\"position\":2,\"name\":\"Especialistas internacionales analizaron el v\u00ednculo entre nutrici\u00f3n y salud mental en Congreso\"}]},{\"@type\":\"WebSite\",\"@id\":\"https:\\\/\\\/uees.edu.ec\\\/#website\",\"url\":\"https:\\\/\\\/uees.edu.ec\\\/\",\"name\":\"Universidad Esp\u00edritu Santo - UEES\",\"description\":\"En constante innovaci\u00f3n\",\"publisher\":{\"@id\":\"https:\\\/\\\/uees.edu.ec\\\/#organization\"},\"alternateName\":\"Universidad Esp\u00edritu Santo - UEES\",\"potentialAction\":[{\"@type\":\"SearchAction\",\"target\":{\"@type\":\"EntryPoint\",\"urlTemplate\":\"https:\\\/\\\/uees.edu.ec\\\/?s={search_term_string}\"},\"query-input\":{\"@type\":\"PropertyValueSpecification\",\"valueRequired\":true,\"valueName\":\"search_term_string\"}}],\"inLanguage\":\"en-US\"},{\"@type\":\"Organization\",\"@id\":\"https:\\\/\\\/uees.edu.ec\\\/#organization\",\"name\":\"Universidad Esp\u00edritu Santo - UEES\",\"alternateName\":\"La mejor universidad en Ecuador\",\"url\":\"https:\\\/\\\/uees.edu.ec\\\/\",\"logo\":{\"@type\":\"ImageObject\",\"inLanguage\":\"en-US\",\"@id\":\"https:\\\/\\\/uees.edu.ec\\\/#\\\/schema\\\/logo\\\/image\\\/\",\"url\":\"https:\\\/\\\/uees.edu.ec\\\/wp-content\\\/uploads\\\/2021\\\/03\\\/Logo-UEES.png\",\"contentUrl\":\"https:\\\/\\\/uees.edu.ec\\\/wp-content\\\/uploads\\\/2021\\\/03\\\/Logo-UEES.png\",\"width\":221,\"height\":86,\"caption\":\"Universidad Esp\u00edritu Santo - UEES\"},\"image\":{\"@id\":\"https:\\\/\\\/uees.edu.ec\\\/#\\\/schema\\\/logo\\\/image\\\/\"},\"sameAs\":[\"https:\\\/\\\/www.facebook.com\\\/universidadespiritusanto\",\"https:\\\/\\\/x.com\\\/uees_ec\",\"https:\\\/\\\/www.instagram.com\\\/uees_ec\\\/\",\"https:\\\/\\\/www.linkedin.com\\\/school\\\/esp-ritu-santo\",\"https:\\\/\\\/www.youtube.com\\\/user\\\/UEES2009\",\"https:\\\/\\\/es.wikipedia.org\\\/wiki\\\/Universidad_de_Especialidades_Esp\u00edritu_Santo\"]},{\"@type\":\"Person\",\"@id\":\"https:\\\/\\\/uees.edu.ec\\\/#\\\/schema\\\/person\\\/d63ccd280ffea0cfa500ff8e223df681\",\"name\":\"Elisa NIeto\",\"image\":{\"@type\":\"ImageObject\",\"inLanguage\":\"en-US\",\"@id\":\"https:\\\/\\\/secure.gravatar.com\\\/avatar\\\/605564af463a7fd0c423bca29297cbceebac05a022669b655b2f2dcd2c6bf03e?s=96&d=mm&r=g\",\"url\":\"https:\\\/\\\/secure.gravatar.com\\\/avatar\\\/605564af463a7fd0c423bca29297cbceebac05a022669b655b2f2dcd2c6bf03e?s=96&d=mm&r=g\",\"contentUrl\":\"https:\\\/\\\/secure.gravatar.com\\\/avatar\\\/605564af463a7fd0c423bca29297cbceebac05a022669b655b2f2dcd2c6bf03e?s=96&d=mm&r=g\",\"caption\":\"Elisa NIeto\"},\"url\":\"https:\\\/\\\/uees.edu.ec\\\/en\\\/author\\\/elisa-nieto\\\/\"}]}<\/script>\n<!-- \/ Yoast SEO Premium plugin. -->","yoast_head_json":{"title":"Especialistas internacionales analizaron el v\u00ednculo entre nutrici\u00f3n y salud mental en Congreso - UEES - Universidad Esp\u00edritu Santo","robots":{"index":"index","follow":"follow","max-snippet":"max-snippet:-1","max-image-preview":"max-image-preview:large","max-video-preview":"max-video-preview:-1"},"canonical":"https:\/\/uees.edu.ec\/en\/especialistas-internacionales-analizaron-el-vinculo-entre-nutricion-y-salud-mental\/","og_locale":"en_US","og_type":"article","og_title":"Especialistas internacionales analizaron el v\u00ednculo entre nutrici\u00f3n y salud mental en Congreso","og_description":"18 expertos de Ecuador, Espa\u00f1a, Brasil y Colombia abordaron temas relacionados con nutrici\u00f3n cl\u00ednica, salud hormonal, microbiota, nutrici\u00f3n pedi\u00e1trica, TCA y salud mental. La Universidad Esp\u00edritu Santo (UEES), a trav\u00e9s de su Escuela de Nutrici\u00f3n, realiz\u00f3 el II Congreso de Nutrici\u00f3n: Ciencia, Innovaci\u00f3n y Desarrollo, un encuentro acad\u00e9mico internacional que reuni\u00f3 a 18 especialistas de [&hellip;]","og_url":"https:\/\/uees.edu.ec\/en\/especialistas-internacionales-analizaron-el-vinculo-entre-nutricion-y-salud-mental\/","og_site_name":"UEES - Universidad Esp\u00edritu Santo","article_publisher":"https:\/\/www.facebook.com\/universidadespiritusanto","article_published_time":"2026-08-24T18:34:57+00:00","article_modified_time":"2026-09-03T19:02:01+00:00","og_image":[{"width":1024,"height":670,"url":"https:\/\/uees.edu.ec\/wp-content\/uploads\/2026\/09\/Captura-de-pantalla-2026-09-03-a-las-1.38.16-p.-m-1024x670.png","type":"image\/png"}],"author":"Elisa NIeto","twitter_card":"summary_large_image","twitter_creator":"@uees_ec","twitter_site":"@uees_ec","twitter_misc":{"Written by":"Elisa NIeto","Est. reading time":"3 minutes"},"schema":{"@context":"https:\/\/schema.org","@graph":[{"@type":["Article","BlogPosting"],"@id":"https:\/\/uees.edu.ec\/especialistas-internacionales-analizaron-el-vinculo-entre-nutricion-y-salud-mental\/#article","isPartOf":{"@id":"https:\/\/uees.edu.ec\/especialistas-internacionales-analizaron-el-vinculo-entre-nutricion-y-salud-mental\/"},"author":{"name":"Elisa NIeto","@id":"https:\/\/uees.edu.ec\/#\/schema\/person\/d63ccd280ffea0cfa500ff8e223df681"},"headline":"Especialistas internacionales analizaron el v\u00ednculo entre nutrici\u00f3n y salud mental en Congreso","datePublished":"2026-08-24T18:34:57+00:00","dateModified":"2026-09-03T19:02:01+00:00","mainEntityOfPage":{"@id":"https:\/\/uees.edu.ec\/especialistas-internacionales-analizaron-el-vinculo-entre-nutricion-y-salud-mental\/"},"wordCount":443,"commentCount":0,"publisher":{"@id":"https:\/\/uees.edu.ec\/#organization"},"image":{"@id":"https:\/\/uees.edu.ec\/especialistas-internacionales-analizaron-el-vinculo-entre-nutricion-y-salud-mental\/#primaryimage"},"thumbnailUrl":"https:\/\/uees.edu.ec\/wp-content\/uploads\/2026\/09\/Captura-de-pantalla-2026-09-03-a-las-1.38.16-p.-m.png","keywords":["nutrici\u00f3n"],"articleSection":["Noticias","Salud"],"inLanguage":"en-US","potentialAction":[{"@type":"CommentAction","name":"Comment","target":["https:\/\/uees.edu.ec\/especialistas-internacionales-analizaron-el-vinculo-entre-nutricion-y-salud-mental\/#respond"]}]},{"@type":"WebPage","@id":"https:\/\/uees.edu.ec\/especialistas-internacionales-analizaron-el-vinculo-entre-nutricion-y-salud-mental\/","url":"https:\/\/uees.edu.ec\/especialistas-internacionales-analizaron-el-vinculo-entre-nutricion-y-salud-mental\/","name":"Especialistas internacionales analizaron el v\u00ednculo entre nutrici\u00f3n y salud mental en Congreso - UEES - Universidad Esp\u00edritu Santo","isPartOf":{"@id":"https:\/\/uees.edu.ec\/#website"},"primaryImageOfPage":{"@id":"https:\/\/uees.edu.ec\/especialistas-internacionales-analizaron-el-vinculo-entre-nutricion-y-salud-mental\/#primaryimage"},"image":{"@id":"https:\/\/uees.edu.ec\/especialistas-internacionales-analizaron-el-vinculo-entre-nutricion-y-salud-mental\/#primaryimage"},"thumbnailUrl":"https:\/\/uees.edu.ec\/wp-content\/uploads\/2026\/09\/Captura-de-pantalla-2026-09-03-a-las-1.38.16-p.-m.png","datePublished":"2026-08-24T18:34:57+00:00","dateModified":"2026-09-03T19:02:01+00:00","breadcrumb":{"@id":"https:\/\/uees.edu.ec\/especialistas-internacionales-analizaron-el-vinculo-entre-nutricion-y-salud-mental\/#breadcrumb"},"inLanguage":"en-US","potentialAction":[{"@type":"ReadAction","target":["https:\/\/uees.edu.ec\/especialistas-internacionales-analizaron-el-vinculo-entre-nutricion-y-salud-mental\/"]}]},{"@type":"ImageObject","inLanguage":"en-US","@id":"https:\/\/uees.edu.ec\/especialistas-internacionales-analizaron-el-vinculo-entre-nutricion-y-salud-mental\/#primaryimage","url":"https:\/\/uees.edu.ec\/wp-content\/uploads\/2026\/09\/Captura-de-pantalla-2026-09-03-a-las-1.38.16-p.-m.png","contentUrl":"https:\/\/uees.edu.ec\/wp-content\/uploads\/2026\/09\/Captura-de-pantalla-2026-09-03-a-las-1.38.16-p.-m.png","width":1626,"height":1064},{"@type":"BreadcrumbList","@id":"https:\/\/uees.edu.ec\/especialistas-internacionales-analizaron-el-vinculo-entre-nutricion-y-salud-mental\/#breadcrumb","itemListElement":[{"@type":"ListItem","position":1,"name":"Home","item":"https:\/\/uees.edu.ec\/"},{"@type":"ListItem","position":2,"name":"Especialistas internacionales analizaron el v\u00ednculo entre nutrici\u00f3n y salud mental en Congreso"}]},{"@type":"WebSite","@id":"https:\/\/uees.edu.ec\/#website","url":"https:\/\/uees.edu.ec\/","name":"Espiritu Santo University - UEES","description":"In constant innovation","publisher":{"@id":"https:\/\/uees.edu.ec\/#organization"},"alternateName":"Universidad Esp\u00edritu Santo - UEES","potentialAction":[{"@type":"SearchAction","target":{"@type":"EntryPoint","urlTemplate":"https:\/\/uees.edu.ec\/?s={search_term_string}"},"query-input":{"@type":"PropertyValueSpecification","valueRequired":true,"valueName":"search_term_string"}}],"inLanguage":"en-US"},{"@type":"Organization","@id":"https:\/\/uees.edu.ec\/#organization","name":"Espiritu Santo University - UEES","alternateName":"La mejor universidad en Ecuador","url":"https:\/\/uees.edu.ec\/","logo":{"@type":"ImageObject","inLanguage":"en-US","@id":"https:\/\/uees.edu.ec\/#\/schema\/logo\/image\/","url":"https:\/\/uees.edu.ec\/wp-content\/uploads\/2021\/03\/Logo-UEES.png","contentUrl":"https:\/\/uees.edu.ec\/wp-content\/uploads\/2021\/03\/Logo-UEES.png","width":221,"height":86,"caption":"Universidad Esp\u00edritu Santo - UEES"},"image":{"@id":"https:\/\/uees.edu.ec\/#\/schema\/logo\/image\/"},"sameAs":["https:\/\/www.facebook.com\/universidadespiritusanto","https:\/\/x.com\/uees_ec","https:\/\/www.instagram.com\/uees_ec\/","https:\/\/www.linkedin.com\/school\/esp-ritu-santo","https:\/\/www.youtube.com\/user\/UEES2009","https:\/\/es.wikipedia.org\/wiki\/Universidad_de_Especialidades_Esp\u00edritu_Santo"]},{"@type":"Person","@id":"https:\/\/uees.edu.ec\/#\/schema\/person\/d63ccd280ffea0cfa500ff8e223df681","name":"Elisa NIeto","image":{"@type":"ImageObject","inLanguage":"en-US","@id":"https:\/\/secure.gravatar.com\/avatar\/605564af463a7fd0c423bca29297cbceebac05a022669b655b2f2dcd2c6bf03e?s=96&d=mm&r=g","url":"https:\/\/secure.gravatar.com\/avatar\/605564af463a7fd0c423bca29297cbceebac05a022669b655b2f2dcd2c6bf03e?s=96&d=mm&r=g","contentUrl":"https:\/\/secure.gravatar.com\/avatar\/605564af463a7fd0c423bca29297cbceebac05a022669b655b2f2dcd2c6bf03e?s=96&d=mm&r=g","caption":"Elisa NIeto"},"url":"https:\/\/uees.edu.ec\/en\/author\/elisa-nieto\/"}]}},"_links":{"self":[{"href":"https:\/\/uees.edu.ec\/en\/wp-json\/wp\/v2\/posts\/35106","targetHints":{"allow":["GET"]}}],"collection":[{"href":"https:\/\/uees.edu.ec\/en\/wp-json\/wp\/v2\/posts"}],"about":[{"href":"https:\/\/uees.edu.ec\/en\/wp-json\/wp\/v2\/types\/post"}],"author":[{"embeddable":true,"href":"https:\/\/uees.edu.ec\/en\/wp-json\/wp\/v2\/users\/10000093"}],"replies":[{"embeddable":true,"href":"https:\/\/uees.edu.ec\/en\/wp-json\/wp\/v2\/comments?post=35106"}],"version-history":[{"count":5,"href":"https:\/\/uees.edu.ec\/en\/wp-json\/wp\/v2\/posts\/35106\/revisions"}],"predecessor-version":[{"id":35115,"href":"https:\/\/uees.edu.ec\/en\/wp-json\/wp\/v2\/posts\/35106\/revisions\/35115"}],"wp:featuredmedia":[{"embeddable":true,"href":"https:\/\/uees.edu.ec\/en\/wp-json\/wp\/v2\/media\/35107"}],"wp:attachment":[{"href":"https:\/\/uees.edu.ec\/en\/wp-json\/wp\/v2\/media?parent=35106"}],"wp:term":[{"taxonomy":"category","embeddable":true,"href":"https:\/\/uees.edu.ec\/en\/wp-json\/wp\/v2\/categories?post=35106"},{"taxonomy":"post_tag","embeddable":true,"href":"https:\/\/uees.edu.ec\/en\/wp-json\/wp\/v2\/tags?post=35106"}],"curies":[{"name":"wp","href":"https:\/\/api.w.org\/{rel}","templated":true}]}}