{"id":33755,"date":"2026-04-24T10:49:58","date_gmt":"2026-04-24T15:49:58","guid":{"rendered":"https:\/\/uees.edu.ec\/?p=33755"},"modified":"2026-04-24T10:49:58","modified_gmt":"2026-04-24T15:49:58","slug":"pablo-arosemena-expone-sobre-dolarizacion-en-florida-atlantic-university","status":"publish","type":"post","link":"https:\/\/uees.edu.ec\/en\/pablo-arosemena-expone-sobre-dolarizacion-en-florida-atlantic-university\/","title":{"rendered":"Pablo Arosemena expone sobre dolarizaci\u00f3n en Florida Atlantic University"},"content":{"rendered":"<p><img loading=\"lazy\" decoding=\"async\" class=\"alignnone size-large wp-image-33756\" src=\"https:\/\/uees.edu.ec\/wp-content\/uploads\/2026\/04\/FAU-1-1024x576.jpeg\" alt=\"\" width=\"1024\" height=\"576\" srcset=\"https:\/\/uees.edu.ec\/wp-content\/uploads\/2026\/04\/FAU-1-1024x576.jpeg 1024w, https:\/\/uees.edu.ec\/wp-content\/uploads\/2026\/04\/FAU-1-300x169.jpeg 300w, https:\/\/uees.edu.ec\/wp-content\/uploads\/2026\/04\/FAU-1-768x432.jpeg 768w, https:\/\/uees.edu.ec\/wp-content\/uploads\/2026\/04\/FAU-1-1536x864.jpeg 1536w, https:\/\/uees.edu.ec\/wp-content\/uploads\/2026\/04\/FAU-1-18x10.jpeg 18w, https:\/\/uees.edu.ec\/wp-content\/uploads\/2026\/04\/FAU-1.jpeg 1600w\" sizes=\"auto, (max-width: 1024px) 100vw, 1024px\" \/><\/p>\n<p>El economista ecuatoriano Pablo Arosemena Marriott, empresario, Director del Centro de Emprendimiento Eureka de la UEES, CEO de Inteligencia Empresarial (IE) y ex Ministro de Econom\u00eda y Finanzas del Ecuador, particip\u00f3 como expositor en la conferencia acad\u00e9mica internacional <strong><em>\u201cCuba\u2019s Path to Freedom: A Blueprint for a Post-Communist Transition\u201d<\/em><\/strong>, realizada del 19 al 21 de abril de 2026 en <strong>Florida Atlantic University<\/strong>, en Boca Rat\u00f3n, Estados Unidos.<\/p>\n<p>El evento, organizado por el Independent Institute en conjunto con el <strong>Phil Smith Center for Free Enterprise y el College of Business de Florida Atlantic University<\/strong>, reuni\u00f3 a acad\u00e9micos, formuladores de pol\u00edticas p\u00fablicas y l\u00edderes internacionales con el objetivo de analizar propuestas para una transici\u00f3n hacia una econom\u00eda libre y un sistema democr\u00e1tico en Cuba.<\/p>\n<p>Durante su intervenci\u00f3n, Arosemena particip\u00f3 en el bloque sobre transici\u00f3n econ\u00f3mica con la ponencia titulada <em>\u201cDollarization and Public Administration during the Transition\u201d<\/em>, en la que abord\u00f3 el rol de la dolarizaci\u00f3n como mecanismo de estabilizaci\u00f3n macroecon\u00f3mica en econom\u00edas en proceso de cambio estructural. Su exposici\u00f3n destac\u00f3 la experiencia ecuatoriana como un caso relevante para el an\u00e1lisis de pol\u00edticas monetarias en contextos de transformaci\u00f3n institucional.<\/p>\n<p><img loading=\"lazy\" decoding=\"async\" class=\"alignnone size-large wp-image-33757\" src=\"https:\/\/uees.edu.ec\/wp-content\/uploads\/2026\/04\/FAU-2-1024x576.jpeg\" alt=\"\" width=\"1024\" height=\"576\" srcset=\"https:\/\/uees.edu.ec\/wp-content\/uploads\/2026\/04\/FAU-2-1024x576.jpeg 1024w, https:\/\/uees.edu.ec\/wp-content\/uploads\/2026\/04\/FAU-2-300x169.jpeg 300w, https:\/\/uees.edu.ec\/wp-content\/uploads\/2026\/04\/FAU-2-768x432.jpeg 768w, https:\/\/uees.edu.ec\/wp-content\/uploads\/2026\/04\/FAU-2-1536x864.jpeg 1536w, https:\/\/uees.edu.ec\/wp-content\/uploads\/2026\/04\/FAU-2-18x10.jpeg 18w, https:\/\/uees.edu.ec\/wp-content\/uploads\/2026\/04\/FAU-2.jpeg 1600w\" sizes=\"auto, (max-width: 1024px) 100vw, 1024px\" \/><\/p>\n<p>A partir de este caso, expuso c\u00f3mo la adopci\u00f3n de una moneda fuerte puede contribuir a reducir la inflaci\u00f3n, recuperar la confianza institucional y sentar las bases para la reactivaci\u00f3n econ\u00f3mica, especialmente en pa\u00edses que enfrentan crisis estructurales. Asimismo, destac\u00f3 que la dolarizaci\u00f3n no es una soluci\u00f3n aislada, sino que debe ir acompa\u00f1ada de reformas en la administraci\u00f3n p\u00fablica, disciplina fiscal y fortalecimiento institucional, proponi\u00e9ndola como parte de una hoja de ruta integral para procesos de transformaci\u00f3n hacia econom\u00edas m\u00e1s abiertas y estables.<\/p>\n<p>La agenda del encuentro incluy\u00f3 temas como la estabilizaci\u00f3n monetaria, la restituci\u00f3n de derechos de propiedad, la reconstrucci\u00f3n institucional, la reactivaci\u00f3n del emprendimiento y el dise\u00f1o de pol\u00edticas p\u00fablicas sostenibles, as\u00ed como sus implicaciones para Am\u00e9rica Latina.<\/p>\n<p><img loading=\"lazy\" decoding=\"async\" class=\"alignnone size-large wp-image-33758\" src=\"https:\/\/uees.edu.ec\/wp-content\/uploads\/2026\/04\/FAU-3-1024x576.jpeg\" alt=\"\" width=\"1024\" height=\"576\" srcset=\"https:\/\/uees.edu.ec\/wp-content\/uploads\/2026\/04\/FAU-3-1024x576.jpeg 1024w, https:\/\/uees.edu.ec\/wp-content\/uploads\/2026\/04\/FAU-3-300x169.jpeg 300w, https:\/\/uees.edu.ec\/wp-content\/uploads\/2026\/04\/FAU-3-768x432.jpeg 768w, https:\/\/uees.edu.ec\/wp-content\/uploads\/2026\/04\/FAU-3-1536x864.jpeg 1536w, https:\/\/uees.edu.ec\/wp-content\/uploads\/2026\/04\/FAU-3-18x10.jpeg 18w, https:\/\/uees.edu.ec\/wp-content\/uploads\/2026\/04\/FAU-3.jpeg 1600w\" sizes=\"auto, (max-width: 1024px) 100vw, 1024px\" \/><\/p>\n<p>El panel cont\u00f3 con la participaci\u00f3n de destacados expertos internacionales y acad\u00e9micos vinculados a diversas instituciones, quienes debatieron sobre los desaf\u00edos econ\u00f3micos, sociales e institucionales en escenarios de transici\u00f3n post-comunista.<\/p>\n<p>La participaci\u00f3n de Pablo Arosemena en este espacio reafirma su trayectoria en el \u00e1mbito de la pol\u00edtica econ\u00f3mica y su contribuci\u00f3n al debate sobre dolarizaci\u00f3n, estabilidad macroecon\u00f3mica y gobernanza en la regi\u00f3n.<\/p>\n<p>&nbsp;<\/p>","protected":false},"excerpt":{"rendered":"<p>El economista ecuatoriano Pablo Arosemena Marriott, empresario, Director del Centro de Emprendimiento Eureka de la UEES, CEO de Inteligencia Empresarial (IE) y ex Ministro de Econom\u00eda y Finanzas del Ecuador, particip\u00f3 como expositor en la conferencia acad\u00e9mica internacional \u201cCuba\u2019s Path to Freedom: A Blueprint for a Post-Communist Transition\u201d, realizada del 19 al 21 de abril [&hellip;]<\/p>\n","protected":false},"author":10000093,"featured_media":33757,"comment_status":"open","ping_status":"open","sticky":false,"template":"","format":"standard","meta":{"_acf_changed":false,"footnotes":""},"categories":[397,75],"tags":[919],"class_list":["post-33755","post","type-post","status-publish","format-standard","has-post-thumbnail","hentry","category-economia","category-noticias","tag-florida-atlantic-university"],"acf":[],"yoast_head":"<!-- This site is optimized with the Yoast SEO Premium plugin v27.4 (Yoast SEO v27.4) - https:\/\/yoast.com\/product\/yoast-seo-premium-wordpress\/ -->\n<title>Pablo Arosemena expone sobre dolarizaci\u00f3n en Florida Atlantic University - UEES - Universidad Esp\u00edritu Santo<\/title>\n<meta name=\"robots\" content=\"index, follow, max-snippet:-1, max-image-preview:large, max-video-preview:-1\" \/>\n<link rel=\"canonical\" href=\"https:\/\/uees.edu.ec\/en\/pablo-arosemena-expone-sobre-dolarizacion-en-florida-atlantic-university\/\" \/>\n<meta property=\"og:locale\" content=\"en_US\" \/>\n<meta property=\"og:type\" content=\"article\" \/>\n<meta property=\"og:title\" content=\"Pablo Arosemena expone sobre dolarizaci\u00f3n en Florida Atlantic University\" \/>\n<meta property=\"og:description\" content=\"El economista ecuatoriano Pablo Arosemena Marriott, empresario, Director del Centro de Emprendimiento Eureka de la UEES, CEO de Inteligencia Empresarial (IE) y ex Ministro de Econom\u00eda y Finanzas del Ecuador, particip\u00f3 como expositor en la conferencia acad\u00e9mica internacional \u201cCuba\u2019s Path to Freedom: A Blueprint for a Post-Communist Transition\u201d, realizada del 19 al 21 de abril [&hellip;]\" \/>\n<meta property=\"og:url\" content=\"https:\/\/uees.edu.ec\/en\/pablo-arosemena-expone-sobre-dolarizacion-en-florida-atlantic-university\/\" \/>\n<meta property=\"og:site_name\" content=\"UEES - Universidad Esp\u00edritu Santo\" \/>\n<meta property=\"article:publisher\" content=\"https:\/\/www.facebook.com\/universidadespiritusanto\" \/>\n<meta property=\"article:published_time\" content=\"2026-04-24T15:49:58+00:00\" \/>\n<meta property=\"og:image\" content=\"https:\/\/uees.edu.ec\/wp-content\/uploads\/2026\/04\/FAU-2.jpeg\" \/>\n\t<meta property=\"og:image:width\" content=\"1600\" \/>\n\t<meta property=\"og:image:height\" content=\"900\" \/>\n\t<meta property=\"og:image:type\" content=\"image\/jpeg\" \/>\n<meta name=\"author\" content=\"Elisa NIeto\" \/>\n<meta name=\"twitter:card\" content=\"summary_large_image\" \/>\n<meta name=\"twitter:creator\" content=\"@uees_ec\" \/>\n<meta name=\"twitter:site\" content=\"@uees_ec\" \/>\n<meta name=\"twitter:label1\" content=\"Written by\" \/>\n\t<meta name=\"twitter:data1\" content=\"Elisa NIeto\" \/>\n\t<meta name=\"twitter:label2\" content=\"Est. reading time\" \/>\n\t<meta name=\"twitter:data2\" content=\"3 minutes\" \/>\n<script type=\"application\/ld+json\" class=\"yoast-schema-graph\">{\"@context\":\"https:\\\/\\\/schema.org\",\"@graph\":[{\"@type\":[\"Article\",\"BlogPosting\"],\"@id\":\"https:\\\/\\\/uees.edu.ec\\\/pablo-arosemena-expone-sobre-dolarizacion-en-florida-atlantic-university\\\/#article\",\"isPartOf\":{\"@id\":\"https:\\\/\\\/uees.edu.ec\\\/pablo-arosemena-expone-sobre-dolarizacion-en-florida-atlantic-university\\\/\"},\"author\":{\"name\":\"Elisa NIeto\",\"@id\":\"https:\\\/\\\/uees.edu.ec\\\/#\\\/schema\\\/person\\\/d63ccd280ffea0cfa500ff8e223df681\"},\"headline\":\"Pablo Arosemena expone sobre dolarizaci\u00f3n en Florida Atlantic University\",\"datePublished\":\"2026-04-24T15:49:58+00:00\",\"mainEntityOfPage\":{\"@id\":\"https:\\\/\\\/uees.edu.ec\\\/pablo-arosemena-expone-sobre-dolarizacion-en-florida-atlantic-university\\\/\"},\"wordCount\":432,\"commentCount\":0,\"publisher\":{\"@id\":\"https:\\\/\\\/uees.edu.ec\\\/#organization\"},\"image\":{\"@id\":\"https:\\\/\\\/uees.edu.ec\\\/pablo-arosemena-expone-sobre-dolarizacion-en-florida-atlantic-university\\\/#primaryimage\"},\"thumbnailUrl\":\"https:\\\/\\\/uees.edu.ec\\\/wp-content\\\/uploads\\\/2026\\\/04\\\/FAU-2.jpeg\",\"keywords\":[\"Florida Atlantic University\"],\"articleSection\":[\"Econom\u00eda\",\"Noticias\"],\"inLanguage\":\"en-US\",\"potentialAction\":[{\"@type\":\"CommentAction\",\"name\":\"Comment\",\"target\":[\"https:\\\/\\\/uees.edu.ec\\\/pablo-arosemena-expone-sobre-dolarizacion-en-florida-atlantic-university\\\/#respond\"]}]},{\"@type\":\"WebPage\",\"@id\":\"https:\\\/\\\/uees.edu.ec\\\/pablo-arosemena-expone-sobre-dolarizacion-en-florida-atlantic-university\\\/\",\"url\":\"https:\\\/\\\/uees.edu.ec\\\/pablo-arosemena-expone-sobre-dolarizacion-en-florida-atlantic-university\\\/\",\"name\":\"Pablo Arosemena expone sobre dolarizaci\u00f3n en Florida Atlantic University - UEES - Universidad Esp\u00edritu Santo\",\"isPartOf\":{\"@id\":\"https:\\\/\\\/uees.edu.ec\\\/#website\"},\"primaryImageOfPage\":{\"@id\":\"https:\\\/\\\/uees.edu.ec\\\/pablo-arosemena-expone-sobre-dolarizacion-en-florida-atlantic-university\\\/#primaryimage\"},\"image\":{\"@id\":\"https:\\\/\\\/uees.edu.ec\\\/pablo-arosemena-expone-sobre-dolarizacion-en-florida-atlantic-university\\\/#primaryimage\"},\"thumbnailUrl\":\"https:\\\/\\\/uees.edu.ec\\\/wp-content\\\/uploads\\\/2026\\\/04\\\/FAU-2.jpeg\",\"datePublished\":\"2026-04-24T15:49:58+00:00\",\"breadcrumb\":{\"@id\":\"https:\\\/\\\/uees.edu.ec\\\/pablo-arosemena-expone-sobre-dolarizacion-en-florida-atlantic-university\\\/#breadcrumb\"},\"inLanguage\":\"en-US\",\"potentialAction\":[{\"@type\":\"ReadAction\",\"target\":[\"https:\\\/\\\/uees.edu.ec\\\/pablo-arosemena-expone-sobre-dolarizacion-en-florida-atlantic-university\\\/\"]}]},{\"@type\":\"ImageObject\",\"inLanguage\":\"en-US\",\"@id\":\"https:\\\/\\\/uees.edu.ec\\\/pablo-arosemena-expone-sobre-dolarizacion-en-florida-atlantic-university\\\/#primaryimage\",\"url\":\"https:\\\/\\\/uees.edu.ec\\\/wp-content\\\/uploads\\\/2026\\\/04\\\/FAU-2.jpeg\",\"contentUrl\":\"https:\\\/\\\/uees.edu.ec\\\/wp-content\\\/uploads\\\/2026\\\/04\\\/FAU-2.jpeg\",\"width\":1600,\"height\":900},{\"@type\":\"BreadcrumbList\",\"@id\":\"https:\\\/\\\/uees.edu.ec\\\/pablo-arosemena-expone-sobre-dolarizacion-en-florida-atlantic-university\\\/#breadcrumb\",\"itemListElement\":[{\"@type\":\"ListItem\",\"position\":1,\"name\":\"Home\",\"item\":\"https:\\\/\\\/uees.edu.ec\\\/\"},{\"@type\":\"ListItem\",\"position\":2,\"name\":\"Pablo Arosemena expone sobre dolarizaci\u00f3n en Florida Atlantic University\"}]},{\"@type\":\"WebSite\",\"@id\":\"https:\\\/\\\/uees.edu.ec\\\/#website\",\"url\":\"https:\\\/\\\/uees.edu.ec\\\/\",\"name\":\"Universidad Esp\u00edritu Santo - UEES\",\"description\":\"En constante innovaci\u00f3n\",\"publisher\":{\"@id\":\"https:\\\/\\\/uees.edu.ec\\\/#organization\"},\"alternateName\":\"Universidad Esp\u00edritu Santo - UEES\",\"potentialAction\":[{\"@type\":\"SearchAction\",\"target\":{\"@type\":\"EntryPoint\",\"urlTemplate\":\"https:\\\/\\\/uees.edu.ec\\\/?s={search_term_string}\"},\"query-input\":{\"@type\":\"PropertyValueSpecification\",\"valueRequired\":true,\"valueName\":\"search_term_string\"}}],\"inLanguage\":\"en-US\"},{\"@type\":\"Organization\",\"@id\":\"https:\\\/\\\/uees.edu.ec\\\/#organization\",\"name\":\"Universidad Esp\u00edritu Santo - UEES\",\"alternateName\":\"La mejor universidad en Ecuador\",\"url\":\"https:\\\/\\\/uees.edu.ec\\\/\",\"logo\":{\"@type\":\"ImageObject\",\"inLanguage\":\"en-US\",\"@id\":\"https:\\\/\\\/uees.edu.ec\\\/#\\\/schema\\\/logo\\\/image\\\/\",\"url\":\"https:\\\/\\\/uees.edu.ec\\\/wp-content\\\/uploads\\\/2021\\\/03\\\/Logo-UEES.png\",\"contentUrl\":\"https:\\\/\\\/uees.edu.ec\\\/wp-content\\\/uploads\\\/2021\\\/03\\\/Logo-UEES.png\",\"width\":221,\"height\":86,\"caption\":\"Universidad Esp\u00edritu Santo - UEES\"},\"image\":{\"@id\":\"https:\\\/\\\/uees.edu.ec\\\/#\\\/schema\\\/logo\\\/image\\\/\"},\"sameAs\":[\"https:\\\/\\\/www.facebook.com\\\/universidadespiritusanto\",\"https:\\\/\\\/x.com\\\/uees_ec\",\"https:\\\/\\\/www.instagram.com\\\/uees_ec\\\/\",\"https:\\\/\\\/www.linkedin.com\\\/school\\\/esp-ritu-santo\",\"https:\\\/\\\/www.youtube.com\\\/user\\\/UEES2009\",\"https:\\\/\\\/es.wikipedia.org\\\/wiki\\\/Universidad_de_Especialidades_Esp\u00edritu_Santo\"]},{\"@type\":\"Person\",\"@id\":\"https:\\\/\\\/uees.edu.ec\\\/#\\\/schema\\\/person\\\/d63ccd280ffea0cfa500ff8e223df681\",\"name\":\"Elisa NIeto\",\"image\":{\"@type\":\"ImageObject\",\"inLanguage\":\"en-US\",\"@id\":\"https:\\\/\\\/secure.gravatar.com\\\/avatar\\\/605564af463a7fd0c423bca29297cbceebac05a022669b655b2f2dcd2c6bf03e?s=96&d=mm&r=g\",\"url\":\"https:\\\/\\\/secure.gravatar.com\\\/avatar\\\/605564af463a7fd0c423bca29297cbceebac05a022669b655b2f2dcd2c6bf03e?s=96&d=mm&r=g\",\"contentUrl\":\"https:\\\/\\\/secure.gravatar.com\\\/avatar\\\/605564af463a7fd0c423bca29297cbceebac05a022669b655b2f2dcd2c6bf03e?s=96&d=mm&r=g\",\"caption\":\"Elisa NIeto\"},\"url\":\"https:\\\/\\\/uees.edu.ec\\\/en\\\/author\\\/elisa-nieto\\\/\"}]}<\/script>\n<!-- \/ Yoast SEO Premium plugin. -->","yoast_head_json":{"title":"Pablo Arosemena expone sobre dolarizaci\u00f3n en Florida Atlantic University - UEES - Universidad Esp\u00edritu Santo","robots":{"index":"index","follow":"follow","max-snippet":"max-snippet:-1","max-image-preview":"max-image-preview:large","max-video-preview":"max-video-preview:-1"},"canonical":"https:\/\/uees.edu.ec\/en\/pablo-arosemena-expone-sobre-dolarizacion-en-florida-atlantic-university\/","og_locale":"en_US","og_type":"article","og_title":"Pablo Arosemena expone sobre dolarizaci\u00f3n en Florida Atlantic University","og_description":"El economista ecuatoriano Pablo Arosemena Marriott, empresario, Director del Centro de Emprendimiento Eureka de la UEES, CEO de Inteligencia Empresarial (IE) y ex Ministro de Econom\u00eda y Finanzas del Ecuador, particip\u00f3 como expositor en la conferencia acad\u00e9mica internacional \u201cCuba\u2019s Path to Freedom: A Blueprint for a Post-Communist Transition\u201d, realizada del 19 al 21 de abril [&hellip;]","og_url":"https:\/\/uees.edu.ec\/en\/pablo-arosemena-expone-sobre-dolarizacion-en-florida-atlantic-university\/","og_site_name":"UEES - Universidad Esp\u00edritu Santo","article_publisher":"https:\/\/www.facebook.com\/universidadespiritusanto","article_published_time":"2026-04-24T15:49:58+00:00","og_image":[{"width":1600,"height":900,"url":"https:\/\/uees.edu.ec\/wp-content\/uploads\/2026\/04\/FAU-2.jpeg","type":"image\/jpeg"}],"author":"Elisa NIeto","twitter_card":"summary_large_image","twitter_creator":"@uees_ec","twitter_site":"@uees_ec","twitter_misc":{"Written by":"Elisa NIeto","Est. reading time":"3 minutes"},"schema":{"@context":"https:\/\/schema.org","@graph":[{"@type":["Article","BlogPosting"],"@id":"https:\/\/uees.edu.ec\/pablo-arosemena-expone-sobre-dolarizacion-en-florida-atlantic-university\/#article","isPartOf":{"@id":"https:\/\/uees.edu.ec\/pablo-arosemena-expone-sobre-dolarizacion-en-florida-atlantic-university\/"},"author":{"name":"Elisa NIeto","@id":"https:\/\/uees.edu.ec\/#\/schema\/person\/d63ccd280ffea0cfa500ff8e223df681"},"headline":"Pablo Arosemena expone sobre dolarizaci\u00f3n en Florida Atlantic University","datePublished":"2026-04-24T15:49:58+00:00","mainEntityOfPage":{"@id":"https:\/\/uees.edu.ec\/pablo-arosemena-expone-sobre-dolarizacion-en-florida-atlantic-university\/"},"wordCount":432,"commentCount":0,"publisher":{"@id":"https:\/\/uees.edu.ec\/#organization"},"image":{"@id":"https:\/\/uees.edu.ec\/pablo-arosemena-expone-sobre-dolarizacion-en-florida-atlantic-university\/#primaryimage"},"thumbnailUrl":"https:\/\/uees.edu.ec\/wp-content\/uploads\/2026\/04\/FAU-2.jpeg","keywords":["Florida Atlantic University"],"articleSection":["Econom\u00eda","Noticias"],"inLanguage":"en-US","potentialAction":[{"@type":"CommentAction","name":"Comment","target":["https:\/\/uees.edu.ec\/pablo-arosemena-expone-sobre-dolarizacion-en-florida-atlantic-university\/#respond"]}]},{"@type":"WebPage","@id":"https:\/\/uees.edu.ec\/pablo-arosemena-expone-sobre-dolarizacion-en-florida-atlantic-university\/","url":"https:\/\/uees.edu.ec\/pablo-arosemena-expone-sobre-dolarizacion-en-florida-atlantic-university\/","name":"Pablo Arosemena expone sobre dolarizaci\u00f3n en Florida Atlantic University - UEES - Universidad Esp\u00edritu Santo","isPartOf":{"@id":"https:\/\/uees.edu.ec\/#website"},"primaryImageOfPage":{"@id":"https:\/\/uees.edu.ec\/pablo-arosemena-expone-sobre-dolarizacion-en-florida-atlantic-university\/#primaryimage"},"image":{"@id":"https:\/\/uees.edu.ec\/pablo-arosemena-expone-sobre-dolarizacion-en-florida-atlantic-university\/#primaryimage"},"thumbnailUrl":"https:\/\/uees.edu.ec\/wp-content\/uploads\/2026\/04\/FAU-2.jpeg","datePublished":"2026-04-24T15:49:58+00:00","breadcrumb":{"@id":"https:\/\/uees.edu.ec\/pablo-arosemena-expone-sobre-dolarizacion-en-florida-atlantic-university\/#breadcrumb"},"inLanguage":"en-US","potentialAction":[{"@type":"ReadAction","target":["https:\/\/uees.edu.ec\/pablo-arosemena-expone-sobre-dolarizacion-en-florida-atlantic-university\/"]}]},{"@type":"ImageObject","inLanguage":"en-US","@id":"https:\/\/uees.edu.ec\/pablo-arosemena-expone-sobre-dolarizacion-en-florida-atlantic-university\/#primaryimage","url":"https:\/\/uees.edu.ec\/wp-content\/uploads\/2026\/04\/FAU-2.jpeg","contentUrl":"https:\/\/uees.edu.ec\/wp-content\/uploads\/2026\/04\/FAU-2.jpeg","width":1600,"height":900},{"@type":"BreadcrumbList","@id":"https:\/\/uees.edu.ec\/pablo-arosemena-expone-sobre-dolarizacion-en-florida-atlantic-university\/#breadcrumb","itemListElement":[{"@type":"ListItem","position":1,"name":"Home","item":"https:\/\/uees.edu.ec\/"},{"@type":"ListItem","position":2,"name":"Pablo Arosemena expone sobre dolarizaci\u00f3n en Florida Atlantic University"}]},{"@type":"WebSite","@id":"https:\/\/uees.edu.ec\/#website","url":"https:\/\/uees.edu.ec\/","name":"Espiritu Santo University - UEES","description":"In constant innovation","publisher":{"@id":"https:\/\/uees.edu.ec\/#organization"},"alternateName":"Universidad Esp\u00edritu Santo - UEES","potentialAction":[{"@type":"SearchAction","target":{"@type":"EntryPoint","urlTemplate":"https:\/\/uees.edu.ec\/?s={search_term_string}"},"query-input":{"@type":"PropertyValueSpecification","valueRequired":true,"valueName":"search_term_string"}}],"inLanguage":"en-US"},{"@type":"Organization","@id":"https:\/\/uees.edu.ec\/#organization","name":"Espiritu Santo University - UEES","alternateName":"La mejor universidad en Ecuador","url":"https:\/\/uees.edu.ec\/","logo":{"@type":"ImageObject","inLanguage":"en-US","@id":"https:\/\/uees.edu.ec\/#\/schema\/logo\/image\/","url":"https:\/\/uees.edu.ec\/wp-content\/uploads\/2021\/03\/Logo-UEES.png","contentUrl":"https:\/\/uees.edu.ec\/wp-content\/uploads\/2021\/03\/Logo-UEES.png","width":221,"height":86,"caption":"Universidad Esp\u00edritu Santo - UEES"},"image":{"@id":"https:\/\/uees.edu.ec\/#\/schema\/logo\/image\/"},"sameAs":["https:\/\/www.facebook.com\/universidadespiritusanto","https:\/\/x.com\/uees_ec","https:\/\/www.instagram.com\/uees_ec\/","https:\/\/www.linkedin.com\/school\/esp-ritu-santo","https:\/\/www.youtube.com\/user\/UEES2009","https:\/\/es.wikipedia.org\/wiki\/Universidad_de_Especialidades_Esp\u00edritu_Santo"]},{"@type":"Person","@id":"https:\/\/uees.edu.ec\/#\/schema\/person\/d63ccd280ffea0cfa500ff8e223df681","name":"Elisa NIeto","image":{"@type":"ImageObject","inLanguage":"en-US","@id":"https:\/\/secure.gravatar.com\/avatar\/605564af463a7fd0c423bca29297cbceebac05a022669b655b2f2dcd2c6bf03e?s=96&d=mm&r=g","url":"https:\/\/secure.gravatar.com\/avatar\/605564af463a7fd0c423bca29297cbceebac05a022669b655b2f2dcd2c6bf03e?s=96&d=mm&r=g","contentUrl":"https:\/\/secure.gravatar.com\/avatar\/605564af463a7fd0c423bca29297cbceebac05a022669b655b2f2dcd2c6bf03e?s=96&d=mm&r=g","caption":"Elisa NIeto"},"url":"https:\/\/uees.edu.ec\/en\/author\/elisa-nieto\/"}]}},"_links":{"self":[{"href":"https:\/\/uees.edu.ec\/en\/wp-json\/wp\/v2\/posts\/33755","targetHints":{"allow":["GET"]}}],"collection":[{"href":"https:\/\/uees.edu.ec\/en\/wp-json\/wp\/v2\/posts"}],"about":[{"href":"https:\/\/uees.edu.ec\/en\/wp-json\/wp\/v2\/types\/post"}],"author":[{"embeddable":true,"href":"https:\/\/uees.edu.ec\/en\/wp-json\/wp\/v2\/users\/10000093"}],"replies":[{"embeddable":true,"href":"https:\/\/uees.edu.ec\/en\/wp-json\/wp\/v2\/comments?post=33755"}],"version-history":[{"count":1,"href":"https:\/\/uees.edu.ec\/en\/wp-json\/wp\/v2\/posts\/33755\/revisions"}],"predecessor-version":[{"id":33759,"href":"https:\/\/uees.edu.ec\/en\/wp-json\/wp\/v2\/posts\/33755\/revisions\/33759"}],"wp:featuredmedia":[{"embeddable":true,"href":"https:\/\/uees.edu.ec\/en\/wp-json\/wp\/v2\/media\/33757"}],"wp:attachment":[{"href":"https:\/\/uees.edu.ec\/en\/wp-json\/wp\/v2\/media?parent=33755"}],"wp:term":[{"taxonomy":"category","embeddable":true,"href":"https:\/\/uees.edu.ec\/en\/wp-json\/wp\/v2\/categories?post=33755"},{"taxonomy":"post_tag","embeddable":true,"href":"https:\/\/uees.edu.ec\/en\/wp-json\/wp\/v2\/tags?post=33755"}],"curies":[{"name":"wp","href":"https:\/\/api.w.org\/{rel}","templated":true}]}}