{"id":33345,"date":"2026-03-31T08:34:51","date_gmt":"2026-03-31T13:34:51","guid":{"rendered":"https:\/\/uees.edu.ec\/?p=33345"},"modified":"2026-03-31T08:52:15","modified_gmt":"2026-03-31T13:52:15","slug":"especialistas-internacionales-analizaran-los-avances-mas-recientes-en-el-tratamiento-del-acv","status":"publish","type":"post","link":"https:\/\/uees.edu.ec\/en\/especialistas-internacionales-analizaran-los-avances-mas-recientes-en-el-tratamiento-del-acv\/","title":{"rendered":"Especialistas internacionales analizar\u00e1n los avances m\u00e1s recientes en el tratamiento del ACV"},"content":{"rendered":"<p><em>El Stroke Congress 2026 reunir\u00e1 a expertos para debatir los retos del accidente cerebrovascular, la principal causa de muerte y discapacidad a nivel mundial.<\/em><\/p>\n<p>Este 23 y 24 de abril, la UEESCLINIC, en conjunto con la Universidad Esp\u00edritu Santo (UEES), realizar\u00e1 el encuentro acad\u00e9mico <strong><em data-start=\"280\" data-end=\"326\">Stroke Congress Brain\u2013Heart Interaction 2026<\/em><\/strong>, un espacio dedicado a analizar la conexi\u00f3n entre el cerebro y el coraz\u00f3n en el manejo del stroke o accidente cerebrovascular (ACV). Ante una enfermedad que exige rapidez, precisi\u00f3n y excelencia m\u00e9dica, este congreso surge para promover la actualizaci\u00f3n cient\u00edfica en prevenci\u00f3n, diagn\u00f3stico y tratamiento del ACV al servicio de los profesionales de la salud en Ecuador.<\/p>\n<p>El manejo del accidente cerebrovascular (ACV) requiere la participaci\u00f3n coordinada de diversas especialidades m\u00e9dicas. Desde la neurolog\u00eda, que eval\u00faa el da\u00f1o cerebral, hasta la cardiolog\u00eda, encargada de identificar posibles causas como arritmias u otros problemas asociados. A este abordaje se suman intensivistas, radi\u00f3logos y equipos especializados que trabajan de manera conjunta para mejorar el pron\u00f3stico de los pacientes. Este enfoque multidisciplinario ser\u00e1 uno de los ejes centrales del <strong data-start=\"727\" data-end=\"775\">Stroke Congress Brain\u2013Heart Interaction 2026<\/strong>.<\/p>\n<p data-start=\"778\" data-end=\"1078\">\u201cEl manejo del ACV involucra a m\u00faltiples especialidades m\u00e9dicas que deben actuar de manera articulada y oportuna. Comprender la relaci\u00f3n entre el cerebro y el coraz\u00f3n es clave para mejorar el diagn\u00f3stico y tratamiento de los pacientes\u201d, se\u00f1al\u00f3 <strong data-start=\"1022\" data-end=\"1041\">Pedro Baquerizo<\/strong>, director m\u00e9dico de <strong data-start=\"1062\" data-end=\"1077\">UEESCLINIC<\/strong>.<\/p>\n<p data-start=\"1080\" data-end=\"1596\">For its part, <strong data-start=\"1094\" data-end=\"1116\">Fernando Rosenberg<\/strong>, especialista en terapia intensiva, enfatiz\u00f3 la importancia de actuar con rapidez frente a esta emergencia m\u00e9dica. \u201cEl stroke no espera: cada minuto que pasa puede marcar la diferencia entre que un paciente recupere su vida normal o quede con secuelas permanentes. Las primeras horas son decisivas para los resultados funcionales. Mantenerse actualizado en terapias de vanguardia, como la trombectom\u00eda, y saber manejar escenarios cl\u00ednicos complejos es hoy una necesidad\u201d, afirm\u00f3.<\/p>\n<p data-start=\"1598\" data-end=\"1979\">En esa misma l\u00ednea, <strong data-start=\"1618\" data-end=\"1640\">Guillermo Intriago<\/strong>, neur\u00f3logo cl\u00ednico, destac\u00f3 el nivel acad\u00e9mico del encuentro. \u201cSer\u00e1 un espacio de actualizaci\u00f3n cient\u00edfica del m\u00e1s alto nivel, donde la experiencia cl\u00ednica, el enfoque multidisciplinario y los avances m\u00e9dicos se integran para fortalecer el manejo del ACV. Contaremos con la participaci\u00f3n de ponentes nacionales e internacionales\u201d, indic\u00f3.<\/p>\n<p>&nbsp;<\/p>","protected":false},"excerpt":{"rendered":"<p>El Stroke Congress 2026 reunir\u00e1 a expertos para debatir los retos del accidente cerebrovascular, la principal causa de muerte y discapacidad a nivel mundial. Este 23 y 24 de abril, la UEESCLINIC, en conjunto con la Universidad Esp\u00edritu Santo (UEES), realizar\u00e1 el encuentro acad\u00e9mico Stroke Congress Brain\u2013Heart Interaction 2026, un espacio dedicado a analizar la [&hellip;]<\/p>\n","protected":false},"author":10000093,"featured_media":33346,"comment_status":"open","ping_status":"open","sticky":false,"template":"","format":"standard","meta":{"_acf_changed":false,"footnotes":""},"categories":[75,557],"tags":[826,828,897],"class_list":["post-33345","post","type-post","status-publish","format-standard","has-post-thumbnail","hentry","category-noticias","category-ueesclinic","tag-acv","tag-stroke","tag-stroke-congress"],"acf":[],"yoast_head":"<!-- This site is optimized with the Yoast SEO Premium plugin v27.4 (Yoast SEO v27.4) - https:\/\/yoast.com\/product\/yoast-seo-premium-wordpress\/ -->\n<title>Especialistas internacionales analizar\u00e1n los avances m\u00e1s recientes en el tratamiento del ACV - UEES - Universidad Esp\u00edritu Santo<\/title>\n<meta name=\"robots\" content=\"index, follow, max-snippet:-1, max-image-preview:large, max-video-preview:-1\" \/>\n<link rel=\"canonical\" href=\"https:\/\/uees.edu.ec\/en\/especialistas-internacionales-analizaran-los-avances-mas-recientes-en-el-tratamiento-del-acv\/\" \/>\n<meta property=\"og:locale\" content=\"en_US\" \/>\n<meta property=\"og:type\" content=\"article\" \/>\n<meta property=\"og:title\" content=\"Especialistas internacionales analizar\u00e1n los avances m\u00e1s recientes en el tratamiento del ACV\" \/>\n<meta property=\"og:description\" content=\"El Stroke Congress 2026 reunir\u00e1 a expertos para debatir los retos del accidente cerebrovascular, la principal causa de muerte y discapacidad a nivel mundial. Este 23 y 24 de abril, la UEESCLINIC, en conjunto con la Universidad Esp\u00edritu Santo (UEES), realizar\u00e1 el encuentro acad\u00e9mico Stroke Congress Brain\u2013Heart Interaction 2026, un espacio dedicado a analizar la [&hellip;]\" \/>\n<meta property=\"og:url\" content=\"https:\/\/uees.edu.ec\/en\/especialistas-internacionales-analizaran-los-avances-mas-recientes-en-el-tratamiento-del-acv\/\" \/>\n<meta property=\"og:site_name\" content=\"UEES - Universidad Esp\u00edritu Santo\" \/>\n<meta property=\"article:publisher\" content=\"https:\/\/www.facebook.com\/universidadespiritusanto\" \/>\n<meta property=\"article:published_time\" content=\"2026-03-31T13:34:51+00:00\" \/>\n<meta property=\"article:modified_time\" content=\"2026-03-31T13:52:15+00:00\" \/>\n<meta property=\"og:image\" content=\"https:\/\/uees.edu.ec\/wp-content\/uploads\/2026\/03\/researcher-looking-monitor-analysing-brain-scan-while-coworker-discussing-with-patient-background-about-side-effects-mind-functions-nervous-system-tomography-scan-working-laboratory-scaled.jpg\" \/>\n\t<meta property=\"og:image:width\" content=\"2560\" \/>\n\t<meta property=\"og:image:height\" content=\"1440\" \/>\n\t<meta property=\"og:image:type\" content=\"image\/jpeg\" \/>\n<meta name=\"author\" content=\"Elisa NIeto\" \/>\n<meta name=\"twitter:card\" content=\"summary_large_image\" \/>\n<meta name=\"twitter:creator\" content=\"@uees_ec\" \/>\n<meta name=\"twitter:site\" content=\"@uees_ec\" \/>\n<meta name=\"twitter:label1\" content=\"Written by\" \/>\n\t<meta name=\"twitter:data1\" content=\"Elisa NIeto\" \/>\n\t<meta name=\"twitter:label2\" content=\"Est. reading time\" \/>\n\t<meta name=\"twitter:data2\" content=\"2 minutes\" \/>\n<script type=\"application\/ld+json\" class=\"yoast-schema-graph\">{\"@context\":\"https:\\\/\\\/schema.org\",\"@graph\":[{\"@type\":[\"Article\",\"BlogPosting\"],\"@id\":\"https:\\\/\\\/uees.edu.ec\\\/especialistas-internacionales-analizaran-los-avances-mas-recientes-en-el-tratamiento-del-acv\\\/#article\",\"isPartOf\":{\"@id\":\"https:\\\/\\\/uees.edu.ec\\\/especialistas-internacionales-analizaran-los-avances-mas-recientes-en-el-tratamiento-del-acv\\\/\"},\"author\":{\"name\":\"Elisa NIeto\",\"@id\":\"https:\\\/\\\/uees.edu.ec\\\/#\\\/schema\\\/person\\\/d63ccd280ffea0cfa500ff8e223df681\"},\"headline\":\"Especialistas internacionales analizar\u00e1n los avances m\u00e1s recientes en el tratamiento del ACV\",\"datePublished\":\"2026-03-31T13:34:51+00:00\",\"dateModified\":\"2026-03-31T13:52:15+00:00\",\"mainEntityOfPage\":{\"@id\":\"https:\\\/\\\/uees.edu.ec\\\/especialistas-internacionales-analizaran-los-avances-mas-recientes-en-el-tratamiento-del-acv\\\/\"},\"wordCount\":401,\"commentCount\":0,\"publisher\":{\"@id\":\"https:\\\/\\\/uees.edu.ec\\\/#organization\"},\"image\":{\"@id\":\"https:\\\/\\\/uees.edu.ec\\\/especialistas-internacionales-analizaran-los-avances-mas-recientes-en-el-tratamiento-del-acv\\\/#primaryimage\"},\"thumbnailUrl\":\"https:\\\/\\\/uees.edu.ec\\\/wp-content\\\/uploads\\\/2026\\\/03\\\/researcher-looking-monitor-analysing-brain-scan-while-coworker-discussing-with-patient-background-about-side-effects-mind-functions-nervous-system-tomography-scan-working-laboratory-scaled.jpg\",\"keywords\":[\"acv\",\"stroke\",\"Stroke Congress\"],\"articleSection\":[\"Noticias\",\"UEESCLINIC\"],\"inLanguage\":\"en-US\",\"potentialAction\":[{\"@type\":\"CommentAction\",\"name\":\"Comment\",\"target\":[\"https:\\\/\\\/uees.edu.ec\\\/especialistas-internacionales-analizaran-los-avances-mas-recientes-en-el-tratamiento-del-acv\\\/#respond\"]}]},{\"@type\":\"WebPage\",\"@id\":\"https:\\\/\\\/uees.edu.ec\\\/especialistas-internacionales-analizaran-los-avances-mas-recientes-en-el-tratamiento-del-acv\\\/\",\"url\":\"https:\\\/\\\/uees.edu.ec\\\/especialistas-internacionales-analizaran-los-avances-mas-recientes-en-el-tratamiento-del-acv\\\/\",\"name\":\"Especialistas internacionales analizar\u00e1n los avances m\u00e1s recientes en el tratamiento del ACV - UEES - Universidad Esp\u00edritu Santo\",\"isPartOf\":{\"@id\":\"https:\\\/\\\/uees.edu.ec\\\/#website\"},\"primaryImageOfPage\":{\"@id\":\"https:\\\/\\\/uees.edu.ec\\\/especialistas-internacionales-analizaran-los-avances-mas-recientes-en-el-tratamiento-del-acv\\\/#primaryimage\"},\"image\":{\"@id\":\"https:\\\/\\\/uees.edu.ec\\\/especialistas-internacionales-analizaran-los-avances-mas-recientes-en-el-tratamiento-del-acv\\\/#primaryimage\"},\"thumbnailUrl\":\"https:\\\/\\\/uees.edu.ec\\\/wp-content\\\/uploads\\\/2026\\\/03\\\/researcher-looking-monitor-analysing-brain-scan-while-coworker-discussing-with-patient-background-about-side-effects-mind-functions-nervous-system-tomography-scan-working-laboratory-scaled.jpg\",\"datePublished\":\"2026-03-31T13:34:51+00:00\",\"dateModified\":\"2026-03-31T13:52:15+00:00\",\"breadcrumb\":{\"@id\":\"https:\\\/\\\/uees.edu.ec\\\/especialistas-internacionales-analizaran-los-avances-mas-recientes-en-el-tratamiento-del-acv\\\/#breadcrumb\"},\"inLanguage\":\"en-US\",\"potentialAction\":[{\"@type\":\"ReadAction\",\"target\":[\"https:\\\/\\\/uees.edu.ec\\\/especialistas-internacionales-analizaran-los-avances-mas-recientes-en-el-tratamiento-del-acv\\\/\"]}]},{\"@type\":\"ImageObject\",\"inLanguage\":\"en-US\",\"@id\":\"https:\\\/\\\/uees.edu.ec\\\/especialistas-internacionales-analizaran-los-avances-mas-recientes-en-el-tratamiento-del-acv\\\/#primaryimage\",\"url\":\"https:\\\/\\\/uees.edu.ec\\\/wp-content\\\/uploads\\\/2026\\\/03\\\/researcher-looking-monitor-analysing-brain-scan-while-coworker-discussing-with-patient-background-about-side-effects-mind-functions-nervous-system-tomography-scan-working-laboratory-scaled.jpg\",\"contentUrl\":\"https:\\\/\\\/uees.edu.ec\\\/wp-content\\\/uploads\\\/2026\\\/03\\\/researcher-looking-monitor-analysing-brain-scan-while-coworker-discussing-with-patient-background-about-side-effects-mind-functions-nervous-system-tomography-scan-working-laboratory-scaled.jpg\",\"width\":2560,\"height\":1440,\"caption\":\"Researcher looking at monitor analysing brain scan while coworker discussing with patient in background about side effects, mind functions, nervous system, tomography scan working in laboratory\"},{\"@type\":\"BreadcrumbList\",\"@id\":\"https:\\\/\\\/uees.edu.ec\\\/especialistas-internacionales-analizaran-los-avances-mas-recientes-en-el-tratamiento-del-acv\\\/#breadcrumb\",\"itemListElement\":[{\"@type\":\"ListItem\",\"position\":1,\"name\":\"Home\",\"item\":\"https:\\\/\\\/uees.edu.ec\\\/\"},{\"@type\":\"ListItem\",\"position\":2,\"name\":\"Especialistas internacionales analizar\u00e1n los avances m\u00e1s recientes en el tratamiento del ACV\"}]},{\"@type\":\"WebSite\",\"@id\":\"https:\\\/\\\/uees.edu.ec\\\/#website\",\"url\":\"https:\\\/\\\/uees.edu.ec\\\/\",\"name\":\"Universidad Esp\u00edritu Santo - UEES\",\"description\":\"En constante innovaci\u00f3n\",\"publisher\":{\"@id\":\"https:\\\/\\\/uees.edu.ec\\\/#organization\"},\"alternateName\":\"Universidad Esp\u00edritu Santo - UEES\",\"potentialAction\":[{\"@type\":\"SearchAction\",\"target\":{\"@type\":\"EntryPoint\",\"urlTemplate\":\"https:\\\/\\\/uees.edu.ec\\\/?s={search_term_string}\"},\"query-input\":{\"@type\":\"PropertyValueSpecification\",\"valueRequired\":true,\"valueName\":\"search_term_string\"}}],\"inLanguage\":\"en-US\"},{\"@type\":\"Organization\",\"@id\":\"https:\\\/\\\/uees.edu.ec\\\/#organization\",\"name\":\"Universidad Esp\u00edritu Santo - UEES\",\"alternateName\":\"La mejor universidad en Ecuador\",\"url\":\"https:\\\/\\\/uees.edu.ec\\\/\",\"logo\":{\"@type\":\"ImageObject\",\"inLanguage\":\"en-US\",\"@id\":\"https:\\\/\\\/uees.edu.ec\\\/#\\\/schema\\\/logo\\\/image\\\/\",\"url\":\"https:\\\/\\\/uees.edu.ec\\\/wp-content\\\/uploads\\\/2021\\\/03\\\/Logo-UEES.png\",\"contentUrl\":\"https:\\\/\\\/uees.edu.ec\\\/wp-content\\\/uploads\\\/2021\\\/03\\\/Logo-UEES.png\",\"width\":221,\"height\":86,\"caption\":\"Universidad Esp\u00edritu Santo - UEES\"},\"image\":{\"@id\":\"https:\\\/\\\/uees.edu.ec\\\/#\\\/schema\\\/logo\\\/image\\\/\"},\"sameAs\":[\"https:\\\/\\\/www.facebook.com\\\/universidadespiritusanto\",\"https:\\\/\\\/x.com\\\/uees_ec\",\"https:\\\/\\\/www.instagram.com\\\/uees_ec\\\/\",\"https:\\\/\\\/www.linkedin.com\\\/school\\\/esp-ritu-santo\",\"https:\\\/\\\/www.youtube.com\\\/user\\\/UEES2009\",\"https:\\\/\\\/es.wikipedia.org\\\/wiki\\\/Universidad_de_Especialidades_Esp\u00edritu_Santo\"]},{\"@type\":\"Person\",\"@id\":\"https:\\\/\\\/uees.edu.ec\\\/#\\\/schema\\\/person\\\/d63ccd280ffea0cfa500ff8e223df681\",\"name\":\"Elisa NIeto\",\"image\":{\"@type\":\"ImageObject\",\"inLanguage\":\"en-US\",\"@id\":\"https:\\\/\\\/secure.gravatar.com\\\/avatar\\\/605564af463a7fd0c423bca29297cbceebac05a022669b655b2f2dcd2c6bf03e?s=96&d=mm&r=g\",\"url\":\"https:\\\/\\\/secure.gravatar.com\\\/avatar\\\/605564af463a7fd0c423bca29297cbceebac05a022669b655b2f2dcd2c6bf03e?s=96&d=mm&r=g\",\"contentUrl\":\"https:\\\/\\\/secure.gravatar.com\\\/avatar\\\/605564af463a7fd0c423bca29297cbceebac05a022669b655b2f2dcd2c6bf03e?s=96&d=mm&r=g\",\"caption\":\"Elisa NIeto\"},\"url\":\"https:\\\/\\\/uees.edu.ec\\\/en\\\/author\\\/elisa-nieto\\\/\"}]}<\/script>\n<!-- \/ Yoast SEO Premium plugin. -->","yoast_head_json":{"title":"Especialistas internacionales analizar\u00e1n los avances m\u00e1s recientes en el tratamiento del ACV - UEES - Universidad Esp\u00edritu Santo","robots":{"index":"index","follow":"follow","max-snippet":"max-snippet:-1","max-image-preview":"max-image-preview:large","max-video-preview":"max-video-preview:-1"},"canonical":"https:\/\/uees.edu.ec\/en\/especialistas-internacionales-analizaran-los-avances-mas-recientes-en-el-tratamiento-del-acv\/","og_locale":"en_US","og_type":"article","og_title":"Especialistas internacionales analizar\u00e1n los avances m\u00e1s recientes en el tratamiento del ACV","og_description":"El Stroke Congress 2026 reunir\u00e1 a expertos para debatir los retos del accidente cerebrovascular, la principal causa de muerte y discapacidad a nivel mundial. Este 23 y 24 de abril, la UEESCLINIC, en conjunto con la Universidad Esp\u00edritu Santo (UEES), realizar\u00e1 el encuentro acad\u00e9mico Stroke Congress Brain\u2013Heart Interaction 2026, un espacio dedicado a analizar la [&hellip;]","og_url":"https:\/\/uees.edu.ec\/en\/especialistas-internacionales-analizaran-los-avances-mas-recientes-en-el-tratamiento-del-acv\/","og_site_name":"UEES - Universidad Esp\u00edritu Santo","article_publisher":"https:\/\/www.facebook.com\/universidadespiritusanto","article_published_time":"2026-03-31T13:34:51+00:00","article_modified_time":"2026-03-31T13:52:15+00:00","og_image":[{"width":2560,"height":1440,"url":"https:\/\/uees.edu.ec\/wp-content\/uploads\/2026\/03\/researcher-looking-monitor-analysing-brain-scan-while-coworker-discussing-with-patient-background-about-side-effects-mind-functions-nervous-system-tomography-scan-working-laboratory-scaled.jpg","type":"image\/jpeg"}],"author":"Elisa NIeto","twitter_card":"summary_large_image","twitter_creator":"@uees_ec","twitter_site":"@uees_ec","twitter_misc":{"Written by":"Elisa NIeto","Est. reading time":"2 minutes"},"schema":{"@context":"https:\/\/schema.org","@graph":[{"@type":["Article","BlogPosting"],"@id":"https:\/\/uees.edu.ec\/especialistas-internacionales-analizaran-los-avances-mas-recientes-en-el-tratamiento-del-acv\/#article","isPartOf":{"@id":"https:\/\/uees.edu.ec\/especialistas-internacionales-analizaran-los-avances-mas-recientes-en-el-tratamiento-del-acv\/"},"author":{"name":"Elisa NIeto","@id":"https:\/\/uees.edu.ec\/#\/schema\/person\/d63ccd280ffea0cfa500ff8e223df681"},"headline":"Especialistas internacionales analizar\u00e1n los avances m\u00e1s recientes en el tratamiento del ACV","datePublished":"2026-03-31T13:34:51+00:00","dateModified":"2026-03-31T13:52:15+00:00","mainEntityOfPage":{"@id":"https:\/\/uees.edu.ec\/especialistas-internacionales-analizaran-los-avances-mas-recientes-en-el-tratamiento-del-acv\/"},"wordCount":401,"commentCount":0,"publisher":{"@id":"https:\/\/uees.edu.ec\/#organization"},"image":{"@id":"https:\/\/uees.edu.ec\/especialistas-internacionales-analizaran-los-avances-mas-recientes-en-el-tratamiento-del-acv\/#primaryimage"},"thumbnailUrl":"https:\/\/uees.edu.ec\/wp-content\/uploads\/2026\/03\/researcher-looking-monitor-analysing-brain-scan-while-coworker-discussing-with-patient-background-about-side-effects-mind-functions-nervous-system-tomography-scan-working-laboratory-scaled.jpg","keywords":["acv","stroke","Stroke Congress"],"articleSection":["Noticias","UEESCLINIC"],"inLanguage":"en-US","potentialAction":[{"@type":"CommentAction","name":"Comment","target":["https:\/\/uees.edu.ec\/especialistas-internacionales-analizaran-los-avances-mas-recientes-en-el-tratamiento-del-acv\/#respond"]}]},{"@type":"WebPage","@id":"https:\/\/uees.edu.ec\/especialistas-internacionales-analizaran-los-avances-mas-recientes-en-el-tratamiento-del-acv\/","url":"https:\/\/uees.edu.ec\/especialistas-internacionales-analizaran-los-avances-mas-recientes-en-el-tratamiento-del-acv\/","name":"Especialistas internacionales analizar\u00e1n los avances m\u00e1s recientes en el tratamiento del ACV - UEES - Universidad Esp\u00edritu Santo","isPartOf":{"@id":"https:\/\/uees.edu.ec\/#website"},"primaryImageOfPage":{"@id":"https:\/\/uees.edu.ec\/especialistas-internacionales-analizaran-los-avances-mas-recientes-en-el-tratamiento-del-acv\/#primaryimage"},"image":{"@id":"https:\/\/uees.edu.ec\/especialistas-internacionales-analizaran-los-avances-mas-recientes-en-el-tratamiento-del-acv\/#primaryimage"},"thumbnailUrl":"https:\/\/uees.edu.ec\/wp-content\/uploads\/2026\/03\/researcher-looking-monitor-analysing-brain-scan-while-coworker-discussing-with-patient-background-about-side-effects-mind-functions-nervous-system-tomography-scan-working-laboratory-scaled.jpg","datePublished":"2026-03-31T13:34:51+00:00","dateModified":"2026-03-31T13:52:15+00:00","breadcrumb":{"@id":"https:\/\/uees.edu.ec\/especialistas-internacionales-analizaran-los-avances-mas-recientes-en-el-tratamiento-del-acv\/#breadcrumb"},"inLanguage":"en-US","potentialAction":[{"@type":"ReadAction","target":["https:\/\/uees.edu.ec\/especialistas-internacionales-analizaran-los-avances-mas-recientes-en-el-tratamiento-del-acv\/"]}]},{"@type":"ImageObject","inLanguage":"en-US","@id":"https:\/\/uees.edu.ec\/especialistas-internacionales-analizaran-los-avances-mas-recientes-en-el-tratamiento-del-acv\/#primaryimage","url":"https:\/\/uees.edu.ec\/wp-content\/uploads\/2026\/03\/researcher-looking-monitor-analysing-brain-scan-while-coworker-discussing-with-patient-background-about-side-effects-mind-functions-nervous-system-tomography-scan-working-laboratory-scaled.jpg","contentUrl":"https:\/\/uees.edu.ec\/wp-content\/uploads\/2026\/03\/researcher-looking-monitor-analysing-brain-scan-while-coworker-discussing-with-patient-background-about-side-effects-mind-functions-nervous-system-tomography-scan-working-laboratory-scaled.jpg","width":2560,"height":1440,"caption":"Researcher looking at monitor analysing brain scan while coworker discussing with patient in background about side effects, mind functions, nervous system, tomography scan working in laboratory"},{"@type":"BreadcrumbList","@id":"https:\/\/uees.edu.ec\/especialistas-internacionales-analizaran-los-avances-mas-recientes-en-el-tratamiento-del-acv\/#breadcrumb","itemListElement":[{"@type":"ListItem","position":1,"name":"Home","item":"https:\/\/uees.edu.ec\/"},{"@type":"ListItem","position":2,"name":"Especialistas internacionales analizar\u00e1n los avances m\u00e1s recientes en el tratamiento del ACV"}]},{"@type":"WebSite","@id":"https:\/\/uees.edu.ec\/#website","url":"https:\/\/uees.edu.ec\/","name":"Espiritu Santo University - UEES","description":"In constant innovation","publisher":{"@id":"https:\/\/uees.edu.ec\/#organization"},"alternateName":"Universidad Esp\u00edritu Santo - UEES","potentialAction":[{"@type":"SearchAction","target":{"@type":"EntryPoint","urlTemplate":"https:\/\/uees.edu.ec\/?s={search_term_string}"},"query-input":{"@type":"PropertyValueSpecification","valueRequired":true,"valueName":"search_term_string"}}],"inLanguage":"en-US"},{"@type":"Organization","@id":"https:\/\/uees.edu.ec\/#organization","name":"Espiritu Santo University - UEES","alternateName":"La mejor universidad en Ecuador","url":"https:\/\/uees.edu.ec\/","logo":{"@type":"ImageObject","inLanguage":"en-US","@id":"https:\/\/uees.edu.ec\/#\/schema\/logo\/image\/","url":"https:\/\/uees.edu.ec\/wp-content\/uploads\/2021\/03\/Logo-UEES.png","contentUrl":"https:\/\/uees.edu.ec\/wp-content\/uploads\/2021\/03\/Logo-UEES.png","width":221,"height":86,"caption":"Universidad Esp\u00edritu Santo - UEES"},"image":{"@id":"https:\/\/uees.edu.ec\/#\/schema\/logo\/image\/"},"sameAs":["https:\/\/www.facebook.com\/universidadespiritusanto","https:\/\/x.com\/uees_ec","https:\/\/www.instagram.com\/uees_ec\/","https:\/\/www.linkedin.com\/school\/esp-ritu-santo","https:\/\/www.youtube.com\/user\/UEES2009","https:\/\/es.wikipedia.org\/wiki\/Universidad_de_Especialidades_Esp\u00edritu_Santo"]},{"@type":"Person","@id":"https:\/\/uees.edu.ec\/#\/schema\/person\/d63ccd280ffea0cfa500ff8e223df681","name":"Elisa NIeto","image":{"@type":"ImageObject","inLanguage":"en-US","@id":"https:\/\/secure.gravatar.com\/avatar\/605564af463a7fd0c423bca29297cbceebac05a022669b655b2f2dcd2c6bf03e?s=96&d=mm&r=g","url":"https:\/\/secure.gravatar.com\/avatar\/605564af463a7fd0c423bca29297cbceebac05a022669b655b2f2dcd2c6bf03e?s=96&d=mm&r=g","contentUrl":"https:\/\/secure.gravatar.com\/avatar\/605564af463a7fd0c423bca29297cbceebac05a022669b655b2f2dcd2c6bf03e?s=96&d=mm&r=g","caption":"Elisa NIeto"},"url":"https:\/\/uees.edu.ec\/en\/author\/elisa-nieto\/"}]}},"_links":{"self":[{"href":"https:\/\/uees.edu.ec\/en\/wp-json\/wp\/v2\/posts\/33345","targetHints":{"allow":["GET"]}}],"collection":[{"href":"https:\/\/uees.edu.ec\/en\/wp-json\/wp\/v2\/posts"}],"about":[{"href":"https:\/\/uees.edu.ec\/en\/wp-json\/wp\/v2\/types\/post"}],"author":[{"embeddable":true,"href":"https:\/\/uees.edu.ec\/en\/wp-json\/wp\/v2\/users\/10000093"}],"replies":[{"embeddable":true,"href":"https:\/\/uees.edu.ec\/en\/wp-json\/wp\/v2\/comments?post=33345"}],"version-history":[{"count":3,"href":"https:\/\/uees.edu.ec\/en\/wp-json\/wp\/v2\/posts\/33345\/revisions"}],"predecessor-version":[{"id":33349,"href":"https:\/\/uees.edu.ec\/en\/wp-json\/wp\/v2\/posts\/33345\/revisions\/33349"}],"wp:featuredmedia":[{"embeddable":true,"href":"https:\/\/uees.edu.ec\/en\/wp-json\/wp\/v2\/media\/33346"}],"wp:attachment":[{"href":"https:\/\/uees.edu.ec\/en\/wp-json\/wp\/v2\/media?parent=33345"}],"wp:term":[{"taxonomy":"category","embeddable":true,"href":"https:\/\/uees.edu.ec\/en\/wp-json\/wp\/v2\/categories?post=33345"},{"taxonomy":"post_tag","embeddable":true,"href":"https:\/\/uees.edu.ec\/en\/wp-json\/wp\/v2\/tags?post=33345"}],"curies":[{"name":"wp","href":"https:\/\/api.w.org\/{rel}","templated":true}]}}