{"id":31185,"date":"2025-11-06T09:47:46","date_gmt":"2025-11-06T14:47:46","guid":{"rendered":"https:\/\/uees.edu.ec\/?p=31185"},"modified":"2025-11-06T11:23:49","modified_gmt":"2025-11-06T16:23:49","slug":"uees-presente-en-conversatorio-internacional-sobre-educacion-global-y-accesible","status":"publish","type":"post","link":"https:\/\/uees.edu.ec\/en\/uees-presente-en-conversatorio-internacional-sobre-educacion-global-y-accesible\/","title":{"rendered":"UEES present at international conference on global and accessible education"},"content":{"rendered":"<p>The Universidad Esp\u00edritu Santo (UEES) participated in an interview with Semana Magazine of Colombia, in the framework of the virtual discussion <strong>\u201cGlobal and accessible education: how master's degrees are changing the marketplace.\u201d<\/strong>, organized by #ForosSemana.<\/p>\n<p><img loading=\"lazy\" decoding=\"async\" class=\"alignnone size-large wp-image-31186\" src=\"https:\/\/uees.edu.ec\/wp-content\/uploads\/2025\/11\/WhatsApp-Image-2025-11-06-at-9.43.46-AM-1024x575.jpeg\" alt=\"\" width=\"1024\" height=\"575\" srcset=\"https:\/\/uees.edu.ec\/wp-content\/uploads\/2025\/11\/WhatsApp-Image-2025-11-06-at-9.43.46-AM-1024x575.jpeg 1024w, https:\/\/uees.edu.ec\/wp-content\/uploads\/2025\/11\/WhatsApp-Image-2025-11-06-at-9.43.46-AM-300x169.jpeg 300w, https:\/\/uees.edu.ec\/wp-content\/uploads\/2025\/11\/WhatsApp-Image-2025-11-06-at-9.43.46-AM-768x432.jpeg 768w, https:\/\/uees.edu.ec\/wp-content\/uploads\/2025\/11\/WhatsApp-Image-2025-11-06-at-9.43.46-AM-1536x863.jpeg 1536w, https:\/\/uees.edu.ec\/wp-content\/uploads\/2025\/11\/WhatsApp-Image-2025-11-06-at-9.43.46-AM.jpeg 1600w\" sizes=\"auto, (max-width: 1024px) 100vw, 1024px\" \/><\/p>\n<p>On behalf of UEES, Alexandra Portalanza, General Director of the Online Division, shared the institutional vision on the educational transformation driven by the digitization and internationalization of master's programs. During her speech, she highlighted the university's commitment to quality, flexible and accessible education, aimed at training professionals capable of performing in a global environment.<\/p>\n<p><img loading=\"lazy\" decoding=\"async\" class=\"alignnone size-large wp-image-31187\" src=\"https:\/\/uees.edu.ec\/wp-content\/uploads\/2025\/11\/Captura-de-pantalla-2025-11-06-a-las-9.45.37-a.-m-1024x573.png\" alt=\"\" width=\"1024\" height=\"573\" srcset=\"https:\/\/uees.edu.ec\/wp-content\/uploads\/2025\/11\/Captura-de-pantalla-2025-11-06-a-las-9.45.37-a.-m-1024x573.png 1024w, https:\/\/uees.edu.ec\/wp-content\/uploads\/2025\/11\/Captura-de-pantalla-2025-11-06-a-las-9.45.37-a.-m-300x168.png 300w, https:\/\/uees.edu.ec\/wp-content\/uploads\/2025\/11\/Captura-de-pantalla-2025-11-06-a-las-9.45.37-a.-m-768x430.png 768w, https:\/\/uees.edu.ec\/wp-content\/uploads\/2025\/11\/Captura-de-pantalla-2025-11-06-a-las-9.45.37-a.-m-1536x859.png 1536w, https:\/\/uees.edu.ec\/wp-content\/uploads\/2025\/11\/Captura-de-pantalla-2025-11-06-a-las-9.45.37-a.-m-2048x1146.png 2048w\" sizes=\"auto, (max-width: 1024px) 100vw, 1024px\" \/><br \/>\nHe also highlighted the progress made in the academic recognition of the programs of the Universidad Esp\u00edritu Santo, stating that \u201cin Colombia there is already evidence that the degrees and academic degrees have been recognized under the criteria of high quality,\u201d which reflects the value and educational excellence of the academic offerings of the institution.<\/p>\n<p>The University's presence at this international digital forum reinforces its position as a regional benchmark in the adoption of innovative educational models and its commitment to borderless education, which consolidates its vision of a global, modern and accessible education.<\/p>","protected":false},"excerpt":{"rendered":"<p>La Universidad Esp\u00edritu Santo (UEES) particip\u00f3 en una entrevista con la Revista Semana de Colombia, en el marco del conversatorio virtual \u201cEducaci\u00f3n global y accesible: as\u00ed cambian las maestr\u00edas el mercado\u201d, organizado por #ForosSemana. En representaci\u00f3n de la UEES, Alexandra Portalanza, Directora General de la Divisi\u00f3n Online, comparti\u00f3 la visi\u00f3n institucional sobre la transformaci\u00f3n educativa [&hellip;]<\/p>\n","protected":false},"author":10000093,"featured_media":31187,"comment_status":"open","ping_status":"open","sticky":false,"template":"","format":"standard","meta":{"_acf_changed":false,"footnotes":""},"categories":[75],"tags":[790,869,838],"class_list":["post-31185","post","type-post","status-publish","format-standard","has-post-thumbnail","hentry","category-noticias","tag-colombia","tag-revista-semana","tag-uees-online"],"acf":[],"yoast_head":"<!-- This site is optimized with the Yoast SEO Premium plugin v27.4 (Yoast SEO v27.4) - https:\/\/yoast.com\/product\/yoast-seo-premium-wordpress\/ -->\n<title>UEES presente en conversatorio internacional sobre educaci\u00f3n global y accesible - UEES - Universidad Esp\u00edritu Santo<\/title>\n<meta name=\"robots\" content=\"index, follow, max-snippet:-1, max-image-preview:large, max-video-preview:-1\" \/>\n<link rel=\"canonical\" href=\"https:\/\/uees.edu.ec\/en\/uees-presente-en-conversatorio-internacional-sobre-educacion-global-y-accesible\/\" \/>\n<meta property=\"og:locale\" content=\"en_US\" \/>\n<meta property=\"og:type\" content=\"article\" \/>\n<meta property=\"og:title\" content=\"UEES presente en conversatorio internacional sobre educaci\u00f3n global y accesible\" \/>\n<meta property=\"og:description\" content=\"La Universidad Esp\u00edritu Santo (UEES) particip\u00f3 en una entrevista con la Revista Semana de Colombia, en el marco del conversatorio virtual \u201cEducaci\u00f3n global y accesible: as\u00ed cambian las maestr\u00edas el mercado\u201d, organizado por #ForosSemana. En representaci\u00f3n de la UEES, Alexandra Portalanza, Directora General de la Divisi\u00f3n Online, comparti\u00f3 la visi\u00f3n institucional sobre la transformaci\u00f3n educativa [&hellip;]\" \/>\n<meta property=\"og:url\" content=\"https:\/\/uees.edu.ec\/en\/uees-presente-en-conversatorio-internacional-sobre-educacion-global-y-accesible\/\" \/>\n<meta property=\"og:site_name\" content=\"UEES - Universidad Esp\u00edritu Santo\" \/>\n<meta property=\"article:publisher\" content=\"https:\/\/www.facebook.com\/universidadespiritusanto\" \/>\n<meta property=\"article:published_time\" content=\"2025-11-06T14:47:46+00:00\" \/>\n<meta property=\"article:modified_time\" content=\"2025-11-06T16:23:49+00:00\" \/>\n<meta property=\"og:image\" content=\"https:\/\/uees.edu.ec\/wp-content\/uploads\/2025\/11\/Captura-de-pantalla-2025-11-06-a-las-9.45.37-a.-m.png\" \/>\n\t<meta property=\"og:image:width\" content=\"2088\" \/>\n\t<meta property=\"og:image:height\" content=\"1168\" \/>\n\t<meta property=\"og:image:type\" content=\"image\/png\" \/>\n<meta name=\"author\" content=\"Elisa NIeto\" \/>\n<meta name=\"twitter:card\" content=\"summary_large_image\" \/>\n<meta name=\"twitter:creator\" content=\"@uees_ec\" \/>\n<meta name=\"twitter:site\" content=\"@uees_ec\" \/>\n<meta name=\"twitter:label1\" content=\"Written by\" \/>\n\t<meta name=\"twitter:data1\" content=\"Elisa NIeto\" \/>\n\t<meta name=\"twitter:label2\" content=\"Est. reading time\" \/>\n\t<meta name=\"twitter:data2\" content=\"2 minutes\" \/>\n<script type=\"application\/ld+json\" class=\"yoast-schema-graph\">{\"@context\":\"https:\\\/\\\/schema.org\",\"@graph\":[{\"@type\":[\"Article\",\"BlogPosting\"],\"@id\":\"https:\\\/\\\/uees.edu.ec\\\/uees-presente-en-conversatorio-internacional-sobre-educacion-global-y-accesible\\\/#article\",\"isPartOf\":{\"@id\":\"https:\\\/\\\/uees.edu.ec\\\/uees-presente-en-conversatorio-internacional-sobre-educacion-global-y-accesible\\\/\"},\"author\":{\"name\":\"Elisa NIeto\",\"@id\":\"https:\\\/\\\/uees.edu.ec\\\/#\\\/schema\\\/person\\\/d63ccd280ffea0cfa500ff8e223df681\"},\"headline\":\"UEES presente en conversatorio internacional sobre educaci\u00f3n global y accesible\",\"datePublished\":\"2025-11-06T14:47:46+00:00\",\"dateModified\":\"2025-11-06T16:23:49+00:00\",\"mainEntityOfPage\":{\"@id\":\"https:\\\/\\\/uees.edu.ec\\\/uees-presente-en-conversatorio-internacional-sobre-educacion-global-y-accesible\\\/\"},\"wordCount\":226,\"commentCount\":0,\"publisher\":{\"@id\":\"https:\\\/\\\/uees.edu.ec\\\/#organization\"},\"image\":{\"@id\":\"https:\\\/\\\/uees.edu.ec\\\/uees-presente-en-conversatorio-internacional-sobre-educacion-global-y-accesible\\\/#primaryimage\"},\"thumbnailUrl\":\"https:\\\/\\\/uees.edu.ec\\\/wp-content\\\/uploads\\\/2025\\\/11\\\/Captura-de-pantalla-2025-11-06-a-las-9.45.37-a.-m.png\",\"keywords\":[\"Colombia\",\"Revista Semana\",\"UEES Online\"],\"articleSection\":[\"Noticias\"],\"inLanguage\":\"en-US\",\"potentialAction\":[{\"@type\":\"CommentAction\",\"name\":\"Comment\",\"target\":[\"https:\\\/\\\/uees.edu.ec\\\/uees-presente-en-conversatorio-internacional-sobre-educacion-global-y-accesible\\\/#respond\"]}]},{\"@type\":\"WebPage\",\"@id\":\"https:\\\/\\\/uees.edu.ec\\\/uees-presente-en-conversatorio-internacional-sobre-educacion-global-y-accesible\\\/\",\"url\":\"https:\\\/\\\/uees.edu.ec\\\/uees-presente-en-conversatorio-internacional-sobre-educacion-global-y-accesible\\\/\",\"name\":\"UEES presente en conversatorio internacional sobre educaci\u00f3n global y accesible - UEES - Universidad Esp\u00edritu Santo\",\"isPartOf\":{\"@id\":\"https:\\\/\\\/uees.edu.ec\\\/#website\"},\"primaryImageOfPage\":{\"@id\":\"https:\\\/\\\/uees.edu.ec\\\/uees-presente-en-conversatorio-internacional-sobre-educacion-global-y-accesible\\\/#primaryimage\"},\"image\":{\"@id\":\"https:\\\/\\\/uees.edu.ec\\\/uees-presente-en-conversatorio-internacional-sobre-educacion-global-y-accesible\\\/#primaryimage\"},\"thumbnailUrl\":\"https:\\\/\\\/uees.edu.ec\\\/wp-content\\\/uploads\\\/2025\\\/11\\\/Captura-de-pantalla-2025-11-06-a-las-9.45.37-a.-m.png\",\"datePublished\":\"2025-11-06T14:47:46+00:00\",\"dateModified\":\"2025-11-06T16:23:49+00:00\",\"breadcrumb\":{\"@id\":\"https:\\\/\\\/uees.edu.ec\\\/uees-presente-en-conversatorio-internacional-sobre-educacion-global-y-accesible\\\/#breadcrumb\"},\"inLanguage\":\"en-US\",\"potentialAction\":[{\"@type\":\"ReadAction\",\"target\":[\"https:\\\/\\\/uees.edu.ec\\\/uees-presente-en-conversatorio-internacional-sobre-educacion-global-y-accesible\\\/\"]}]},{\"@type\":\"ImageObject\",\"inLanguage\":\"en-US\",\"@id\":\"https:\\\/\\\/uees.edu.ec\\\/uees-presente-en-conversatorio-internacional-sobre-educacion-global-y-accesible\\\/#primaryimage\",\"url\":\"https:\\\/\\\/uees.edu.ec\\\/wp-content\\\/uploads\\\/2025\\\/11\\\/Captura-de-pantalla-2025-11-06-a-las-9.45.37-a.-m.png\",\"contentUrl\":\"https:\\\/\\\/uees.edu.ec\\\/wp-content\\\/uploads\\\/2025\\\/11\\\/Captura-de-pantalla-2025-11-06-a-las-9.45.37-a.-m.png\",\"width\":2088,\"height\":1168},{\"@type\":\"BreadcrumbList\",\"@id\":\"https:\\\/\\\/uees.edu.ec\\\/uees-presente-en-conversatorio-internacional-sobre-educacion-global-y-accesible\\\/#breadcrumb\",\"itemListElement\":[{\"@type\":\"ListItem\",\"position\":1,\"name\":\"Home\",\"item\":\"https:\\\/\\\/uees.edu.ec\\\/\"},{\"@type\":\"ListItem\",\"position\":2,\"name\":\"UEES presente en conversatorio internacional sobre educaci\u00f3n global y accesible\"}]},{\"@type\":\"WebSite\",\"@id\":\"https:\\\/\\\/uees.edu.ec\\\/#website\",\"url\":\"https:\\\/\\\/uees.edu.ec\\\/\",\"name\":\"Universidad Esp\u00edritu Santo - UEES\",\"description\":\"En constante innovaci\u00f3n\",\"publisher\":{\"@id\":\"https:\\\/\\\/uees.edu.ec\\\/#organization\"},\"alternateName\":\"Universidad Esp\u00edritu Santo - UEES\",\"potentialAction\":[{\"@type\":\"SearchAction\",\"target\":{\"@type\":\"EntryPoint\",\"urlTemplate\":\"https:\\\/\\\/uees.edu.ec\\\/?s={search_term_string}\"},\"query-input\":{\"@type\":\"PropertyValueSpecification\",\"valueRequired\":true,\"valueName\":\"search_term_string\"}}],\"inLanguage\":\"en-US\"},{\"@type\":\"Organization\",\"@id\":\"https:\\\/\\\/uees.edu.ec\\\/#organization\",\"name\":\"Universidad Esp\u00edritu Santo - UEES\",\"alternateName\":\"La mejor universidad en Ecuador\",\"url\":\"https:\\\/\\\/uees.edu.ec\\\/\",\"logo\":{\"@type\":\"ImageObject\",\"inLanguage\":\"en-US\",\"@id\":\"https:\\\/\\\/uees.edu.ec\\\/#\\\/schema\\\/logo\\\/image\\\/\",\"url\":\"https:\\\/\\\/uees.edu.ec\\\/wp-content\\\/uploads\\\/2021\\\/03\\\/Logo-UEES.png\",\"contentUrl\":\"https:\\\/\\\/uees.edu.ec\\\/wp-content\\\/uploads\\\/2021\\\/03\\\/Logo-UEES.png\",\"width\":221,\"height\":86,\"caption\":\"Universidad Esp\u00edritu Santo - UEES\"},\"image\":{\"@id\":\"https:\\\/\\\/uees.edu.ec\\\/#\\\/schema\\\/logo\\\/image\\\/\"},\"sameAs\":[\"https:\\\/\\\/www.facebook.com\\\/universidadespiritusanto\",\"https:\\\/\\\/x.com\\\/uees_ec\",\"https:\\\/\\\/www.instagram.com\\\/uees_ec\\\/\",\"https:\\\/\\\/www.linkedin.com\\\/school\\\/esp-ritu-santo\",\"https:\\\/\\\/www.youtube.com\\\/user\\\/UEES2009\",\"https:\\\/\\\/es.wikipedia.org\\\/wiki\\\/Universidad_de_Especialidades_Esp\u00edritu_Santo\"]},{\"@type\":\"Person\",\"@id\":\"https:\\\/\\\/uees.edu.ec\\\/#\\\/schema\\\/person\\\/d63ccd280ffea0cfa500ff8e223df681\",\"name\":\"Elisa NIeto\",\"image\":{\"@type\":\"ImageObject\",\"inLanguage\":\"en-US\",\"@id\":\"https:\\\/\\\/secure.gravatar.com\\\/avatar\\\/605564af463a7fd0c423bca29297cbceebac05a022669b655b2f2dcd2c6bf03e?s=96&d=mm&r=g\",\"url\":\"https:\\\/\\\/secure.gravatar.com\\\/avatar\\\/605564af463a7fd0c423bca29297cbceebac05a022669b655b2f2dcd2c6bf03e?s=96&d=mm&r=g\",\"contentUrl\":\"https:\\\/\\\/secure.gravatar.com\\\/avatar\\\/605564af463a7fd0c423bca29297cbceebac05a022669b655b2f2dcd2c6bf03e?s=96&d=mm&r=g\",\"caption\":\"Elisa NIeto\"},\"url\":\"https:\\\/\\\/uees.edu.ec\\\/en\\\/author\\\/elisa-nieto\\\/\"}]}<\/script>\n<!-- \/ Yoast SEO Premium plugin. -->","yoast_head_json":{"title":"UEES presente en conversatorio internacional sobre educaci\u00f3n global y accesible - UEES - Universidad Esp\u00edritu Santo","robots":{"index":"index","follow":"follow","max-snippet":"max-snippet:-1","max-image-preview":"max-image-preview:large","max-video-preview":"max-video-preview:-1"},"canonical":"https:\/\/uees.edu.ec\/en\/uees-presente-en-conversatorio-internacional-sobre-educacion-global-y-accesible\/","og_locale":"en_US","og_type":"article","og_title":"UEES presente en conversatorio internacional sobre educaci\u00f3n global y accesible","og_description":"La Universidad Esp\u00edritu Santo (UEES) particip\u00f3 en una entrevista con la Revista Semana de Colombia, en el marco del conversatorio virtual \u201cEducaci\u00f3n global y accesible: as\u00ed cambian las maestr\u00edas el mercado\u201d, organizado por #ForosSemana. En representaci\u00f3n de la UEES, Alexandra Portalanza, Directora General de la Divisi\u00f3n Online, comparti\u00f3 la visi\u00f3n institucional sobre la transformaci\u00f3n educativa [&hellip;]","og_url":"https:\/\/uees.edu.ec\/en\/uees-presente-en-conversatorio-internacional-sobre-educacion-global-y-accesible\/","og_site_name":"UEES - Universidad Esp\u00edritu Santo","article_publisher":"https:\/\/www.facebook.com\/universidadespiritusanto","article_published_time":"2025-11-06T14:47:46+00:00","article_modified_time":"2025-11-06T16:23:49+00:00","og_image":[{"width":2088,"height":1168,"url":"https:\/\/uees.edu.ec\/wp-content\/uploads\/2025\/11\/Captura-de-pantalla-2025-11-06-a-las-9.45.37-a.-m.png","type":"image\/png"}],"author":"Elisa NIeto","twitter_card":"summary_large_image","twitter_creator":"@uees_ec","twitter_site":"@uees_ec","twitter_misc":{"Written by":"Elisa NIeto","Est. reading time":"2 minutes"},"schema":{"@context":"https:\/\/schema.org","@graph":[{"@type":["Article","BlogPosting"],"@id":"https:\/\/uees.edu.ec\/uees-presente-en-conversatorio-internacional-sobre-educacion-global-y-accesible\/#article","isPartOf":{"@id":"https:\/\/uees.edu.ec\/uees-presente-en-conversatorio-internacional-sobre-educacion-global-y-accesible\/"},"author":{"name":"Elisa NIeto","@id":"https:\/\/uees.edu.ec\/#\/schema\/person\/d63ccd280ffea0cfa500ff8e223df681"},"headline":"UEES presente en conversatorio internacional sobre educaci\u00f3n global y accesible","datePublished":"2025-11-06T14:47:46+00:00","dateModified":"2025-11-06T16:23:49+00:00","mainEntityOfPage":{"@id":"https:\/\/uees.edu.ec\/uees-presente-en-conversatorio-internacional-sobre-educacion-global-y-accesible\/"},"wordCount":226,"commentCount":0,"publisher":{"@id":"https:\/\/uees.edu.ec\/#organization"},"image":{"@id":"https:\/\/uees.edu.ec\/uees-presente-en-conversatorio-internacional-sobre-educacion-global-y-accesible\/#primaryimage"},"thumbnailUrl":"https:\/\/uees.edu.ec\/wp-content\/uploads\/2025\/11\/Captura-de-pantalla-2025-11-06-a-las-9.45.37-a.-m.png","keywords":["Colombia","Revista Semana","UEES Online"],"articleSection":["Noticias"],"inLanguage":"en-US","potentialAction":[{"@type":"CommentAction","name":"Comment","target":["https:\/\/uees.edu.ec\/uees-presente-en-conversatorio-internacional-sobre-educacion-global-y-accesible\/#respond"]}]},{"@type":"WebPage","@id":"https:\/\/uees.edu.ec\/uees-presente-en-conversatorio-internacional-sobre-educacion-global-y-accesible\/","url":"https:\/\/uees.edu.ec\/uees-presente-en-conversatorio-internacional-sobre-educacion-global-y-accesible\/","name":"UEES presente en conversatorio internacional sobre educaci\u00f3n global y accesible - UEES - Universidad Esp\u00edritu Santo","isPartOf":{"@id":"https:\/\/uees.edu.ec\/#website"},"primaryImageOfPage":{"@id":"https:\/\/uees.edu.ec\/uees-presente-en-conversatorio-internacional-sobre-educacion-global-y-accesible\/#primaryimage"},"image":{"@id":"https:\/\/uees.edu.ec\/uees-presente-en-conversatorio-internacional-sobre-educacion-global-y-accesible\/#primaryimage"},"thumbnailUrl":"https:\/\/uees.edu.ec\/wp-content\/uploads\/2025\/11\/Captura-de-pantalla-2025-11-06-a-las-9.45.37-a.-m.png","datePublished":"2025-11-06T14:47:46+00:00","dateModified":"2025-11-06T16:23:49+00:00","breadcrumb":{"@id":"https:\/\/uees.edu.ec\/uees-presente-en-conversatorio-internacional-sobre-educacion-global-y-accesible\/#breadcrumb"},"inLanguage":"en-US","potentialAction":[{"@type":"ReadAction","target":["https:\/\/uees.edu.ec\/uees-presente-en-conversatorio-internacional-sobre-educacion-global-y-accesible\/"]}]},{"@type":"ImageObject","inLanguage":"en-US","@id":"https:\/\/uees.edu.ec\/uees-presente-en-conversatorio-internacional-sobre-educacion-global-y-accesible\/#primaryimage","url":"https:\/\/uees.edu.ec\/wp-content\/uploads\/2025\/11\/Captura-de-pantalla-2025-11-06-a-las-9.45.37-a.-m.png","contentUrl":"https:\/\/uees.edu.ec\/wp-content\/uploads\/2025\/11\/Captura-de-pantalla-2025-11-06-a-las-9.45.37-a.-m.png","width":2088,"height":1168},{"@type":"BreadcrumbList","@id":"https:\/\/uees.edu.ec\/uees-presente-en-conversatorio-internacional-sobre-educacion-global-y-accesible\/#breadcrumb","itemListElement":[{"@type":"ListItem","position":1,"name":"Home","item":"https:\/\/uees.edu.ec\/"},{"@type":"ListItem","position":2,"name":"UEES presente en conversatorio internacional sobre educaci\u00f3n global y accesible"}]},{"@type":"WebSite","@id":"https:\/\/uees.edu.ec\/#website","url":"https:\/\/uees.edu.ec\/","name":"Espiritu Santo University - UEES","description":"In constant innovation","publisher":{"@id":"https:\/\/uees.edu.ec\/#organization"},"alternateName":"Universidad Esp\u00edritu Santo - UEES","potentialAction":[{"@type":"SearchAction","target":{"@type":"EntryPoint","urlTemplate":"https:\/\/uees.edu.ec\/?s={search_term_string}"},"query-input":{"@type":"PropertyValueSpecification","valueRequired":true,"valueName":"search_term_string"}}],"inLanguage":"en-US"},{"@type":"Organization","@id":"https:\/\/uees.edu.ec\/#organization","name":"Espiritu Santo University - UEES","alternateName":"La mejor universidad en Ecuador","url":"https:\/\/uees.edu.ec\/","logo":{"@type":"ImageObject","inLanguage":"en-US","@id":"https:\/\/uees.edu.ec\/#\/schema\/logo\/image\/","url":"https:\/\/uees.edu.ec\/wp-content\/uploads\/2021\/03\/Logo-UEES.png","contentUrl":"https:\/\/uees.edu.ec\/wp-content\/uploads\/2021\/03\/Logo-UEES.png","width":221,"height":86,"caption":"Universidad Esp\u00edritu Santo - UEES"},"image":{"@id":"https:\/\/uees.edu.ec\/#\/schema\/logo\/image\/"},"sameAs":["https:\/\/www.facebook.com\/universidadespiritusanto","https:\/\/x.com\/uees_ec","https:\/\/www.instagram.com\/uees_ec\/","https:\/\/www.linkedin.com\/school\/esp-ritu-santo","https:\/\/www.youtube.com\/user\/UEES2009","https:\/\/es.wikipedia.org\/wiki\/Universidad_de_Especialidades_Esp\u00edritu_Santo"]},{"@type":"Person","@id":"https:\/\/uees.edu.ec\/#\/schema\/person\/d63ccd280ffea0cfa500ff8e223df681","name":"Elisa NIeto","image":{"@type":"ImageObject","inLanguage":"en-US","@id":"https:\/\/secure.gravatar.com\/avatar\/605564af463a7fd0c423bca29297cbceebac05a022669b655b2f2dcd2c6bf03e?s=96&d=mm&r=g","url":"https:\/\/secure.gravatar.com\/avatar\/605564af463a7fd0c423bca29297cbceebac05a022669b655b2f2dcd2c6bf03e?s=96&d=mm&r=g","contentUrl":"https:\/\/secure.gravatar.com\/avatar\/605564af463a7fd0c423bca29297cbceebac05a022669b655b2f2dcd2c6bf03e?s=96&d=mm&r=g","caption":"Elisa NIeto"},"url":"https:\/\/uees.edu.ec\/en\/author\/elisa-nieto\/"}]}},"_links":{"self":[{"href":"https:\/\/uees.edu.ec\/en\/wp-json\/wp\/v2\/posts\/31185","targetHints":{"allow":["GET"]}}],"collection":[{"href":"https:\/\/uees.edu.ec\/en\/wp-json\/wp\/v2\/posts"}],"about":[{"href":"https:\/\/uees.edu.ec\/en\/wp-json\/wp\/v2\/types\/post"}],"author":[{"embeddable":true,"href":"https:\/\/uees.edu.ec\/en\/wp-json\/wp\/v2\/users\/10000093"}],"replies":[{"embeddable":true,"href":"https:\/\/uees.edu.ec\/en\/wp-json\/wp\/v2\/comments?post=31185"}],"version-history":[{"count":5,"href":"https:\/\/uees.edu.ec\/en\/wp-json\/wp\/v2\/posts\/31185\/revisions"}],"predecessor-version":[{"id":31195,"href":"https:\/\/uees.edu.ec\/en\/wp-json\/wp\/v2\/posts\/31185\/revisions\/31195"}],"wp:featuredmedia":[{"embeddable":true,"href":"https:\/\/uees.edu.ec\/en\/wp-json\/wp\/v2\/media\/31187"}],"wp:attachment":[{"href":"https:\/\/uees.edu.ec\/en\/wp-json\/wp\/v2\/media?parent=31185"}],"wp:term":[{"taxonomy":"category","embeddable":true,"href":"https:\/\/uees.edu.ec\/en\/wp-json\/wp\/v2\/categories?post=31185"},{"taxonomy":"post_tag","embeddable":true,"href":"https:\/\/uees.edu.ec\/en\/wp-json\/wp\/v2\/tags?post=31185"}],"curies":[{"name":"wp","href":"https:\/\/api.w.org\/{rel}","templated":true}]}}