{"id":30407,"date":"2025-08-14T17:03:39","date_gmt":"2025-08-14T22:03:39","guid":{"rendered":"https:\/\/uees.edu.ec\/?p=30407"},"modified":"2025-08-14T17:03:59","modified_gmt":"2025-08-14T22:03:59","slug":"uees-realizo-su-primera-feria-laboral-online-2025","status":"publish","type":"post","link":"https:\/\/uees.edu.ec\/en\/uees-realizo-su-primera-feria-laboral-online-2025\/","title":{"rendered":"UEES held its First Online Job Fair 2025"},"content":{"rendered":"<p><img loading=\"lazy\" decoding=\"async\" class=\"alignnone size-large wp-image-30408\" src=\"https:\/\/uees.edu.ec\/wp-content\/uploads\/2025\/08\/1755108573358-1024x481.jpeg\" alt=\"\" width=\"1024\" height=\"481\" srcset=\"https:\/\/uees.edu.ec\/wp-content\/uploads\/2025\/08\/1755108573358-1024x481.jpeg 1024w, https:\/\/uees.edu.ec\/wp-content\/uploads\/2025\/08\/1755108573358-300x141.jpeg 300w, https:\/\/uees.edu.ec\/wp-content\/uploads\/2025\/08\/1755108573358-768x360.jpeg 768w, https:\/\/uees.edu.ec\/wp-content\/uploads\/2025\/08\/1755108573358.jpeg 1351w\" sizes=\"auto, (max-width: 1024px) 100vw, 1024px\" \/><\/p>\n<p>The Universidad Espiritu Santo (UEES) presented its <strong>First Online Job Fair 2025<\/strong>, an innovative digital space that brought together students, alumni, companies and prominent speakers from Chile, Canada, Colombia, Argentina, Peru and Ecuador. During the virtual event, attendees had access to conferences and workshops on The 5 keys to employability in the age of AI, How to create a high-impact CV, Strategic networking: relationships that open doors, Digital personal branding and The digital portfolio, among other key topics to enhance their professional development and strengthen their employability from the first click.<\/p>\n<p>The event was a unique opportunity to connect directly with organizations that value talent, innovation and disruptive proposals, and to learn about the global trends that are shaping the labor market. It also allowed participants to showcase their professional profile, explore vacancies and get a comprehensive view of the most in-demand international skills.<\/p>\n<p>In addition, the fair fostered strategic networking, creating a space where professionals from various industries could interact, exchange ideas and establish valuable contacts to promote new job opportunities and collaboration.<\/p>","protected":false},"excerpt":{"rendered":"<p>La Universidad Esp\u00edritu Santo (UEES) present\u00f3 su Primera Feria Laboral Online 2025, un innovador espacio digital que reuni\u00f3 a alumnos, exalumnos, empresas y a destacados conferencistas de Chile, Canad\u00e1, Colombia, Argentina, Per\u00fa y Ecuador. Durante el evento virtual, los asistentes accedieron a conferencias y talleres sobre Las 5 claves de la empleabilidad en la era [&hellip;]<\/p>\n","protected":false},"author":10000093,"featured_media":30408,"comment_status":"open","ping_status":"open","sticky":false,"template":"","format":"standard","meta":{"_acf_changed":false,"footnotes":""},"categories":[75],"tags":[805],"class_list":["post-30407","post","type-post","status-publish","format-standard","has-post-thumbnail","hentry","category-noticias","tag-feria-laboral"],"acf":[],"yoast_head":"<!-- This site is optimized with the Yoast SEO Premium plugin v27.4 (Yoast SEO v27.4) - https:\/\/yoast.com\/product\/yoast-seo-premium-wordpress\/ -->\n<title>UEES realiz\u00f3 su Primera Feria Laboral Online 2025 - UEES - Universidad Esp\u00edritu Santo<\/title>\n<meta name=\"robots\" content=\"index, follow, max-snippet:-1, max-image-preview:large, max-video-preview:-1\" \/>\n<link rel=\"canonical\" href=\"https:\/\/uees.edu.ec\/en\/uees-realizo-su-primera-feria-laboral-online-2025\/\" \/>\n<meta property=\"og:locale\" content=\"en_US\" \/>\n<meta property=\"og:type\" content=\"article\" \/>\n<meta property=\"og:title\" content=\"UEES realiz\u00f3 su Primera Feria Laboral Online 2025\" \/>\n<meta property=\"og:description\" content=\"La Universidad Esp\u00edritu Santo (UEES) present\u00f3 su Primera Feria Laboral Online 2025, un innovador espacio digital que reuni\u00f3 a alumnos, exalumnos, empresas y a destacados conferencistas de Chile, Canad\u00e1, Colombia, Argentina, Per\u00fa y Ecuador. Durante el evento virtual, los asistentes accedieron a conferencias y talleres sobre Las 5 claves de la empleabilidad en la era [&hellip;]\" \/>\n<meta property=\"og:url\" content=\"https:\/\/uees.edu.ec\/en\/uees-realizo-su-primera-feria-laboral-online-2025\/\" \/>\n<meta property=\"og:site_name\" content=\"UEES - Universidad Esp\u00edritu Santo\" \/>\n<meta property=\"article:publisher\" content=\"https:\/\/www.facebook.com\/universidadespiritusanto\" \/>\n<meta property=\"article:published_time\" content=\"2025-08-14T22:03:39+00:00\" \/>\n<meta property=\"article:modified_time\" content=\"2025-08-14T22:03:59+00:00\" \/>\n<meta property=\"og:image\" content=\"https:\/\/uees.edu.ec\/wp-content\/uploads\/2025\/08\/1755108573358.jpeg\" \/>\n\t<meta property=\"og:image:width\" content=\"1351\" \/>\n\t<meta property=\"og:image:height\" content=\"634\" \/>\n\t<meta property=\"og:image:type\" content=\"image\/jpeg\" \/>\n<meta name=\"author\" content=\"Elisa NIeto\" \/>\n<meta name=\"twitter:card\" content=\"summary_large_image\" \/>\n<meta name=\"twitter:creator\" content=\"@uees_ec\" \/>\n<meta name=\"twitter:site\" content=\"@uees_ec\" \/>\n<meta name=\"twitter:label1\" content=\"Written by\" \/>\n\t<meta name=\"twitter:data1\" content=\"Elisa NIeto\" \/>\n\t<meta name=\"twitter:label2\" content=\"Est. reading time\" \/>\n\t<meta name=\"twitter:data2\" content=\"2 minutes\" \/>\n<script type=\"application\/ld+json\" class=\"yoast-schema-graph\">{\"@context\":\"https:\\\/\\\/schema.org\",\"@graph\":[{\"@type\":[\"Article\",\"BlogPosting\"],\"@id\":\"https:\\\/\\\/uees.edu.ec\\\/uees-realizo-su-primera-feria-laboral-online-2025\\\/#article\",\"isPartOf\":{\"@id\":\"https:\\\/\\\/uees.edu.ec\\\/uees-realizo-su-primera-feria-laboral-online-2025\\\/\"},\"author\":{\"name\":\"Elisa NIeto\",\"@id\":\"https:\\\/\\\/uees.edu.ec\\\/#\\\/schema\\\/person\\\/d63ccd280ffea0cfa500ff8e223df681\"},\"headline\":\"UEES realiz\u00f3 su Primera Feria Laboral Online 2025\",\"datePublished\":\"2025-08-14T22:03:39+00:00\",\"dateModified\":\"2025-08-14T22:03:59+00:00\",\"mainEntityOfPage\":{\"@id\":\"https:\\\/\\\/uees.edu.ec\\\/uees-realizo-su-primera-feria-laboral-online-2025\\\/\"},\"wordCount\":198,\"commentCount\":0,\"publisher\":{\"@id\":\"https:\\\/\\\/uees.edu.ec\\\/#organization\"},\"image\":{\"@id\":\"https:\\\/\\\/uees.edu.ec\\\/uees-realizo-su-primera-feria-laboral-online-2025\\\/#primaryimage\"},\"thumbnailUrl\":\"https:\\\/\\\/uees.edu.ec\\\/wp-content\\\/uploads\\\/2025\\\/08\\\/1755108573358.jpeg\",\"keywords\":[\"feria laboral\"],\"articleSection\":[\"Noticias\"],\"inLanguage\":\"en-US\",\"potentialAction\":[{\"@type\":\"CommentAction\",\"name\":\"Comment\",\"target\":[\"https:\\\/\\\/uees.edu.ec\\\/uees-realizo-su-primera-feria-laboral-online-2025\\\/#respond\"]}]},{\"@type\":\"WebPage\",\"@id\":\"https:\\\/\\\/uees.edu.ec\\\/uees-realizo-su-primera-feria-laboral-online-2025\\\/\",\"url\":\"https:\\\/\\\/uees.edu.ec\\\/uees-realizo-su-primera-feria-laboral-online-2025\\\/\",\"name\":\"UEES realiz\u00f3 su Primera Feria Laboral Online 2025 - UEES - Universidad Esp\u00edritu Santo\",\"isPartOf\":{\"@id\":\"https:\\\/\\\/uees.edu.ec\\\/#website\"},\"primaryImageOfPage\":{\"@id\":\"https:\\\/\\\/uees.edu.ec\\\/uees-realizo-su-primera-feria-laboral-online-2025\\\/#primaryimage\"},\"image\":{\"@id\":\"https:\\\/\\\/uees.edu.ec\\\/uees-realizo-su-primera-feria-laboral-online-2025\\\/#primaryimage\"},\"thumbnailUrl\":\"https:\\\/\\\/uees.edu.ec\\\/wp-content\\\/uploads\\\/2025\\\/08\\\/1755108573358.jpeg\",\"datePublished\":\"2025-08-14T22:03:39+00:00\",\"dateModified\":\"2025-08-14T22:03:59+00:00\",\"breadcrumb\":{\"@id\":\"https:\\\/\\\/uees.edu.ec\\\/uees-realizo-su-primera-feria-laboral-online-2025\\\/#breadcrumb\"},\"inLanguage\":\"en-US\",\"potentialAction\":[{\"@type\":\"ReadAction\",\"target\":[\"https:\\\/\\\/uees.edu.ec\\\/uees-realizo-su-primera-feria-laboral-online-2025\\\/\"]}]},{\"@type\":\"ImageObject\",\"inLanguage\":\"en-US\",\"@id\":\"https:\\\/\\\/uees.edu.ec\\\/uees-realizo-su-primera-feria-laboral-online-2025\\\/#primaryimage\",\"url\":\"https:\\\/\\\/uees.edu.ec\\\/wp-content\\\/uploads\\\/2025\\\/08\\\/1755108573358.jpeg\",\"contentUrl\":\"https:\\\/\\\/uees.edu.ec\\\/wp-content\\\/uploads\\\/2025\\\/08\\\/1755108573358.jpeg\",\"width\":1351,\"height\":634},{\"@type\":\"BreadcrumbList\",\"@id\":\"https:\\\/\\\/uees.edu.ec\\\/uees-realizo-su-primera-feria-laboral-online-2025\\\/#breadcrumb\",\"itemListElement\":[{\"@type\":\"ListItem\",\"position\":1,\"name\":\"Home\",\"item\":\"https:\\\/\\\/uees.edu.ec\\\/\"},{\"@type\":\"ListItem\",\"position\":2,\"name\":\"UEES realiz\u00f3 su Primera Feria Laboral Online 2025\"}]},{\"@type\":\"WebSite\",\"@id\":\"https:\\\/\\\/uees.edu.ec\\\/#website\",\"url\":\"https:\\\/\\\/uees.edu.ec\\\/\",\"name\":\"Universidad Esp\u00edritu Santo - UEES\",\"description\":\"En constante innovaci\u00f3n\",\"publisher\":{\"@id\":\"https:\\\/\\\/uees.edu.ec\\\/#organization\"},\"alternateName\":\"Universidad Esp\u00edritu Santo - UEES\",\"potentialAction\":[{\"@type\":\"SearchAction\",\"target\":{\"@type\":\"EntryPoint\",\"urlTemplate\":\"https:\\\/\\\/uees.edu.ec\\\/?s={search_term_string}\"},\"query-input\":{\"@type\":\"PropertyValueSpecification\",\"valueRequired\":true,\"valueName\":\"search_term_string\"}}],\"inLanguage\":\"en-US\"},{\"@type\":\"Organization\",\"@id\":\"https:\\\/\\\/uees.edu.ec\\\/#organization\",\"name\":\"Universidad Esp\u00edritu Santo - UEES\",\"alternateName\":\"La mejor universidad en Ecuador\",\"url\":\"https:\\\/\\\/uees.edu.ec\\\/\",\"logo\":{\"@type\":\"ImageObject\",\"inLanguage\":\"en-US\",\"@id\":\"https:\\\/\\\/uees.edu.ec\\\/#\\\/schema\\\/logo\\\/image\\\/\",\"url\":\"https:\\\/\\\/uees.edu.ec\\\/wp-content\\\/uploads\\\/2021\\\/03\\\/Logo-UEES.png\",\"contentUrl\":\"https:\\\/\\\/uees.edu.ec\\\/wp-content\\\/uploads\\\/2021\\\/03\\\/Logo-UEES.png\",\"width\":221,\"height\":86,\"caption\":\"Universidad Esp\u00edritu Santo - UEES\"},\"image\":{\"@id\":\"https:\\\/\\\/uees.edu.ec\\\/#\\\/schema\\\/logo\\\/image\\\/\"},\"sameAs\":[\"https:\\\/\\\/www.facebook.com\\\/universidadespiritusanto\",\"https:\\\/\\\/x.com\\\/uees_ec\",\"https:\\\/\\\/www.instagram.com\\\/uees_ec\\\/\",\"https:\\\/\\\/www.linkedin.com\\\/school\\\/esp-ritu-santo\",\"https:\\\/\\\/www.youtube.com\\\/user\\\/UEES2009\",\"https:\\\/\\\/es.wikipedia.org\\\/wiki\\\/Universidad_de_Especialidades_Esp\u00edritu_Santo\"]},{\"@type\":\"Person\",\"@id\":\"https:\\\/\\\/uees.edu.ec\\\/#\\\/schema\\\/person\\\/d63ccd280ffea0cfa500ff8e223df681\",\"name\":\"Elisa NIeto\",\"image\":{\"@type\":\"ImageObject\",\"inLanguage\":\"en-US\",\"@id\":\"https:\\\/\\\/secure.gravatar.com\\\/avatar\\\/605564af463a7fd0c423bca29297cbceebac05a022669b655b2f2dcd2c6bf03e?s=96&d=mm&r=g\",\"url\":\"https:\\\/\\\/secure.gravatar.com\\\/avatar\\\/605564af463a7fd0c423bca29297cbceebac05a022669b655b2f2dcd2c6bf03e?s=96&d=mm&r=g\",\"contentUrl\":\"https:\\\/\\\/secure.gravatar.com\\\/avatar\\\/605564af463a7fd0c423bca29297cbceebac05a022669b655b2f2dcd2c6bf03e?s=96&d=mm&r=g\",\"caption\":\"Elisa NIeto\"},\"url\":\"https:\\\/\\\/uees.edu.ec\\\/en\\\/author\\\/elisa-nieto\\\/\"}]}<\/script>\n<!-- \/ Yoast SEO Premium plugin. -->","yoast_head_json":{"title":"UEES realiz\u00f3 su Primera Feria Laboral Online 2025 - UEES - Universidad Esp\u00edritu Santo","robots":{"index":"index","follow":"follow","max-snippet":"max-snippet:-1","max-image-preview":"max-image-preview:large","max-video-preview":"max-video-preview:-1"},"canonical":"https:\/\/uees.edu.ec\/en\/uees-realizo-su-primera-feria-laboral-online-2025\/","og_locale":"en_US","og_type":"article","og_title":"UEES realiz\u00f3 su Primera Feria Laboral Online 2025","og_description":"La Universidad Esp\u00edritu Santo (UEES) present\u00f3 su Primera Feria Laboral Online 2025, un innovador espacio digital que reuni\u00f3 a alumnos, exalumnos, empresas y a destacados conferencistas de Chile, Canad\u00e1, Colombia, Argentina, Per\u00fa y Ecuador. Durante el evento virtual, los asistentes accedieron a conferencias y talleres sobre Las 5 claves de la empleabilidad en la era [&hellip;]","og_url":"https:\/\/uees.edu.ec\/en\/uees-realizo-su-primera-feria-laboral-online-2025\/","og_site_name":"UEES - Universidad Esp\u00edritu Santo","article_publisher":"https:\/\/www.facebook.com\/universidadespiritusanto","article_published_time":"2025-08-14T22:03:39+00:00","article_modified_time":"2025-08-14T22:03:59+00:00","og_image":[{"width":1351,"height":634,"url":"https:\/\/uees.edu.ec\/wp-content\/uploads\/2025\/08\/1755108573358.jpeg","type":"image\/jpeg"}],"author":"Elisa NIeto","twitter_card":"summary_large_image","twitter_creator":"@uees_ec","twitter_site":"@uees_ec","twitter_misc":{"Written by":"Elisa NIeto","Est. reading time":"2 minutes"},"schema":{"@context":"https:\/\/schema.org","@graph":[{"@type":["Article","BlogPosting"],"@id":"https:\/\/uees.edu.ec\/uees-realizo-su-primera-feria-laboral-online-2025\/#article","isPartOf":{"@id":"https:\/\/uees.edu.ec\/uees-realizo-su-primera-feria-laboral-online-2025\/"},"author":{"name":"Elisa NIeto","@id":"https:\/\/uees.edu.ec\/#\/schema\/person\/d63ccd280ffea0cfa500ff8e223df681"},"headline":"UEES realiz\u00f3 su Primera Feria Laboral Online 2025","datePublished":"2025-08-14T22:03:39+00:00","dateModified":"2025-08-14T22:03:59+00:00","mainEntityOfPage":{"@id":"https:\/\/uees.edu.ec\/uees-realizo-su-primera-feria-laboral-online-2025\/"},"wordCount":198,"commentCount":0,"publisher":{"@id":"https:\/\/uees.edu.ec\/#organization"},"image":{"@id":"https:\/\/uees.edu.ec\/uees-realizo-su-primera-feria-laboral-online-2025\/#primaryimage"},"thumbnailUrl":"https:\/\/uees.edu.ec\/wp-content\/uploads\/2025\/08\/1755108573358.jpeg","keywords":["feria laboral"],"articleSection":["Noticias"],"inLanguage":"en-US","potentialAction":[{"@type":"CommentAction","name":"Comment","target":["https:\/\/uees.edu.ec\/uees-realizo-su-primera-feria-laboral-online-2025\/#respond"]}]},{"@type":"WebPage","@id":"https:\/\/uees.edu.ec\/uees-realizo-su-primera-feria-laboral-online-2025\/","url":"https:\/\/uees.edu.ec\/uees-realizo-su-primera-feria-laboral-online-2025\/","name":"UEES realiz\u00f3 su Primera Feria Laboral Online 2025 - UEES - Universidad Esp\u00edritu Santo","isPartOf":{"@id":"https:\/\/uees.edu.ec\/#website"},"primaryImageOfPage":{"@id":"https:\/\/uees.edu.ec\/uees-realizo-su-primera-feria-laboral-online-2025\/#primaryimage"},"image":{"@id":"https:\/\/uees.edu.ec\/uees-realizo-su-primera-feria-laboral-online-2025\/#primaryimage"},"thumbnailUrl":"https:\/\/uees.edu.ec\/wp-content\/uploads\/2025\/08\/1755108573358.jpeg","datePublished":"2025-08-14T22:03:39+00:00","dateModified":"2025-08-14T22:03:59+00:00","breadcrumb":{"@id":"https:\/\/uees.edu.ec\/uees-realizo-su-primera-feria-laboral-online-2025\/#breadcrumb"},"inLanguage":"en-US","potentialAction":[{"@type":"ReadAction","target":["https:\/\/uees.edu.ec\/uees-realizo-su-primera-feria-laboral-online-2025\/"]}]},{"@type":"ImageObject","inLanguage":"en-US","@id":"https:\/\/uees.edu.ec\/uees-realizo-su-primera-feria-laboral-online-2025\/#primaryimage","url":"https:\/\/uees.edu.ec\/wp-content\/uploads\/2025\/08\/1755108573358.jpeg","contentUrl":"https:\/\/uees.edu.ec\/wp-content\/uploads\/2025\/08\/1755108573358.jpeg","width":1351,"height":634},{"@type":"BreadcrumbList","@id":"https:\/\/uees.edu.ec\/uees-realizo-su-primera-feria-laboral-online-2025\/#breadcrumb","itemListElement":[{"@type":"ListItem","position":1,"name":"Home","item":"https:\/\/uees.edu.ec\/"},{"@type":"ListItem","position":2,"name":"UEES realiz\u00f3 su Primera Feria Laboral Online 2025"}]},{"@type":"WebSite","@id":"https:\/\/uees.edu.ec\/#website","url":"https:\/\/uees.edu.ec\/","name":"Espiritu Santo University - UEES","description":"In constant innovation","publisher":{"@id":"https:\/\/uees.edu.ec\/#organization"},"alternateName":"Universidad Esp\u00edritu Santo - UEES","potentialAction":[{"@type":"SearchAction","target":{"@type":"EntryPoint","urlTemplate":"https:\/\/uees.edu.ec\/?s={search_term_string}"},"query-input":{"@type":"PropertyValueSpecification","valueRequired":true,"valueName":"search_term_string"}}],"inLanguage":"en-US"},{"@type":"Organization","@id":"https:\/\/uees.edu.ec\/#organization","name":"Espiritu Santo University - UEES","alternateName":"La mejor universidad en Ecuador","url":"https:\/\/uees.edu.ec\/","logo":{"@type":"ImageObject","inLanguage":"en-US","@id":"https:\/\/uees.edu.ec\/#\/schema\/logo\/image\/","url":"https:\/\/uees.edu.ec\/wp-content\/uploads\/2021\/03\/Logo-UEES.png","contentUrl":"https:\/\/uees.edu.ec\/wp-content\/uploads\/2021\/03\/Logo-UEES.png","width":221,"height":86,"caption":"Universidad Esp\u00edritu Santo - UEES"},"image":{"@id":"https:\/\/uees.edu.ec\/#\/schema\/logo\/image\/"},"sameAs":["https:\/\/www.facebook.com\/universidadespiritusanto","https:\/\/x.com\/uees_ec","https:\/\/www.instagram.com\/uees_ec\/","https:\/\/www.linkedin.com\/school\/esp-ritu-santo","https:\/\/www.youtube.com\/user\/UEES2009","https:\/\/es.wikipedia.org\/wiki\/Universidad_de_Especialidades_Esp\u00edritu_Santo"]},{"@type":"Person","@id":"https:\/\/uees.edu.ec\/#\/schema\/person\/d63ccd280ffea0cfa500ff8e223df681","name":"Elisa NIeto","image":{"@type":"ImageObject","inLanguage":"en-US","@id":"https:\/\/secure.gravatar.com\/avatar\/605564af463a7fd0c423bca29297cbceebac05a022669b655b2f2dcd2c6bf03e?s=96&d=mm&r=g","url":"https:\/\/secure.gravatar.com\/avatar\/605564af463a7fd0c423bca29297cbceebac05a022669b655b2f2dcd2c6bf03e?s=96&d=mm&r=g","contentUrl":"https:\/\/secure.gravatar.com\/avatar\/605564af463a7fd0c423bca29297cbceebac05a022669b655b2f2dcd2c6bf03e?s=96&d=mm&r=g","caption":"Elisa NIeto"},"url":"https:\/\/uees.edu.ec\/en\/author\/elisa-nieto\/"}]}},"_links":{"self":[{"href":"https:\/\/uees.edu.ec\/en\/wp-json\/wp\/v2\/posts\/30407","targetHints":{"allow":["GET"]}}],"collection":[{"href":"https:\/\/uees.edu.ec\/en\/wp-json\/wp\/v2\/posts"}],"about":[{"href":"https:\/\/uees.edu.ec\/en\/wp-json\/wp\/v2\/types\/post"}],"author":[{"embeddable":true,"href":"https:\/\/uees.edu.ec\/en\/wp-json\/wp\/v2\/users\/10000093"}],"replies":[{"embeddable":true,"href":"https:\/\/uees.edu.ec\/en\/wp-json\/wp\/v2\/comments?post=30407"}],"version-history":[{"count":2,"href":"https:\/\/uees.edu.ec\/en\/wp-json\/wp\/v2\/posts\/30407\/revisions"}],"predecessor-version":[{"id":30411,"href":"https:\/\/uees.edu.ec\/en\/wp-json\/wp\/v2\/posts\/30407\/revisions\/30411"}],"wp:featuredmedia":[{"embeddable":true,"href":"https:\/\/uees.edu.ec\/en\/wp-json\/wp\/v2\/media\/30408"}],"wp:attachment":[{"href":"https:\/\/uees.edu.ec\/en\/wp-json\/wp\/v2\/media?parent=30407"}],"wp:term":[{"taxonomy":"category","embeddable":true,"href":"https:\/\/uees.edu.ec\/en\/wp-json\/wp\/v2\/categories?post=30407"},{"taxonomy":"post_tag","embeddable":true,"href":"https:\/\/uees.edu.ec\/en\/wp-json\/wp\/v2\/tags?post=30407"}],"curies":[{"name":"wp","href":"https:\/\/api.w.org\/{rel}","templated":true}]}}