{"id":30147,"date":"2025-07-31T15:26:39","date_gmt":"2025-07-31T20:26:39","guid":{"rendered":"https:\/\/uees.edu.ec\/?p=30147"},"modified":"2025-07-31T15:58:26","modified_gmt":"2025-07-31T20:58:26","slug":"congreso-odontologico-traera-a-30-expertos-internacionales-a-samborondon","status":"publish","type":"post","link":"https:\/\/uees.edu.ec\/en\/congreso-odontologico-traera-a-30-expertos-internacionales-a-samborondon\/","title":{"rendered":"III Dental Congress will bring 30 international experts to Samborond\u00f3n"},"content":{"rendered":"<p><img loading=\"lazy\" decoding=\"async\" class=\"alignnone size-large wp-image-30149\" src=\"https:\/\/uees.edu.ec\/wp-content\/uploads\/2025\/07\/DSC07710-1024x683.jpg\" alt=\"\" width=\"1024\" height=\"683\" srcset=\"https:\/\/uees.edu.ec\/wp-content\/uploads\/2025\/07\/DSC07710-1024x683.jpg 1024w, https:\/\/uees.edu.ec\/wp-content\/uploads\/2025\/07\/DSC07710-300x200.jpg 300w, https:\/\/uees.edu.ec\/wp-content\/uploads\/2025\/07\/DSC07710-768x512.jpg 768w, https:\/\/uees.edu.ec\/wp-content\/uploads\/2025\/07\/DSC07710-1536x1024.jpg 1536w, https:\/\/uees.edu.ec\/wp-content\/uploads\/2025\/07\/DSC07710-2048x1365.jpg 2048w, https:\/\/uees.edu.ec\/wp-content\/uploads\/2025\/07\/DSC07710-1500x1000.jpg 1500w\" sizes=\"auto, (max-width: 1024px) 100vw, 1024px\" \/><\/p>\n<p><em>The UEES will bring together key figures in dentistry worldwide.<\/em><\/p>\n<p>The University of Espiritu Santo (UEES) will host world-renowned dental specialists at the <strong>3rd International Congress of Dental Specialties<\/strong><strong>, <\/strong>to be held on <strong>3<\/strong><strong>,<\/strong><strong> September 4 and 5, 2025<\/strong><strong>. <\/strong>The meeting, endorsed by the <strong>Ministry of Public Health of Ecuador<\/strong><strong>,<\/strong> will mark a milestone in the continuing education of professionals in the sector.<\/p>\n<p>This edition will include the participation of <strong>30 international speakers<\/strong>, considered benchmarks in their specialties. Among them, the <strong>Prof. Gwen Swennen<\/strong>, He is a leading figure in maxillofacial surgery and facial plastic surgery, director of the Bruges Cleft and Craniofacial Centre (Belgium), whose academic and clinical trajectory makes him one of the stellar guests. In addition, the <strong>Dr. Daniela Garib<\/strong>, leader in orthodontics and craniofacial malformations, current chair of the Department of Orthodontics at the University of S\u00e3o Paulo, Brazil.<\/p>\n<p>The academic program will also include the <strong>Dr. Jean Marc Retrouvey<\/strong>, Director of Orthodontics at the University of Missouri-Kansas City (USA) and honorary professor at Ho Chi Minh University, as well as to the <strong>Dr. Gonzalo Guti\u00e9rrez<\/strong>, recognized for his expertise in orthodontic biomechanics. In the field of dental trauma, the <strong>Dr. Liran Levin<\/strong>, President of the International Association for Dental Traumatology (IADT), will share his experience in the development of international guidelines for the prevention and management of dental injuries.<\/p>\n<p>As part of the congress, the following will be held <strong>advanced research workshops in dentistry<\/strong>, with national and international facilitators, and will be awarded the <strong>Hatton Award<\/strong>. The winner will represent Ecuador at the <strong>IADR International San Diego 2026<\/strong>, strengthening the country's position in global dental research.<\/p>\n<p><img loading=\"lazy\" decoding=\"async\" class=\"alignnone size-large wp-image-30150\" src=\"https:\/\/uees.edu.ec\/wp-content\/uploads\/2025\/07\/DSC04561-1-1-1024x683.jpeg\" alt=\"\" width=\"1024\" height=\"683\" srcset=\"https:\/\/uees.edu.ec\/wp-content\/uploads\/2025\/07\/DSC04561-1-1-1024x683.jpeg 1024w, https:\/\/uees.edu.ec\/wp-content\/uploads\/2025\/07\/DSC04561-1-1-300x200.jpeg 300w, https:\/\/uees.edu.ec\/wp-content\/uploads\/2025\/07\/DSC04561-1-1-768x512.jpeg 768w, https:\/\/uees.edu.ec\/wp-content\/uploads\/2025\/07\/DSC04561-1-1-1536x1024.jpeg 1536w, https:\/\/uees.edu.ec\/wp-content\/uploads\/2025\/07\/DSC04561-1-1-2048x1365.jpeg 2048w, https:\/\/uees.edu.ec\/wp-content\/uploads\/2025\/07\/DSC04561-1-1-1500x1000.jpeg 1500w\" sizes=\"auto, (max-width: 1024px) 100vw, 1024px\" \/><\/p>\n<p>This academic event has the support of key scientific organizations such as the <strong>Ecuadorian Association of Oral and Maxillofacial Surgery (AECOMF)<\/strong><strong>, <\/strong>the <strong>Ecuadorian Society of Orthodontics and Orthopedics (SOOG)<\/strong> and the <strong>International Association for Dental Research (IADR)<\/strong><strong>,<\/strong> consolidating the UEES congress as a reference platform for the development, updating and connection of the national and international dental community.<\/p>","protected":false},"excerpt":{"rendered":"<p>La UEES reunir\u00e1 a figuras clave de la odontolog\u00eda a nivel global. La Universidad Esp\u00edritu Santo (UEES) recibir\u00e1 a especialistas de la odontolog\u00eda de renombre mundial en el 3er Congreso Internacional de Especialidades Odontol\u00f3gicas, que se realizar\u00e1 los d\u00edas 3, 4 y 5 de septiembre de 2025. El encuentro, avalado por el Ministerio de Salud [&hellip;]<\/p>\n","protected":false},"author":10000093,"featured_media":30149,"comment_status":"open","ping_status":"open","sticky":false,"template":"","format":"standard","meta":{"_acf_changed":false,"footnotes":""},"categories":[75,568],"tags":[188],"class_list":["post-30147","post","type-post","status-publish","format-standard","has-post-thumbnail","hentry","category-noticias","category-salud","tag-odontologia"],"acf":[],"yoast_head":"<!-- This site is optimized with the Yoast SEO Premium plugin v27.4 (Yoast SEO v27.4) - https:\/\/yoast.com\/product\/yoast-seo-premium-wordpress\/ -->\n<title>III Congreso Odontol\u00f3gico traer\u00e1 a 30 expertos internacionales a Samborond\u00f3n - UEES - Universidad Esp\u00edritu Santo<\/title>\n<meta name=\"robots\" content=\"index, follow, max-snippet:-1, max-image-preview:large, max-video-preview:-1\" \/>\n<link rel=\"canonical\" href=\"https:\/\/uees.edu.ec\/en\/congreso-odontologico-traera-a-30-expertos-internacionales-a-samborondon\/\" \/>\n<meta property=\"og:locale\" content=\"en_US\" \/>\n<meta property=\"og:type\" content=\"article\" \/>\n<meta property=\"og:title\" content=\"III Congreso Odontol\u00f3gico traer\u00e1 a 30 expertos internacionales a Samborond\u00f3n\" \/>\n<meta property=\"og:description\" content=\"La UEES reunir\u00e1 a figuras clave de la odontolog\u00eda a nivel global. La Universidad Esp\u00edritu Santo (UEES) recibir\u00e1 a especialistas de la odontolog\u00eda de renombre mundial en el 3er Congreso Internacional de Especialidades Odontol\u00f3gicas, que se realizar\u00e1 los d\u00edas 3, 4 y 5 de septiembre de 2025. El encuentro, avalado por el Ministerio de Salud [&hellip;]\" \/>\n<meta property=\"og:url\" content=\"https:\/\/uees.edu.ec\/en\/congreso-odontologico-traera-a-30-expertos-internacionales-a-samborondon\/\" \/>\n<meta property=\"og:site_name\" content=\"UEES - Universidad Esp\u00edritu Santo\" \/>\n<meta property=\"article:publisher\" content=\"https:\/\/www.facebook.com\/universidadespiritusanto\" \/>\n<meta property=\"article:published_time\" content=\"2025-07-31T20:26:39+00:00\" \/>\n<meta property=\"article:modified_time\" content=\"2025-07-31T20:58:26+00:00\" \/>\n<meta property=\"og:image\" content=\"https:\/\/uees.edu.ec\/wp-content\/uploads\/2025\/07\/DSC07710-scaled.jpg\" \/>\n\t<meta property=\"og:image:width\" content=\"2560\" \/>\n\t<meta property=\"og:image:height\" content=\"1707\" \/>\n\t<meta property=\"og:image:type\" content=\"image\/jpeg\" \/>\n<meta name=\"author\" content=\"Elisa NIeto\" \/>\n<meta name=\"twitter:card\" content=\"summary_large_image\" \/>\n<meta name=\"twitter:creator\" content=\"@uees_ec\" \/>\n<meta name=\"twitter:site\" content=\"@uees_ec\" \/>\n<meta name=\"twitter:label1\" content=\"Written by\" \/>\n\t<meta name=\"twitter:data1\" content=\"Elisa NIeto\" \/>\n\t<meta name=\"twitter:label2\" content=\"Est. reading time\" \/>\n\t<meta name=\"twitter:data2\" content=\"3 minutes\" \/>\n<script type=\"application\/ld+json\" class=\"yoast-schema-graph\">{\"@context\":\"https:\\\/\\\/schema.org\",\"@graph\":[{\"@type\":[\"Article\",\"BlogPosting\"],\"@id\":\"https:\\\/\\\/uees.edu.ec\\\/congreso-odontologico-traera-a-30-expertos-internacionales-a-samborondon\\\/#article\",\"isPartOf\":{\"@id\":\"https:\\\/\\\/uees.edu.ec\\\/congreso-odontologico-traera-a-30-expertos-internacionales-a-samborondon\\\/\"},\"author\":{\"name\":\"Elisa NIeto\",\"@id\":\"https:\\\/\\\/uees.edu.ec\\\/#\\\/schema\\\/person\\\/d63ccd280ffea0cfa500ff8e223df681\"},\"headline\":\"III Congreso Odontol\u00f3gico traer\u00e1 a 30 expertos internacionales a Samborond\u00f3n\",\"datePublished\":\"2025-07-31T20:26:39+00:00\",\"dateModified\":\"2025-07-31T20:58:26+00:00\",\"mainEntityOfPage\":{\"@id\":\"https:\\\/\\\/uees.edu.ec\\\/congreso-odontologico-traera-a-30-expertos-internacionales-a-samborondon\\\/\"},\"wordCount\":372,\"commentCount\":0,\"publisher\":{\"@id\":\"https:\\\/\\\/uees.edu.ec\\\/#organization\"},\"image\":{\"@id\":\"https:\\\/\\\/uees.edu.ec\\\/congreso-odontologico-traera-a-30-expertos-internacionales-a-samborondon\\\/#primaryimage\"},\"thumbnailUrl\":\"https:\\\/\\\/uees.edu.ec\\\/wp-content\\\/uploads\\\/2025\\\/07\\\/DSC07710-scaled.jpg\",\"keywords\":[\"Odontolog\u00eda\"],\"articleSection\":[\"Noticias\",\"Salud\"],\"inLanguage\":\"en-US\",\"potentialAction\":[{\"@type\":\"CommentAction\",\"name\":\"Comment\",\"target\":[\"https:\\\/\\\/uees.edu.ec\\\/congreso-odontologico-traera-a-30-expertos-internacionales-a-samborondon\\\/#respond\"]}]},{\"@type\":\"WebPage\",\"@id\":\"https:\\\/\\\/uees.edu.ec\\\/congreso-odontologico-traera-a-30-expertos-internacionales-a-samborondon\\\/\",\"url\":\"https:\\\/\\\/uees.edu.ec\\\/congreso-odontologico-traera-a-30-expertos-internacionales-a-samborondon\\\/\",\"name\":\"III Congreso Odontol\u00f3gico traer\u00e1 a 30 expertos internacionales a Samborond\u00f3n - UEES - Universidad Esp\u00edritu Santo\",\"isPartOf\":{\"@id\":\"https:\\\/\\\/uees.edu.ec\\\/#website\"},\"primaryImageOfPage\":{\"@id\":\"https:\\\/\\\/uees.edu.ec\\\/congreso-odontologico-traera-a-30-expertos-internacionales-a-samborondon\\\/#primaryimage\"},\"image\":{\"@id\":\"https:\\\/\\\/uees.edu.ec\\\/congreso-odontologico-traera-a-30-expertos-internacionales-a-samborondon\\\/#primaryimage\"},\"thumbnailUrl\":\"https:\\\/\\\/uees.edu.ec\\\/wp-content\\\/uploads\\\/2025\\\/07\\\/DSC07710-scaled.jpg\",\"datePublished\":\"2025-07-31T20:26:39+00:00\",\"dateModified\":\"2025-07-31T20:58:26+00:00\",\"breadcrumb\":{\"@id\":\"https:\\\/\\\/uees.edu.ec\\\/congreso-odontologico-traera-a-30-expertos-internacionales-a-samborondon\\\/#breadcrumb\"},\"inLanguage\":\"en-US\",\"potentialAction\":[{\"@type\":\"ReadAction\",\"target\":[\"https:\\\/\\\/uees.edu.ec\\\/congreso-odontologico-traera-a-30-expertos-internacionales-a-samborondon\\\/\"]}]},{\"@type\":\"ImageObject\",\"inLanguage\":\"en-US\",\"@id\":\"https:\\\/\\\/uees.edu.ec\\\/congreso-odontologico-traera-a-30-expertos-internacionales-a-samborondon\\\/#primaryimage\",\"url\":\"https:\\\/\\\/uees.edu.ec\\\/wp-content\\\/uploads\\\/2025\\\/07\\\/DSC07710-scaled.jpg\",\"contentUrl\":\"https:\\\/\\\/uees.edu.ec\\\/wp-content\\\/uploads\\\/2025\\\/07\\\/DSC07710-scaled.jpg\",\"width\":2560,\"height\":1707},{\"@type\":\"BreadcrumbList\",\"@id\":\"https:\\\/\\\/uees.edu.ec\\\/congreso-odontologico-traera-a-30-expertos-internacionales-a-samborondon\\\/#breadcrumb\",\"itemListElement\":[{\"@type\":\"ListItem\",\"position\":1,\"name\":\"Home\",\"item\":\"https:\\\/\\\/uees.edu.ec\\\/\"},{\"@type\":\"ListItem\",\"position\":2,\"name\":\"III Congreso Odontol\u00f3gico traer\u00e1 a 30 expertos internacionales a Samborond\u00f3n\"}]},{\"@type\":\"WebSite\",\"@id\":\"https:\\\/\\\/uees.edu.ec\\\/#website\",\"url\":\"https:\\\/\\\/uees.edu.ec\\\/\",\"name\":\"Universidad Esp\u00edritu Santo - UEES\",\"description\":\"En constante innovaci\u00f3n\",\"publisher\":{\"@id\":\"https:\\\/\\\/uees.edu.ec\\\/#organization\"},\"alternateName\":\"Universidad Esp\u00edritu Santo - UEES\",\"potentialAction\":[{\"@type\":\"SearchAction\",\"target\":{\"@type\":\"EntryPoint\",\"urlTemplate\":\"https:\\\/\\\/uees.edu.ec\\\/?s={search_term_string}\"},\"query-input\":{\"@type\":\"PropertyValueSpecification\",\"valueRequired\":true,\"valueName\":\"search_term_string\"}}],\"inLanguage\":\"en-US\"},{\"@type\":\"Organization\",\"@id\":\"https:\\\/\\\/uees.edu.ec\\\/#organization\",\"name\":\"Universidad Esp\u00edritu Santo - UEES\",\"alternateName\":\"La mejor universidad en Ecuador\",\"url\":\"https:\\\/\\\/uees.edu.ec\\\/\",\"logo\":{\"@type\":\"ImageObject\",\"inLanguage\":\"en-US\",\"@id\":\"https:\\\/\\\/uees.edu.ec\\\/#\\\/schema\\\/logo\\\/image\\\/\",\"url\":\"https:\\\/\\\/uees.edu.ec\\\/wp-content\\\/uploads\\\/2021\\\/03\\\/Logo-UEES.png\",\"contentUrl\":\"https:\\\/\\\/uees.edu.ec\\\/wp-content\\\/uploads\\\/2021\\\/03\\\/Logo-UEES.png\",\"width\":221,\"height\":86,\"caption\":\"Universidad Esp\u00edritu Santo - UEES\"},\"image\":{\"@id\":\"https:\\\/\\\/uees.edu.ec\\\/#\\\/schema\\\/logo\\\/image\\\/\"},\"sameAs\":[\"https:\\\/\\\/www.facebook.com\\\/universidadespiritusanto\",\"https:\\\/\\\/x.com\\\/uees_ec\",\"https:\\\/\\\/www.instagram.com\\\/uees_ec\\\/\",\"https:\\\/\\\/www.linkedin.com\\\/school\\\/esp-ritu-santo\",\"https:\\\/\\\/www.youtube.com\\\/user\\\/UEES2009\",\"https:\\\/\\\/es.wikipedia.org\\\/wiki\\\/Universidad_de_Especialidades_Esp\u00edritu_Santo\"]},{\"@type\":\"Person\",\"@id\":\"https:\\\/\\\/uees.edu.ec\\\/#\\\/schema\\\/person\\\/d63ccd280ffea0cfa500ff8e223df681\",\"name\":\"Elisa NIeto\",\"image\":{\"@type\":\"ImageObject\",\"inLanguage\":\"en-US\",\"@id\":\"https:\\\/\\\/secure.gravatar.com\\\/avatar\\\/605564af463a7fd0c423bca29297cbceebac05a022669b655b2f2dcd2c6bf03e?s=96&d=mm&r=g\",\"url\":\"https:\\\/\\\/secure.gravatar.com\\\/avatar\\\/605564af463a7fd0c423bca29297cbceebac05a022669b655b2f2dcd2c6bf03e?s=96&d=mm&r=g\",\"contentUrl\":\"https:\\\/\\\/secure.gravatar.com\\\/avatar\\\/605564af463a7fd0c423bca29297cbceebac05a022669b655b2f2dcd2c6bf03e?s=96&d=mm&r=g\",\"caption\":\"Elisa NIeto\"},\"url\":\"https:\\\/\\\/uees.edu.ec\\\/en\\\/author\\\/elisa-nieto\\\/\"}]}<\/script>\n<!-- \/ Yoast SEO Premium plugin. -->","yoast_head_json":{"title":"III Congreso Odontol\u00f3gico traer\u00e1 a 30 expertos internacionales a Samborond\u00f3n - UEES - Universidad Esp\u00edritu Santo","robots":{"index":"index","follow":"follow","max-snippet":"max-snippet:-1","max-image-preview":"max-image-preview:large","max-video-preview":"max-video-preview:-1"},"canonical":"https:\/\/uees.edu.ec\/en\/congreso-odontologico-traera-a-30-expertos-internacionales-a-samborondon\/","og_locale":"en_US","og_type":"article","og_title":"III Congreso Odontol\u00f3gico traer\u00e1 a 30 expertos internacionales a Samborond\u00f3n","og_description":"La UEES reunir\u00e1 a figuras clave de la odontolog\u00eda a nivel global. La Universidad Esp\u00edritu Santo (UEES) recibir\u00e1 a especialistas de la odontolog\u00eda de renombre mundial en el 3er Congreso Internacional de Especialidades Odontol\u00f3gicas, que se realizar\u00e1 los d\u00edas 3, 4 y 5 de septiembre de 2025. El encuentro, avalado por el Ministerio de Salud [&hellip;]","og_url":"https:\/\/uees.edu.ec\/en\/congreso-odontologico-traera-a-30-expertos-internacionales-a-samborondon\/","og_site_name":"UEES - Universidad Esp\u00edritu Santo","article_publisher":"https:\/\/www.facebook.com\/universidadespiritusanto","article_published_time":"2025-07-31T20:26:39+00:00","article_modified_time":"2025-07-31T20:58:26+00:00","og_image":[{"width":2560,"height":1707,"url":"https:\/\/uees.edu.ec\/wp-content\/uploads\/2025\/07\/DSC07710-scaled.jpg","type":"image\/jpeg"}],"author":"Elisa NIeto","twitter_card":"summary_large_image","twitter_creator":"@uees_ec","twitter_site":"@uees_ec","twitter_misc":{"Written by":"Elisa NIeto","Est. reading time":"3 minutes"},"schema":{"@context":"https:\/\/schema.org","@graph":[{"@type":["Article","BlogPosting"],"@id":"https:\/\/uees.edu.ec\/congreso-odontologico-traera-a-30-expertos-internacionales-a-samborondon\/#article","isPartOf":{"@id":"https:\/\/uees.edu.ec\/congreso-odontologico-traera-a-30-expertos-internacionales-a-samborondon\/"},"author":{"name":"Elisa NIeto","@id":"https:\/\/uees.edu.ec\/#\/schema\/person\/d63ccd280ffea0cfa500ff8e223df681"},"headline":"III Congreso Odontol\u00f3gico traer\u00e1 a 30 expertos internacionales a Samborond\u00f3n","datePublished":"2025-07-31T20:26:39+00:00","dateModified":"2025-07-31T20:58:26+00:00","mainEntityOfPage":{"@id":"https:\/\/uees.edu.ec\/congreso-odontologico-traera-a-30-expertos-internacionales-a-samborondon\/"},"wordCount":372,"commentCount":0,"publisher":{"@id":"https:\/\/uees.edu.ec\/#organization"},"image":{"@id":"https:\/\/uees.edu.ec\/congreso-odontologico-traera-a-30-expertos-internacionales-a-samborondon\/#primaryimage"},"thumbnailUrl":"https:\/\/uees.edu.ec\/wp-content\/uploads\/2025\/07\/DSC07710-scaled.jpg","keywords":["Odontolog\u00eda"],"articleSection":["Noticias","Salud"],"inLanguage":"en-US","potentialAction":[{"@type":"CommentAction","name":"Comment","target":["https:\/\/uees.edu.ec\/congreso-odontologico-traera-a-30-expertos-internacionales-a-samborondon\/#respond"]}]},{"@type":"WebPage","@id":"https:\/\/uees.edu.ec\/congreso-odontologico-traera-a-30-expertos-internacionales-a-samborondon\/","url":"https:\/\/uees.edu.ec\/congreso-odontologico-traera-a-30-expertos-internacionales-a-samborondon\/","name":"III Congreso Odontol\u00f3gico traer\u00e1 a 30 expertos internacionales a Samborond\u00f3n - UEES - Universidad Esp\u00edritu Santo","isPartOf":{"@id":"https:\/\/uees.edu.ec\/#website"},"primaryImageOfPage":{"@id":"https:\/\/uees.edu.ec\/congreso-odontologico-traera-a-30-expertos-internacionales-a-samborondon\/#primaryimage"},"image":{"@id":"https:\/\/uees.edu.ec\/congreso-odontologico-traera-a-30-expertos-internacionales-a-samborondon\/#primaryimage"},"thumbnailUrl":"https:\/\/uees.edu.ec\/wp-content\/uploads\/2025\/07\/DSC07710-scaled.jpg","datePublished":"2025-07-31T20:26:39+00:00","dateModified":"2025-07-31T20:58:26+00:00","breadcrumb":{"@id":"https:\/\/uees.edu.ec\/congreso-odontologico-traera-a-30-expertos-internacionales-a-samborondon\/#breadcrumb"},"inLanguage":"en-US","potentialAction":[{"@type":"ReadAction","target":["https:\/\/uees.edu.ec\/congreso-odontologico-traera-a-30-expertos-internacionales-a-samborondon\/"]}]},{"@type":"ImageObject","inLanguage":"en-US","@id":"https:\/\/uees.edu.ec\/congreso-odontologico-traera-a-30-expertos-internacionales-a-samborondon\/#primaryimage","url":"https:\/\/uees.edu.ec\/wp-content\/uploads\/2025\/07\/DSC07710-scaled.jpg","contentUrl":"https:\/\/uees.edu.ec\/wp-content\/uploads\/2025\/07\/DSC07710-scaled.jpg","width":2560,"height":1707},{"@type":"BreadcrumbList","@id":"https:\/\/uees.edu.ec\/congreso-odontologico-traera-a-30-expertos-internacionales-a-samborondon\/#breadcrumb","itemListElement":[{"@type":"ListItem","position":1,"name":"Home","item":"https:\/\/uees.edu.ec\/"},{"@type":"ListItem","position":2,"name":"III Congreso Odontol\u00f3gico traer\u00e1 a 30 expertos internacionales a Samborond\u00f3n"}]},{"@type":"WebSite","@id":"https:\/\/uees.edu.ec\/#website","url":"https:\/\/uees.edu.ec\/","name":"Espiritu Santo University - UEES","description":"In constant innovation","publisher":{"@id":"https:\/\/uees.edu.ec\/#organization"},"alternateName":"Universidad Esp\u00edritu Santo - UEES","potentialAction":[{"@type":"SearchAction","target":{"@type":"EntryPoint","urlTemplate":"https:\/\/uees.edu.ec\/?s={search_term_string}"},"query-input":{"@type":"PropertyValueSpecification","valueRequired":true,"valueName":"search_term_string"}}],"inLanguage":"en-US"},{"@type":"Organization","@id":"https:\/\/uees.edu.ec\/#organization","name":"Espiritu Santo University - UEES","alternateName":"La mejor universidad en Ecuador","url":"https:\/\/uees.edu.ec\/","logo":{"@type":"ImageObject","inLanguage":"en-US","@id":"https:\/\/uees.edu.ec\/#\/schema\/logo\/image\/","url":"https:\/\/uees.edu.ec\/wp-content\/uploads\/2021\/03\/Logo-UEES.png","contentUrl":"https:\/\/uees.edu.ec\/wp-content\/uploads\/2021\/03\/Logo-UEES.png","width":221,"height":86,"caption":"Universidad Esp\u00edritu Santo - UEES"},"image":{"@id":"https:\/\/uees.edu.ec\/#\/schema\/logo\/image\/"},"sameAs":["https:\/\/www.facebook.com\/universidadespiritusanto","https:\/\/x.com\/uees_ec","https:\/\/www.instagram.com\/uees_ec\/","https:\/\/www.linkedin.com\/school\/esp-ritu-santo","https:\/\/www.youtube.com\/user\/UEES2009","https:\/\/es.wikipedia.org\/wiki\/Universidad_de_Especialidades_Esp\u00edritu_Santo"]},{"@type":"Person","@id":"https:\/\/uees.edu.ec\/#\/schema\/person\/d63ccd280ffea0cfa500ff8e223df681","name":"Elisa NIeto","image":{"@type":"ImageObject","inLanguage":"en-US","@id":"https:\/\/secure.gravatar.com\/avatar\/605564af463a7fd0c423bca29297cbceebac05a022669b655b2f2dcd2c6bf03e?s=96&d=mm&r=g","url":"https:\/\/secure.gravatar.com\/avatar\/605564af463a7fd0c423bca29297cbceebac05a022669b655b2f2dcd2c6bf03e?s=96&d=mm&r=g","contentUrl":"https:\/\/secure.gravatar.com\/avatar\/605564af463a7fd0c423bca29297cbceebac05a022669b655b2f2dcd2c6bf03e?s=96&d=mm&r=g","caption":"Elisa NIeto"},"url":"https:\/\/uees.edu.ec\/en\/author\/elisa-nieto\/"}]}},"_links":{"self":[{"href":"https:\/\/uees.edu.ec\/en\/wp-json\/wp\/v2\/posts\/30147","targetHints":{"allow":["GET"]}}],"collection":[{"href":"https:\/\/uees.edu.ec\/en\/wp-json\/wp\/v2\/posts"}],"about":[{"href":"https:\/\/uees.edu.ec\/en\/wp-json\/wp\/v2\/types\/post"}],"author":[{"embeddable":true,"href":"https:\/\/uees.edu.ec\/en\/wp-json\/wp\/v2\/users\/10000093"}],"replies":[{"embeddable":true,"href":"https:\/\/uees.edu.ec\/en\/wp-json\/wp\/v2\/comments?post=30147"}],"version-history":[{"count":5,"href":"https:\/\/uees.edu.ec\/en\/wp-json\/wp\/v2\/posts\/30147\/revisions"}],"predecessor-version":[{"id":30159,"href":"https:\/\/uees.edu.ec\/en\/wp-json\/wp\/v2\/posts\/30147\/revisions\/30159"}],"wp:featuredmedia":[{"embeddable":true,"href":"https:\/\/uees.edu.ec\/en\/wp-json\/wp\/v2\/media\/30149"}],"wp:attachment":[{"href":"https:\/\/uees.edu.ec\/en\/wp-json\/wp\/v2\/media?parent=30147"}],"wp:term":[{"taxonomy":"category","embeddable":true,"href":"https:\/\/uees.edu.ec\/en\/wp-json\/wp\/v2\/categories?post=30147"},{"taxonomy":"post_tag","embeddable":true,"href":"https:\/\/uees.edu.ec\/en\/wp-json\/wp\/v2\/tags?post=30147"}],"curies":[{"name":"wp","href":"https:\/\/api.w.org\/{rel}","templated":true}]}}