{"id":30112,"date":"2025-07-28T16:51:22","date_gmt":"2025-07-28T21:51:22","guid":{"rendered":"https:\/\/uees.edu.ec\/?p=30112"},"modified":"2025-07-28T16:51:22","modified_gmt":"2025-07-28T21:51:22","slug":"museo-de-presidentes-del-ecuador-incorporo-dos-nuevos-exmandatarios","status":"publish","type":"post","link":"https:\/\/uees.edu.ec\/en\/museo-de-presidentes-del-ecuador-incorporo-dos-nuevos-exmandatarios\/","title":{"rendered":"Museum of Presidents of Ecuador added two new former presidents"},"content":{"rendered":"<p>&nbsp;<\/p>\n<p>&nbsp;<\/p>\n<p><img loading=\"lazy\" decoding=\"async\" class=\"alignnone size-large wp-image-30113\" src=\"https:\/\/uees.edu.ec\/wp-content\/uploads\/2025\/07\/DSC09828-1024x683.jpg\" alt=\"\" width=\"1024\" height=\"683\" srcset=\"https:\/\/uees.edu.ec\/wp-content\/uploads\/2025\/07\/DSC09828-1024x683.jpg 1024w, https:\/\/uees.edu.ec\/wp-content\/uploads\/2025\/07\/DSC09828-300x200.jpg 300w, https:\/\/uees.edu.ec\/wp-content\/uploads\/2025\/07\/DSC09828-768x512.jpg 768w, https:\/\/uees.edu.ec\/wp-content\/uploads\/2025\/07\/DSC09828-1536x1024.jpg 1536w, https:\/\/uees.edu.ec\/wp-content\/uploads\/2025\/07\/DSC09828-2048x1365.jpg 2048w, https:\/\/uees.edu.ec\/wp-content\/uploads\/2025\/07\/DSC09828-1500x1000.jpg 1500w\" sizes=\"auto, (max-width: 1024px) 100vw, 1024px\" \/><\/p>\n<p>The <strong>Museo de Presidentes de la Universidad Esp\u00edritu Santo<\/strong> (UEES), ubicado en Samborond\u00f3n, es un espacio dedicado a conservar y exhibir objetos personales, condecoraciones y documentos hist\u00f3ricos de quienes han ejercido la Presidencia de la Rep\u00fablica del Ecuador. El lugar fue inaugurado en junio de 2012 y recientemente sum\u00f3 a los expresidentes Rafael Correa y Len\u00edn Moreno.<\/p>\n<p><img loading=\"lazy\" decoding=\"async\" class=\"alignnone size-large wp-image-30116\" src=\"https:\/\/uees.edu.ec\/wp-content\/uploads\/2025\/07\/DSC09815-1024x683.jpg\" alt=\"\" width=\"1024\" height=\"683\" srcset=\"https:\/\/uees.edu.ec\/wp-content\/uploads\/2025\/07\/DSC09815-1024x683.jpg 1024w, https:\/\/uees.edu.ec\/wp-content\/uploads\/2025\/07\/DSC09815-300x200.jpg 300w, https:\/\/uees.edu.ec\/wp-content\/uploads\/2025\/07\/DSC09815-768x512.jpg 768w, https:\/\/uees.edu.ec\/wp-content\/uploads\/2025\/07\/DSC09815-1536x1024.jpg 1536w, https:\/\/uees.edu.ec\/wp-content\/uploads\/2025\/07\/DSC09815-2048x1365.jpg 2048w, https:\/\/uees.edu.ec\/wp-content\/uploads\/2025\/07\/DSC09815-1500x1000.jpg 1500w\" sizes=\"auto, (max-width: 1024px) 100vw, 1024px\" \/><\/p>\n<p>El museo alberga las bandas presidenciales de <strong>Carlos Julio Arosemena Tola, Otto Arosemena G\u00f3mez, Carlos Julio Arosemena Monroy, Jaime Rold\u00f3s Aguilera, Le\u00f3n Febres \u2013 Cordero, Abdal\u00e1 Bucaram, Gustavo Noboa Bejarano, Alfredo Palacio Gonz\u00e1lez y los exmandatarios recientemente agregados<\/strong>. La colecci\u00f3n tambi\u00e9n incluye bastones de mando, pasaportes diplom\u00e1ticos, cartas manuscritas, condecoraciones, medallones y otros objetos relevantes pertenecientes a figuras como el Bar\u00f3n de Carondelet, Juan Jos\u00e9 Flores, Vicente Rocafuerte, Isidro Ayora, Jos\u00e9 Mar\u00eda Velasco Ibarra, entre otros.<\/p>\n<p><img loading=\"lazy\" decoding=\"async\" class=\"alignnone size-large wp-image-30115\" src=\"https:\/\/uees.edu.ec\/wp-content\/uploads\/2025\/07\/DSC09498-1024x683.jpg\" alt=\"\" width=\"1024\" height=\"683\" srcset=\"https:\/\/uees.edu.ec\/wp-content\/uploads\/2025\/07\/DSC09498-1024x683.jpg 1024w, https:\/\/uees.edu.ec\/wp-content\/uploads\/2025\/07\/DSC09498-300x200.jpg 300w, https:\/\/uees.edu.ec\/wp-content\/uploads\/2025\/07\/DSC09498-768x512.jpg 768w, https:\/\/uees.edu.ec\/wp-content\/uploads\/2025\/07\/DSC09498-1536x1024.jpg 1536w, https:\/\/uees.edu.ec\/wp-content\/uploads\/2025\/07\/DSC09498-2048x1365.jpg 2048w, https:\/\/uees.edu.ec\/wp-content\/uploads\/2025\/07\/DSC09498-1500x1000.jpg 1500w\" sizes=\"auto, (max-width: 1024px) 100vw, 1024px\" \/><\/p>\n<p>Adem\u00e1s de su valor patrimonial, el museo cumple una funci\u00f3n educativa esencial. Ofrece a estudiantes, investigadores y visitantes una experiencia enriquecedora para conocer de cerca el legado pol\u00edtico del pa\u00eds y reflexionar sobre el papel de la Presidencia en la construcci\u00f3n de la historia nacional. Con esta iniciativa, la UEES reafirma su compromiso con la preservaci\u00f3n de la memoria democr\u00e1tica del Ecuador.<\/p>","protected":false},"excerpt":{"rendered":"<p>&nbsp; &nbsp; El Museo de Presidentes de la Universidad Esp\u00edritu Santo (UEES), ubicado en Samborond\u00f3n, es un espacio dedicado a conservar y exhibir objetos personales, condecoraciones y documentos hist\u00f3ricos de quienes han ejercido la Presidencia de la Rep\u00fablica del Ecuador. El lugar fue inaugurado en junio de 2012 y recientemente sum\u00f3 a los expresidentes Rafael [&hellip;]<\/p>\n","protected":false},"author":10000093,"featured_media":30114,"comment_status":"open","ping_status":"open","sticky":false,"template":"","format":"standard","meta":{"_acf_changed":false,"footnotes":""},"categories":[75],"tags":[421,824],"class_list":["post-30112","post","type-post","status-publish","format-standard","has-post-thumbnail","hentry","category-noticias","tag-democracia","tag-museo-de-presidentes"],"acf":[],"yoast_head":"<!-- This site is optimized with the Yoast SEO Premium plugin v27.4 (Yoast SEO v27.4) - https:\/\/yoast.com\/product\/yoast-seo-premium-wordpress\/ -->\n<title>Museo de Presidentes del Ecuador incorpor\u00f3 dos nuevos exmandatarios - UEES - Universidad Esp\u00edritu Santo<\/title>\n<meta name=\"robots\" content=\"index, follow, max-snippet:-1, max-image-preview:large, max-video-preview:-1\" \/>\n<link rel=\"canonical\" href=\"https:\/\/uees.edu.ec\/en\/museo-de-presidentes-del-ecuador-incorporo-dos-nuevos-exmandatarios\/\" \/>\n<meta property=\"og:locale\" content=\"en_US\" \/>\n<meta property=\"og:type\" content=\"article\" \/>\n<meta property=\"og:title\" content=\"Museo de Presidentes del Ecuador incorpor\u00f3 dos nuevos exmandatarios\" \/>\n<meta property=\"og:description\" content=\"&nbsp; &nbsp; El Museo de Presidentes de la Universidad Esp\u00edritu Santo (UEES), ubicado en Samborond\u00f3n, es un espacio dedicado a conservar y exhibir objetos personales, condecoraciones y documentos hist\u00f3ricos de quienes han ejercido la Presidencia de la Rep\u00fablica del Ecuador. El lugar fue inaugurado en junio de 2012 y recientemente sum\u00f3 a los expresidentes Rafael [&hellip;]\" \/>\n<meta property=\"og:url\" content=\"https:\/\/uees.edu.ec\/en\/museo-de-presidentes-del-ecuador-incorporo-dos-nuevos-exmandatarios\/\" \/>\n<meta property=\"og:site_name\" content=\"UEES - Universidad Esp\u00edritu Santo\" \/>\n<meta property=\"article:publisher\" content=\"https:\/\/www.facebook.com\/universidadespiritusanto\" \/>\n<meta property=\"article:published_time\" content=\"2025-07-28T21:51:22+00:00\" \/>\n<meta property=\"og:image\" content=\"https:\/\/uees.edu.ec\/wp-content\/uploads\/2025\/07\/Screen-Shot-2025-07-28-at-16.43.00-1024x726.png\" \/>\n\t<meta property=\"og:image:width\" content=\"1024\" \/>\n\t<meta property=\"og:image:height\" content=\"726\" \/>\n\t<meta property=\"og:image:type\" content=\"image\/png\" \/>\n<meta name=\"author\" content=\"Elisa NIeto\" \/>\n<meta name=\"twitter:card\" content=\"summary_large_image\" \/>\n<meta name=\"twitter:creator\" content=\"@uees_ec\" \/>\n<meta name=\"twitter:site\" content=\"@uees_ec\" \/>\n<meta name=\"twitter:label1\" content=\"Written by\" \/>\n\t<meta name=\"twitter:data1\" content=\"Elisa NIeto\" \/>\n\t<meta name=\"twitter:label2\" content=\"Est. reading time\" \/>\n\t<meta name=\"twitter:data2\" content=\"2 minutes\" \/>\n<script type=\"application\/ld+json\" class=\"yoast-schema-graph\">{\"@context\":\"https:\\\/\\\/schema.org\",\"@graph\":[{\"@type\":[\"Article\",\"BlogPosting\"],\"@id\":\"https:\\\/\\\/uees.edu.ec\\\/museo-de-presidentes-del-ecuador-incorporo-dos-nuevos-exmandatarios\\\/#article\",\"isPartOf\":{\"@id\":\"https:\\\/\\\/uees.edu.ec\\\/museo-de-presidentes-del-ecuador-incorporo-dos-nuevos-exmandatarios\\\/\"},\"author\":{\"name\":\"Elisa NIeto\",\"@id\":\"https:\\\/\\\/uees.edu.ec\\\/#\\\/schema\\\/person\\\/d63ccd280ffea0cfa500ff8e223df681\"},\"headline\":\"Museo de Presidentes del Ecuador incorpor\u00f3 dos nuevos exmandatarios\",\"datePublished\":\"2025-07-28T21:51:22+00:00\",\"mainEntityOfPage\":{\"@id\":\"https:\\\/\\\/uees.edu.ec\\\/museo-de-presidentes-del-ecuador-incorporo-dos-nuevos-exmandatarios\\\/\"},\"wordCount\":225,\"commentCount\":0,\"publisher\":{\"@id\":\"https:\\\/\\\/uees.edu.ec\\\/#organization\"},\"image\":{\"@id\":\"https:\\\/\\\/uees.edu.ec\\\/museo-de-presidentes-del-ecuador-incorporo-dos-nuevos-exmandatarios\\\/#primaryimage\"},\"thumbnailUrl\":\"https:\\\/\\\/uees.edu.ec\\\/wp-content\\\/uploads\\\/2025\\\/07\\\/Screen-Shot-2025-07-28-at-16.43.00.png\",\"keywords\":[\"democracia\",\"Museo de Presidentes\"],\"articleSection\":[\"Noticias\"],\"inLanguage\":\"en-US\",\"potentialAction\":[{\"@type\":\"CommentAction\",\"name\":\"Comment\",\"target\":[\"https:\\\/\\\/uees.edu.ec\\\/museo-de-presidentes-del-ecuador-incorporo-dos-nuevos-exmandatarios\\\/#respond\"]}]},{\"@type\":\"WebPage\",\"@id\":\"https:\\\/\\\/uees.edu.ec\\\/museo-de-presidentes-del-ecuador-incorporo-dos-nuevos-exmandatarios\\\/\",\"url\":\"https:\\\/\\\/uees.edu.ec\\\/museo-de-presidentes-del-ecuador-incorporo-dos-nuevos-exmandatarios\\\/\",\"name\":\"Museo de Presidentes del Ecuador incorpor\u00f3 dos nuevos exmandatarios - UEES - Universidad Esp\u00edritu Santo\",\"isPartOf\":{\"@id\":\"https:\\\/\\\/uees.edu.ec\\\/#website\"},\"primaryImageOfPage\":{\"@id\":\"https:\\\/\\\/uees.edu.ec\\\/museo-de-presidentes-del-ecuador-incorporo-dos-nuevos-exmandatarios\\\/#primaryimage\"},\"image\":{\"@id\":\"https:\\\/\\\/uees.edu.ec\\\/museo-de-presidentes-del-ecuador-incorporo-dos-nuevos-exmandatarios\\\/#primaryimage\"},\"thumbnailUrl\":\"https:\\\/\\\/uees.edu.ec\\\/wp-content\\\/uploads\\\/2025\\\/07\\\/Screen-Shot-2025-07-28-at-16.43.00.png\",\"datePublished\":\"2025-07-28T21:51:22+00:00\",\"breadcrumb\":{\"@id\":\"https:\\\/\\\/uees.edu.ec\\\/museo-de-presidentes-del-ecuador-incorporo-dos-nuevos-exmandatarios\\\/#breadcrumb\"},\"inLanguage\":\"en-US\",\"potentialAction\":[{\"@type\":\"ReadAction\",\"target\":[\"https:\\\/\\\/uees.edu.ec\\\/museo-de-presidentes-del-ecuador-incorporo-dos-nuevos-exmandatarios\\\/\"]}]},{\"@type\":\"ImageObject\",\"inLanguage\":\"en-US\",\"@id\":\"https:\\\/\\\/uees.edu.ec\\\/museo-de-presidentes-del-ecuador-incorporo-dos-nuevos-exmandatarios\\\/#primaryimage\",\"url\":\"https:\\\/\\\/uees.edu.ec\\\/wp-content\\\/uploads\\\/2025\\\/07\\\/Screen-Shot-2025-07-28-at-16.43.00.png\",\"contentUrl\":\"https:\\\/\\\/uees.edu.ec\\\/wp-content\\\/uploads\\\/2025\\\/07\\\/Screen-Shot-2025-07-28-at-16.43.00.png\",\"width\":1718,\"height\":1218},{\"@type\":\"BreadcrumbList\",\"@id\":\"https:\\\/\\\/uees.edu.ec\\\/museo-de-presidentes-del-ecuador-incorporo-dos-nuevos-exmandatarios\\\/#breadcrumb\",\"itemListElement\":[{\"@type\":\"ListItem\",\"position\":1,\"name\":\"Home\",\"item\":\"https:\\\/\\\/uees.edu.ec\\\/\"},{\"@type\":\"ListItem\",\"position\":2,\"name\":\"Museo de Presidentes del Ecuador incorpor\u00f3 dos nuevos exmandatarios\"}]},{\"@type\":\"WebSite\",\"@id\":\"https:\\\/\\\/uees.edu.ec\\\/#website\",\"url\":\"https:\\\/\\\/uees.edu.ec\\\/\",\"name\":\"Universidad Esp\u00edritu Santo - UEES\",\"description\":\"En constante innovaci\u00f3n\",\"publisher\":{\"@id\":\"https:\\\/\\\/uees.edu.ec\\\/#organization\"},\"alternateName\":\"Universidad Esp\u00edritu Santo - UEES\",\"potentialAction\":[{\"@type\":\"SearchAction\",\"target\":{\"@type\":\"EntryPoint\",\"urlTemplate\":\"https:\\\/\\\/uees.edu.ec\\\/?s={search_term_string}\"},\"query-input\":{\"@type\":\"PropertyValueSpecification\",\"valueRequired\":true,\"valueName\":\"search_term_string\"}}],\"inLanguage\":\"en-US\"},{\"@type\":\"Organization\",\"@id\":\"https:\\\/\\\/uees.edu.ec\\\/#organization\",\"name\":\"Universidad Esp\u00edritu Santo - UEES\",\"alternateName\":\"La mejor universidad en Ecuador\",\"url\":\"https:\\\/\\\/uees.edu.ec\\\/\",\"logo\":{\"@type\":\"ImageObject\",\"inLanguage\":\"en-US\",\"@id\":\"https:\\\/\\\/uees.edu.ec\\\/#\\\/schema\\\/logo\\\/image\\\/\",\"url\":\"https:\\\/\\\/uees.edu.ec\\\/wp-content\\\/uploads\\\/2021\\\/03\\\/Logo-UEES.png\",\"contentUrl\":\"https:\\\/\\\/uees.edu.ec\\\/wp-content\\\/uploads\\\/2021\\\/03\\\/Logo-UEES.png\",\"width\":221,\"height\":86,\"caption\":\"Universidad Esp\u00edritu Santo - UEES\"},\"image\":{\"@id\":\"https:\\\/\\\/uees.edu.ec\\\/#\\\/schema\\\/logo\\\/image\\\/\"},\"sameAs\":[\"https:\\\/\\\/www.facebook.com\\\/universidadespiritusanto\",\"https:\\\/\\\/x.com\\\/uees_ec\",\"https:\\\/\\\/www.instagram.com\\\/uees_ec\\\/\",\"https:\\\/\\\/www.linkedin.com\\\/school\\\/esp-ritu-santo\",\"https:\\\/\\\/www.youtube.com\\\/user\\\/UEES2009\",\"https:\\\/\\\/es.wikipedia.org\\\/wiki\\\/Universidad_de_Especialidades_Esp\u00edritu_Santo\"]},{\"@type\":\"Person\",\"@id\":\"https:\\\/\\\/uees.edu.ec\\\/#\\\/schema\\\/person\\\/d63ccd280ffea0cfa500ff8e223df681\",\"name\":\"Elisa NIeto\",\"image\":{\"@type\":\"ImageObject\",\"inLanguage\":\"en-US\",\"@id\":\"https:\\\/\\\/secure.gravatar.com\\\/avatar\\\/605564af463a7fd0c423bca29297cbceebac05a022669b655b2f2dcd2c6bf03e?s=96&d=mm&r=g\",\"url\":\"https:\\\/\\\/secure.gravatar.com\\\/avatar\\\/605564af463a7fd0c423bca29297cbceebac05a022669b655b2f2dcd2c6bf03e?s=96&d=mm&r=g\",\"contentUrl\":\"https:\\\/\\\/secure.gravatar.com\\\/avatar\\\/605564af463a7fd0c423bca29297cbceebac05a022669b655b2f2dcd2c6bf03e?s=96&d=mm&r=g\",\"caption\":\"Elisa NIeto\"},\"url\":\"https:\\\/\\\/uees.edu.ec\\\/en\\\/author\\\/elisa-nieto\\\/\"}]}<\/script>\n<!-- \/ Yoast SEO Premium plugin. -->","yoast_head_json":{"title":"Museo de Presidentes del Ecuador incorpor\u00f3 dos nuevos exmandatarios - UEES - Universidad Esp\u00edritu Santo","robots":{"index":"index","follow":"follow","max-snippet":"max-snippet:-1","max-image-preview":"max-image-preview:large","max-video-preview":"max-video-preview:-1"},"canonical":"https:\/\/uees.edu.ec\/en\/museo-de-presidentes-del-ecuador-incorporo-dos-nuevos-exmandatarios\/","og_locale":"en_US","og_type":"article","og_title":"Museo de Presidentes del Ecuador incorpor\u00f3 dos nuevos exmandatarios","og_description":"&nbsp; &nbsp; El Museo de Presidentes de la Universidad Esp\u00edritu Santo (UEES), ubicado en Samborond\u00f3n, es un espacio dedicado a conservar y exhibir objetos personales, condecoraciones y documentos hist\u00f3ricos de quienes han ejercido la Presidencia de la Rep\u00fablica del Ecuador. El lugar fue inaugurado en junio de 2012 y recientemente sum\u00f3 a los expresidentes Rafael [&hellip;]","og_url":"https:\/\/uees.edu.ec\/en\/museo-de-presidentes-del-ecuador-incorporo-dos-nuevos-exmandatarios\/","og_site_name":"UEES - Universidad Esp\u00edritu Santo","article_publisher":"https:\/\/www.facebook.com\/universidadespiritusanto","article_published_time":"2025-07-28T21:51:22+00:00","og_image":[{"width":1024,"height":726,"url":"https:\/\/uees.edu.ec\/wp-content\/uploads\/2025\/07\/Screen-Shot-2025-07-28-at-16.43.00-1024x726.png","type":"image\/png"}],"author":"Elisa NIeto","twitter_card":"summary_large_image","twitter_creator":"@uees_ec","twitter_site":"@uees_ec","twitter_misc":{"Written by":"Elisa NIeto","Est. reading time":"2 minutes"},"schema":{"@context":"https:\/\/schema.org","@graph":[{"@type":["Article","BlogPosting"],"@id":"https:\/\/uees.edu.ec\/museo-de-presidentes-del-ecuador-incorporo-dos-nuevos-exmandatarios\/#article","isPartOf":{"@id":"https:\/\/uees.edu.ec\/museo-de-presidentes-del-ecuador-incorporo-dos-nuevos-exmandatarios\/"},"author":{"name":"Elisa NIeto","@id":"https:\/\/uees.edu.ec\/#\/schema\/person\/d63ccd280ffea0cfa500ff8e223df681"},"headline":"Museo de Presidentes del Ecuador incorpor\u00f3 dos nuevos exmandatarios","datePublished":"2025-07-28T21:51:22+00:00","mainEntityOfPage":{"@id":"https:\/\/uees.edu.ec\/museo-de-presidentes-del-ecuador-incorporo-dos-nuevos-exmandatarios\/"},"wordCount":225,"commentCount":0,"publisher":{"@id":"https:\/\/uees.edu.ec\/#organization"},"image":{"@id":"https:\/\/uees.edu.ec\/museo-de-presidentes-del-ecuador-incorporo-dos-nuevos-exmandatarios\/#primaryimage"},"thumbnailUrl":"https:\/\/uees.edu.ec\/wp-content\/uploads\/2025\/07\/Screen-Shot-2025-07-28-at-16.43.00.png","keywords":["democracia","Museo de Presidentes"],"articleSection":["Noticias"],"inLanguage":"en-US","potentialAction":[{"@type":"CommentAction","name":"Comment","target":["https:\/\/uees.edu.ec\/museo-de-presidentes-del-ecuador-incorporo-dos-nuevos-exmandatarios\/#respond"]}]},{"@type":"WebPage","@id":"https:\/\/uees.edu.ec\/museo-de-presidentes-del-ecuador-incorporo-dos-nuevos-exmandatarios\/","url":"https:\/\/uees.edu.ec\/museo-de-presidentes-del-ecuador-incorporo-dos-nuevos-exmandatarios\/","name":"Museo de Presidentes del Ecuador incorpor\u00f3 dos nuevos exmandatarios - UEES - Universidad Esp\u00edritu Santo","isPartOf":{"@id":"https:\/\/uees.edu.ec\/#website"},"primaryImageOfPage":{"@id":"https:\/\/uees.edu.ec\/museo-de-presidentes-del-ecuador-incorporo-dos-nuevos-exmandatarios\/#primaryimage"},"image":{"@id":"https:\/\/uees.edu.ec\/museo-de-presidentes-del-ecuador-incorporo-dos-nuevos-exmandatarios\/#primaryimage"},"thumbnailUrl":"https:\/\/uees.edu.ec\/wp-content\/uploads\/2025\/07\/Screen-Shot-2025-07-28-at-16.43.00.png","datePublished":"2025-07-28T21:51:22+00:00","breadcrumb":{"@id":"https:\/\/uees.edu.ec\/museo-de-presidentes-del-ecuador-incorporo-dos-nuevos-exmandatarios\/#breadcrumb"},"inLanguage":"en-US","potentialAction":[{"@type":"ReadAction","target":["https:\/\/uees.edu.ec\/museo-de-presidentes-del-ecuador-incorporo-dos-nuevos-exmandatarios\/"]}]},{"@type":"ImageObject","inLanguage":"en-US","@id":"https:\/\/uees.edu.ec\/museo-de-presidentes-del-ecuador-incorporo-dos-nuevos-exmandatarios\/#primaryimage","url":"https:\/\/uees.edu.ec\/wp-content\/uploads\/2025\/07\/Screen-Shot-2025-07-28-at-16.43.00.png","contentUrl":"https:\/\/uees.edu.ec\/wp-content\/uploads\/2025\/07\/Screen-Shot-2025-07-28-at-16.43.00.png","width":1718,"height":1218},{"@type":"BreadcrumbList","@id":"https:\/\/uees.edu.ec\/museo-de-presidentes-del-ecuador-incorporo-dos-nuevos-exmandatarios\/#breadcrumb","itemListElement":[{"@type":"ListItem","position":1,"name":"Home","item":"https:\/\/uees.edu.ec\/"},{"@type":"ListItem","position":2,"name":"Museo de Presidentes del Ecuador incorpor\u00f3 dos nuevos exmandatarios"}]},{"@type":"WebSite","@id":"https:\/\/uees.edu.ec\/#website","url":"https:\/\/uees.edu.ec\/","name":"Espiritu Santo University - UEES","description":"In constant innovation","publisher":{"@id":"https:\/\/uees.edu.ec\/#organization"},"alternateName":"Universidad Esp\u00edritu Santo - UEES","potentialAction":[{"@type":"SearchAction","target":{"@type":"EntryPoint","urlTemplate":"https:\/\/uees.edu.ec\/?s={search_term_string}"},"query-input":{"@type":"PropertyValueSpecification","valueRequired":true,"valueName":"search_term_string"}}],"inLanguage":"en-US"},{"@type":"Organization","@id":"https:\/\/uees.edu.ec\/#organization","name":"Espiritu Santo University - UEES","alternateName":"La mejor universidad en Ecuador","url":"https:\/\/uees.edu.ec\/","logo":{"@type":"ImageObject","inLanguage":"en-US","@id":"https:\/\/uees.edu.ec\/#\/schema\/logo\/image\/","url":"https:\/\/uees.edu.ec\/wp-content\/uploads\/2021\/03\/Logo-UEES.png","contentUrl":"https:\/\/uees.edu.ec\/wp-content\/uploads\/2021\/03\/Logo-UEES.png","width":221,"height":86,"caption":"Universidad Esp\u00edritu Santo - UEES"},"image":{"@id":"https:\/\/uees.edu.ec\/#\/schema\/logo\/image\/"},"sameAs":["https:\/\/www.facebook.com\/universidadespiritusanto","https:\/\/x.com\/uees_ec","https:\/\/www.instagram.com\/uees_ec\/","https:\/\/www.linkedin.com\/school\/esp-ritu-santo","https:\/\/www.youtube.com\/user\/UEES2009","https:\/\/es.wikipedia.org\/wiki\/Universidad_de_Especialidades_Esp\u00edritu_Santo"]},{"@type":"Person","@id":"https:\/\/uees.edu.ec\/#\/schema\/person\/d63ccd280ffea0cfa500ff8e223df681","name":"Elisa NIeto","image":{"@type":"ImageObject","inLanguage":"en-US","@id":"https:\/\/secure.gravatar.com\/avatar\/605564af463a7fd0c423bca29297cbceebac05a022669b655b2f2dcd2c6bf03e?s=96&d=mm&r=g","url":"https:\/\/secure.gravatar.com\/avatar\/605564af463a7fd0c423bca29297cbceebac05a022669b655b2f2dcd2c6bf03e?s=96&d=mm&r=g","contentUrl":"https:\/\/secure.gravatar.com\/avatar\/605564af463a7fd0c423bca29297cbceebac05a022669b655b2f2dcd2c6bf03e?s=96&d=mm&r=g","caption":"Elisa NIeto"},"url":"https:\/\/uees.edu.ec\/en\/author\/elisa-nieto\/"}]}},"_links":{"self":[{"href":"https:\/\/uees.edu.ec\/en\/wp-json\/wp\/v2\/posts\/30112","targetHints":{"allow":["GET"]}}],"collection":[{"href":"https:\/\/uees.edu.ec\/en\/wp-json\/wp\/v2\/posts"}],"about":[{"href":"https:\/\/uees.edu.ec\/en\/wp-json\/wp\/v2\/types\/post"}],"author":[{"embeddable":true,"href":"https:\/\/uees.edu.ec\/en\/wp-json\/wp\/v2\/users\/10000093"}],"replies":[{"embeddable":true,"href":"https:\/\/uees.edu.ec\/en\/wp-json\/wp\/v2\/comments?post=30112"}],"version-history":[{"count":1,"href":"https:\/\/uees.edu.ec\/en\/wp-json\/wp\/v2\/posts\/30112\/revisions"}],"predecessor-version":[{"id":30117,"href":"https:\/\/uees.edu.ec\/en\/wp-json\/wp\/v2\/posts\/30112\/revisions\/30117"}],"wp:featuredmedia":[{"embeddable":true,"href":"https:\/\/uees.edu.ec\/en\/wp-json\/wp\/v2\/media\/30114"}],"wp:attachment":[{"href":"https:\/\/uees.edu.ec\/en\/wp-json\/wp\/v2\/media?parent=30112"}],"wp:term":[{"taxonomy":"category","embeddable":true,"href":"https:\/\/uees.edu.ec\/en\/wp-json\/wp\/v2\/categories?post=30112"},{"taxonomy":"post_tag","embeddable":true,"href":"https:\/\/uees.edu.ec\/en\/wp-json\/wp\/v2\/tags?post=30112"}],"curies":[{"name":"wp","href":"https:\/\/api.w.org\/{rel}","templated":true}]}}