{"id":29990,"date":"2025-07-16T10:06:35","date_gmt":"2025-07-16T15:06:35","guid":{"rendered":"https:\/\/uees.edu.ec\/?p=29990"},"modified":"2025-07-16T10:07:54","modified_gmt":"2025-07-16T15:07:54","slug":"investigadores-de-la-uees-reciben-reconocimiento-internacional-en-congreso-alat-2025","status":"publish","type":"post","link":"https:\/\/uees.edu.ec\/en\/investigadores-de-la-uees-reciben-reconocimiento-internacional-en-congreso-alat-2025\/","title":{"rendered":"UEES researchers receive international recognition in ALAT 2025 Congress"},"content":{"rendered":"<p><span style=\"font-weight: 400;\">A group of researchers linked to Espiritu Santo University received an important international recognition during the 18th Congress of the Latin American Thoracic Association (ALAT), when they were awarded the prize for the best researcher in the field of thoracic thoracic surgery. <\/span><b>best paper in Respiratory Physiology<\/b><span style=\"font-weight: 400;\">. The team consisted of Dr. Juan Calder\u00f3n, Dr. Jorge Salgado, Dr. Gabriela Rodas, Dr. Ronald Dandurand, Dr. Iv\u00e1n Cherrez, as well as <\/span><b>Sebastian Pacheco, UEES student<\/b><span style=\"font-weight: 400;\">, y <\/span><b>Karla Robles, graduate of the institution<\/b><span style=\"font-weight: 400;\">, This highlights the leading role of the university community in high-level scientific spaces.\u00a0\u00a0<\/span><img loading=\"lazy\" decoding=\"async\" class=\"wp-image-29993 alignright\" src=\"https:\/\/uees.edu.ec\/wp-content\/uploads\/2025\/07\/1000186020-768x1024.jpg\" alt=\"\" width=\"345\" height=\"460\" srcset=\"https:\/\/uees.edu.ec\/wp-content\/uploads\/2025\/07\/1000186020-768x1024.jpg 768w, https:\/\/uees.edu.ec\/wp-content\/uploads\/2025\/07\/1000186020-225x300.jpg 225w, https:\/\/uees.edu.ec\/wp-content\/uploads\/2025\/07\/1000186020-1152x1536.jpg 1152w, https:\/\/uees.edu.ec\/wp-content\/uploads\/2025\/07\/1000186020-1536x2048.jpg 1536w, https:\/\/uees.edu.ec\/wp-content\/uploads\/2025\/07\/1000186020-700x935.jpg 700w, https:\/\/uees.edu.ec\/wp-content\/uploads\/2025\/07\/1000186020-600x800.jpg 600w, https:\/\/uees.edu.ec\/wp-content\/uploads\/2025\/07\/1000186020-scaled.jpg 1920w\" sizes=\"auto, (max-width: 345px) 100vw, 345px\" \/><\/p>\n<p><span style=\"font-weight: 400;\">The ALAT Congress is the most important meeting of respiratory medicine in Latin America, where specialists, researchers and leaders in respiratory health of the continent meet to share scientific advances, clinical experiences and strengthen collaborative networks. In this space, UEES research was recognized for its significant contribution to the understanding of respiratory physiology and its potential application in the approach to lung diseases.<\/span><\/p>\n<p><span style=\"font-weight: 400;\">This achievement reaffirms the commitment of UEES to the generation of scientific knowledge of impact, aligned with international quality standards. Through research, teaching and innovation, the university continues to contribute to the strengthening of public health in the region, especially in the field of respiratory diseases, which remain a priority challenge in Latin America.<\/span><\/p>","protected":false},"excerpt":{"rendered":"<p>Un grupo de investigadores vinculados a la Universidad Esp\u00edritu Santo, recibi\u00f3 un importante reconocimiento internacional durante el 18\u00b0 Congreso de la Asociaci\u00f3n Latinoamericana del T\u00f3rax (ALAT), al obtener el premio al mejor trabajo en Fisiolog\u00eda Respiratoria. El equipo estuvo conformado por los doctores Juan Calder\u00f3n, Jorge Salgado, Gabriela Rodas, Ronald Dandurand, Iv\u00e1n Cherrez, as\u00ed como [&hellip;]<\/p>\n","protected":false},"author":10000093,"featured_media":29994,"comment_status":"open","ping_status":"open","sticky":false,"template":"","format":"standard","meta":{"_acf_changed":false,"footnotes":""},"categories":[552,75,568],"tags":[],"class_list":["post-29990","post","type-post","status-publish","format-standard","has-post-thumbnail","hentry","category-centro-de-investigaciones","category-noticias","category-salud"],"acf":[],"yoast_head":"<!-- This site is optimized with the Yoast SEO Premium plugin v27.4 (Yoast SEO v27.4) - https:\/\/yoast.com\/product\/yoast-seo-premium-wordpress\/ -->\n<title>Investigadores de la UEES reciben reconocimiento internacional en Congreso ALAT 2025 - UEES - Universidad Esp\u00edritu Santo<\/title>\n<meta name=\"robots\" content=\"index, follow, max-snippet:-1, max-image-preview:large, max-video-preview:-1\" \/>\n<link rel=\"canonical\" href=\"https:\/\/uees.edu.ec\/en\/investigadores-de-la-uees-reciben-reconocimiento-internacional-en-congreso-alat-2025\/\" \/>\n<meta property=\"og:locale\" content=\"en_US\" \/>\n<meta property=\"og:type\" content=\"article\" \/>\n<meta property=\"og:title\" content=\"Investigadores de la UEES reciben reconocimiento internacional en Congreso ALAT 2025\" \/>\n<meta property=\"og:description\" content=\"Un grupo de investigadores vinculados a la Universidad Esp\u00edritu Santo, recibi\u00f3 un importante reconocimiento internacional durante el 18\u00b0 Congreso de la Asociaci\u00f3n Latinoamericana del T\u00f3rax (ALAT), al obtener el premio al mejor trabajo en Fisiolog\u00eda Respiratoria. El equipo estuvo conformado por los doctores Juan Calder\u00f3n, Jorge Salgado, Gabriela Rodas, Ronald Dandurand, Iv\u00e1n Cherrez, as\u00ed como [&hellip;]\" \/>\n<meta property=\"og:url\" content=\"https:\/\/uees.edu.ec\/en\/investigadores-de-la-uees-reciben-reconocimiento-internacional-en-congreso-alat-2025\/\" \/>\n<meta property=\"og:site_name\" content=\"UEES - Universidad Esp\u00edritu Santo\" \/>\n<meta property=\"article:publisher\" content=\"https:\/\/www.facebook.com\/universidadespiritusanto\" \/>\n<meta property=\"article:published_time\" content=\"2025-07-16T15:06:35+00:00\" \/>\n<meta property=\"article:modified_time\" content=\"2025-07-16T15:07:54+00:00\" \/>\n<meta property=\"og:image\" content=\"https:\/\/uees.edu.ec\/wp-content\/uploads\/2025\/07\/1000184320.jpg\" \/>\n\t<meta property=\"og:image:width\" content=\"1600\" \/>\n\t<meta property=\"og:image:height\" content=\"900\" \/>\n\t<meta property=\"og:image:type\" content=\"image\/jpeg\" \/>\n<meta name=\"author\" content=\"Elisa NIeto\" \/>\n<meta name=\"twitter:card\" content=\"summary_large_image\" \/>\n<meta name=\"twitter:creator\" content=\"@uees_ec\" \/>\n<meta name=\"twitter:site\" content=\"@uees_ec\" \/>\n<meta name=\"twitter:label1\" content=\"Written by\" \/>\n\t<meta name=\"twitter:data1\" content=\"Elisa NIeto\" \/>\n\t<meta name=\"twitter:label2\" content=\"Est. reading time\" \/>\n\t<meta name=\"twitter:data2\" content=\"2 minutes\" \/>\n<script type=\"application\/ld+json\" class=\"yoast-schema-graph\">{\"@context\":\"https:\\\/\\\/schema.org\",\"@graph\":[{\"@type\":[\"Article\",\"BlogPosting\"],\"@id\":\"https:\\\/\\\/uees.edu.ec\\\/investigadores-de-la-uees-reciben-reconocimiento-internacional-en-congreso-alat-2025\\\/#article\",\"isPartOf\":{\"@id\":\"https:\\\/\\\/uees.edu.ec\\\/investigadores-de-la-uees-reciben-reconocimiento-internacional-en-congreso-alat-2025\\\/\"},\"author\":{\"name\":\"Elisa NIeto\",\"@id\":\"https:\\\/\\\/uees.edu.ec\\\/#\\\/schema\\\/person\\\/d63ccd280ffea0cfa500ff8e223df681\"},\"headline\":\"Investigadores de la UEES reciben reconocimiento internacional en Congreso ALAT 2025\",\"datePublished\":\"2025-07-16T15:06:35+00:00\",\"dateModified\":\"2025-07-16T15:07:54+00:00\",\"mainEntityOfPage\":{\"@id\":\"https:\\\/\\\/uees.edu.ec\\\/investigadores-de-la-uees-reciben-reconocimiento-internacional-en-congreso-alat-2025\\\/\"},\"wordCount\":253,\"commentCount\":0,\"publisher\":{\"@id\":\"https:\\\/\\\/uees.edu.ec\\\/#organization\"},\"image\":{\"@id\":\"https:\\\/\\\/uees.edu.ec\\\/investigadores-de-la-uees-reciben-reconocimiento-internacional-en-congreso-alat-2025\\\/#primaryimage\"},\"thumbnailUrl\":\"https:\\\/\\\/uees.edu.ec\\\/wp-content\\\/uploads\\\/2025\\\/07\\\/1000184320.jpg\",\"articleSection\":[\"Centro de Investigaciones\",\"Noticias\",\"Salud\"],\"inLanguage\":\"en-US\",\"potentialAction\":[{\"@type\":\"CommentAction\",\"name\":\"Comment\",\"target\":[\"https:\\\/\\\/uees.edu.ec\\\/investigadores-de-la-uees-reciben-reconocimiento-internacional-en-congreso-alat-2025\\\/#respond\"]}]},{\"@type\":\"WebPage\",\"@id\":\"https:\\\/\\\/uees.edu.ec\\\/investigadores-de-la-uees-reciben-reconocimiento-internacional-en-congreso-alat-2025\\\/\",\"url\":\"https:\\\/\\\/uees.edu.ec\\\/investigadores-de-la-uees-reciben-reconocimiento-internacional-en-congreso-alat-2025\\\/\",\"name\":\"Investigadores de la UEES reciben reconocimiento internacional en Congreso ALAT 2025 - UEES - Universidad Esp\u00edritu Santo\",\"isPartOf\":{\"@id\":\"https:\\\/\\\/uees.edu.ec\\\/#website\"},\"primaryImageOfPage\":{\"@id\":\"https:\\\/\\\/uees.edu.ec\\\/investigadores-de-la-uees-reciben-reconocimiento-internacional-en-congreso-alat-2025\\\/#primaryimage\"},\"image\":{\"@id\":\"https:\\\/\\\/uees.edu.ec\\\/investigadores-de-la-uees-reciben-reconocimiento-internacional-en-congreso-alat-2025\\\/#primaryimage\"},\"thumbnailUrl\":\"https:\\\/\\\/uees.edu.ec\\\/wp-content\\\/uploads\\\/2025\\\/07\\\/1000184320.jpg\",\"datePublished\":\"2025-07-16T15:06:35+00:00\",\"dateModified\":\"2025-07-16T15:07:54+00:00\",\"breadcrumb\":{\"@id\":\"https:\\\/\\\/uees.edu.ec\\\/investigadores-de-la-uees-reciben-reconocimiento-internacional-en-congreso-alat-2025\\\/#breadcrumb\"},\"inLanguage\":\"en-US\",\"potentialAction\":[{\"@type\":\"ReadAction\",\"target\":[\"https:\\\/\\\/uees.edu.ec\\\/investigadores-de-la-uees-reciben-reconocimiento-internacional-en-congreso-alat-2025\\\/\"]}]},{\"@type\":\"ImageObject\",\"inLanguage\":\"en-US\",\"@id\":\"https:\\\/\\\/uees.edu.ec\\\/investigadores-de-la-uees-reciben-reconocimiento-internacional-en-congreso-alat-2025\\\/#primaryimage\",\"url\":\"https:\\\/\\\/uees.edu.ec\\\/wp-content\\\/uploads\\\/2025\\\/07\\\/1000184320.jpg\",\"contentUrl\":\"https:\\\/\\\/uees.edu.ec\\\/wp-content\\\/uploads\\\/2025\\\/07\\\/1000184320.jpg\",\"width\":1600,\"height\":900},{\"@type\":\"BreadcrumbList\",\"@id\":\"https:\\\/\\\/uees.edu.ec\\\/investigadores-de-la-uees-reciben-reconocimiento-internacional-en-congreso-alat-2025\\\/#breadcrumb\",\"itemListElement\":[{\"@type\":\"ListItem\",\"position\":1,\"name\":\"Home\",\"item\":\"https:\\\/\\\/uees.edu.ec\\\/\"},{\"@type\":\"ListItem\",\"position\":2,\"name\":\"Investigadores de la UEES reciben reconocimiento internacional en Congreso ALAT 2025\"}]},{\"@type\":\"WebSite\",\"@id\":\"https:\\\/\\\/uees.edu.ec\\\/#website\",\"url\":\"https:\\\/\\\/uees.edu.ec\\\/\",\"name\":\"Universidad Esp\u00edritu Santo - UEES\",\"description\":\"En constante innovaci\u00f3n\",\"publisher\":{\"@id\":\"https:\\\/\\\/uees.edu.ec\\\/#organization\"},\"alternateName\":\"Universidad Esp\u00edritu Santo - UEES\",\"potentialAction\":[{\"@type\":\"SearchAction\",\"target\":{\"@type\":\"EntryPoint\",\"urlTemplate\":\"https:\\\/\\\/uees.edu.ec\\\/?s={search_term_string}\"},\"query-input\":{\"@type\":\"PropertyValueSpecification\",\"valueRequired\":true,\"valueName\":\"search_term_string\"}}],\"inLanguage\":\"en-US\"},{\"@type\":\"Organization\",\"@id\":\"https:\\\/\\\/uees.edu.ec\\\/#organization\",\"name\":\"Universidad Esp\u00edritu Santo - UEES\",\"alternateName\":\"La mejor universidad en Ecuador\",\"url\":\"https:\\\/\\\/uees.edu.ec\\\/\",\"logo\":{\"@type\":\"ImageObject\",\"inLanguage\":\"en-US\",\"@id\":\"https:\\\/\\\/uees.edu.ec\\\/#\\\/schema\\\/logo\\\/image\\\/\",\"url\":\"https:\\\/\\\/uees.edu.ec\\\/wp-content\\\/uploads\\\/2021\\\/03\\\/Logo-UEES.png\",\"contentUrl\":\"https:\\\/\\\/uees.edu.ec\\\/wp-content\\\/uploads\\\/2021\\\/03\\\/Logo-UEES.png\",\"width\":221,\"height\":86,\"caption\":\"Universidad Esp\u00edritu Santo - UEES\"},\"image\":{\"@id\":\"https:\\\/\\\/uees.edu.ec\\\/#\\\/schema\\\/logo\\\/image\\\/\"},\"sameAs\":[\"https:\\\/\\\/www.facebook.com\\\/universidadespiritusanto\",\"https:\\\/\\\/x.com\\\/uees_ec\",\"https:\\\/\\\/www.instagram.com\\\/uees_ec\\\/\",\"https:\\\/\\\/www.linkedin.com\\\/school\\\/esp-ritu-santo\",\"https:\\\/\\\/www.youtube.com\\\/user\\\/UEES2009\",\"https:\\\/\\\/es.wikipedia.org\\\/wiki\\\/Universidad_de_Especialidades_Esp\u00edritu_Santo\"]},{\"@type\":\"Person\",\"@id\":\"https:\\\/\\\/uees.edu.ec\\\/#\\\/schema\\\/person\\\/d63ccd280ffea0cfa500ff8e223df681\",\"name\":\"Elisa NIeto\",\"image\":{\"@type\":\"ImageObject\",\"inLanguage\":\"en-US\",\"@id\":\"https:\\\/\\\/secure.gravatar.com\\\/avatar\\\/605564af463a7fd0c423bca29297cbceebac05a022669b655b2f2dcd2c6bf03e?s=96&d=mm&r=g\",\"url\":\"https:\\\/\\\/secure.gravatar.com\\\/avatar\\\/605564af463a7fd0c423bca29297cbceebac05a022669b655b2f2dcd2c6bf03e?s=96&d=mm&r=g\",\"contentUrl\":\"https:\\\/\\\/secure.gravatar.com\\\/avatar\\\/605564af463a7fd0c423bca29297cbceebac05a022669b655b2f2dcd2c6bf03e?s=96&d=mm&r=g\",\"caption\":\"Elisa NIeto\"},\"url\":\"https:\\\/\\\/uees.edu.ec\\\/en\\\/author\\\/elisa-nieto\\\/\"}]}<\/script>\n<!-- \/ Yoast SEO Premium plugin. -->","yoast_head_json":{"title":"Investigadores de la UEES reciben reconocimiento internacional en Congreso ALAT 2025 - UEES - Universidad Esp\u00edritu Santo","robots":{"index":"index","follow":"follow","max-snippet":"max-snippet:-1","max-image-preview":"max-image-preview:large","max-video-preview":"max-video-preview:-1"},"canonical":"https:\/\/uees.edu.ec\/en\/investigadores-de-la-uees-reciben-reconocimiento-internacional-en-congreso-alat-2025\/","og_locale":"en_US","og_type":"article","og_title":"Investigadores de la UEES reciben reconocimiento internacional en Congreso ALAT 2025","og_description":"Un grupo de investigadores vinculados a la Universidad Esp\u00edritu Santo, recibi\u00f3 un importante reconocimiento internacional durante el 18\u00b0 Congreso de la Asociaci\u00f3n Latinoamericana del T\u00f3rax (ALAT), al obtener el premio al mejor trabajo en Fisiolog\u00eda Respiratoria. El equipo estuvo conformado por los doctores Juan Calder\u00f3n, Jorge Salgado, Gabriela Rodas, Ronald Dandurand, Iv\u00e1n Cherrez, as\u00ed como [&hellip;]","og_url":"https:\/\/uees.edu.ec\/en\/investigadores-de-la-uees-reciben-reconocimiento-internacional-en-congreso-alat-2025\/","og_site_name":"UEES - Universidad Esp\u00edritu Santo","article_publisher":"https:\/\/www.facebook.com\/universidadespiritusanto","article_published_time":"2025-07-16T15:06:35+00:00","article_modified_time":"2025-07-16T15:07:54+00:00","og_image":[{"width":1600,"height":900,"url":"https:\/\/uees.edu.ec\/wp-content\/uploads\/2025\/07\/1000184320.jpg","type":"image\/jpeg"}],"author":"Elisa NIeto","twitter_card":"summary_large_image","twitter_creator":"@uees_ec","twitter_site":"@uees_ec","twitter_misc":{"Written by":"Elisa NIeto","Est. reading time":"2 minutes"},"schema":{"@context":"https:\/\/schema.org","@graph":[{"@type":["Article","BlogPosting"],"@id":"https:\/\/uees.edu.ec\/investigadores-de-la-uees-reciben-reconocimiento-internacional-en-congreso-alat-2025\/#article","isPartOf":{"@id":"https:\/\/uees.edu.ec\/investigadores-de-la-uees-reciben-reconocimiento-internacional-en-congreso-alat-2025\/"},"author":{"name":"Elisa NIeto","@id":"https:\/\/uees.edu.ec\/#\/schema\/person\/d63ccd280ffea0cfa500ff8e223df681"},"headline":"Investigadores de la UEES reciben reconocimiento internacional en Congreso ALAT 2025","datePublished":"2025-07-16T15:06:35+00:00","dateModified":"2025-07-16T15:07:54+00:00","mainEntityOfPage":{"@id":"https:\/\/uees.edu.ec\/investigadores-de-la-uees-reciben-reconocimiento-internacional-en-congreso-alat-2025\/"},"wordCount":253,"commentCount":0,"publisher":{"@id":"https:\/\/uees.edu.ec\/#organization"},"image":{"@id":"https:\/\/uees.edu.ec\/investigadores-de-la-uees-reciben-reconocimiento-internacional-en-congreso-alat-2025\/#primaryimage"},"thumbnailUrl":"https:\/\/uees.edu.ec\/wp-content\/uploads\/2025\/07\/1000184320.jpg","articleSection":["Centro de Investigaciones","Noticias","Salud"],"inLanguage":"en-US","potentialAction":[{"@type":"CommentAction","name":"Comment","target":["https:\/\/uees.edu.ec\/investigadores-de-la-uees-reciben-reconocimiento-internacional-en-congreso-alat-2025\/#respond"]}]},{"@type":"WebPage","@id":"https:\/\/uees.edu.ec\/investigadores-de-la-uees-reciben-reconocimiento-internacional-en-congreso-alat-2025\/","url":"https:\/\/uees.edu.ec\/investigadores-de-la-uees-reciben-reconocimiento-internacional-en-congreso-alat-2025\/","name":"Investigadores de la UEES reciben reconocimiento internacional en Congreso ALAT 2025 - UEES - Universidad Esp\u00edritu Santo","isPartOf":{"@id":"https:\/\/uees.edu.ec\/#website"},"primaryImageOfPage":{"@id":"https:\/\/uees.edu.ec\/investigadores-de-la-uees-reciben-reconocimiento-internacional-en-congreso-alat-2025\/#primaryimage"},"image":{"@id":"https:\/\/uees.edu.ec\/investigadores-de-la-uees-reciben-reconocimiento-internacional-en-congreso-alat-2025\/#primaryimage"},"thumbnailUrl":"https:\/\/uees.edu.ec\/wp-content\/uploads\/2025\/07\/1000184320.jpg","datePublished":"2025-07-16T15:06:35+00:00","dateModified":"2025-07-16T15:07:54+00:00","breadcrumb":{"@id":"https:\/\/uees.edu.ec\/investigadores-de-la-uees-reciben-reconocimiento-internacional-en-congreso-alat-2025\/#breadcrumb"},"inLanguage":"en-US","potentialAction":[{"@type":"ReadAction","target":["https:\/\/uees.edu.ec\/investigadores-de-la-uees-reciben-reconocimiento-internacional-en-congreso-alat-2025\/"]}]},{"@type":"ImageObject","inLanguage":"en-US","@id":"https:\/\/uees.edu.ec\/investigadores-de-la-uees-reciben-reconocimiento-internacional-en-congreso-alat-2025\/#primaryimage","url":"https:\/\/uees.edu.ec\/wp-content\/uploads\/2025\/07\/1000184320.jpg","contentUrl":"https:\/\/uees.edu.ec\/wp-content\/uploads\/2025\/07\/1000184320.jpg","width":1600,"height":900},{"@type":"BreadcrumbList","@id":"https:\/\/uees.edu.ec\/investigadores-de-la-uees-reciben-reconocimiento-internacional-en-congreso-alat-2025\/#breadcrumb","itemListElement":[{"@type":"ListItem","position":1,"name":"Home","item":"https:\/\/uees.edu.ec\/"},{"@type":"ListItem","position":2,"name":"Investigadores de la UEES reciben reconocimiento internacional en Congreso ALAT 2025"}]},{"@type":"WebSite","@id":"https:\/\/uees.edu.ec\/#website","url":"https:\/\/uees.edu.ec\/","name":"Espiritu Santo University - UEES","description":"In constant innovation","publisher":{"@id":"https:\/\/uees.edu.ec\/#organization"},"alternateName":"Universidad Esp\u00edritu Santo - UEES","potentialAction":[{"@type":"SearchAction","target":{"@type":"EntryPoint","urlTemplate":"https:\/\/uees.edu.ec\/?s={search_term_string}"},"query-input":{"@type":"PropertyValueSpecification","valueRequired":true,"valueName":"search_term_string"}}],"inLanguage":"en-US"},{"@type":"Organization","@id":"https:\/\/uees.edu.ec\/#organization","name":"Espiritu Santo University - UEES","alternateName":"La mejor universidad en Ecuador","url":"https:\/\/uees.edu.ec\/","logo":{"@type":"ImageObject","inLanguage":"en-US","@id":"https:\/\/uees.edu.ec\/#\/schema\/logo\/image\/","url":"https:\/\/uees.edu.ec\/wp-content\/uploads\/2021\/03\/Logo-UEES.png","contentUrl":"https:\/\/uees.edu.ec\/wp-content\/uploads\/2021\/03\/Logo-UEES.png","width":221,"height":86,"caption":"Universidad Esp\u00edritu Santo - UEES"},"image":{"@id":"https:\/\/uees.edu.ec\/#\/schema\/logo\/image\/"},"sameAs":["https:\/\/www.facebook.com\/universidadespiritusanto","https:\/\/x.com\/uees_ec","https:\/\/www.instagram.com\/uees_ec\/","https:\/\/www.linkedin.com\/school\/esp-ritu-santo","https:\/\/www.youtube.com\/user\/UEES2009","https:\/\/es.wikipedia.org\/wiki\/Universidad_de_Especialidades_Esp\u00edritu_Santo"]},{"@type":"Person","@id":"https:\/\/uees.edu.ec\/#\/schema\/person\/d63ccd280ffea0cfa500ff8e223df681","name":"Elisa NIeto","image":{"@type":"ImageObject","inLanguage":"en-US","@id":"https:\/\/secure.gravatar.com\/avatar\/605564af463a7fd0c423bca29297cbceebac05a022669b655b2f2dcd2c6bf03e?s=96&d=mm&r=g","url":"https:\/\/secure.gravatar.com\/avatar\/605564af463a7fd0c423bca29297cbceebac05a022669b655b2f2dcd2c6bf03e?s=96&d=mm&r=g","contentUrl":"https:\/\/secure.gravatar.com\/avatar\/605564af463a7fd0c423bca29297cbceebac05a022669b655b2f2dcd2c6bf03e?s=96&d=mm&r=g","caption":"Elisa NIeto"},"url":"https:\/\/uees.edu.ec\/en\/author\/elisa-nieto\/"}]}},"_links":{"self":[{"href":"https:\/\/uees.edu.ec\/en\/wp-json\/wp\/v2\/posts\/29990","targetHints":{"allow":["GET"]}}],"collection":[{"href":"https:\/\/uees.edu.ec\/en\/wp-json\/wp\/v2\/posts"}],"about":[{"href":"https:\/\/uees.edu.ec\/en\/wp-json\/wp\/v2\/types\/post"}],"author":[{"embeddable":true,"href":"https:\/\/uees.edu.ec\/en\/wp-json\/wp\/v2\/users\/10000093"}],"replies":[{"embeddable":true,"href":"https:\/\/uees.edu.ec\/en\/wp-json\/wp\/v2\/comments?post=29990"}],"version-history":[{"count":3,"href":"https:\/\/uees.edu.ec\/en\/wp-json\/wp\/v2\/posts\/29990\/revisions"}],"predecessor-version":[{"id":29997,"href":"https:\/\/uees.edu.ec\/en\/wp-json\/wp\/v2\/posts\/29990\/revisions\/29997"}],"wp:featuredmedia":[{"embeddable":true,"href":"https:\/\/uees.edu.ec\/en\/wp-json\/wp\/v2\/media\/29994"}],"wp:attachment":[{"href":"https:\/\/uees.edu.ec\/en\/wp-json\/wp\/v2\/media?parent=29990"}],"wp:term":[{"taxonomy":"category","embeddable":true,"href":"https:\/\/uees.edu.ec\/en\/wp-json\/wp\/v2\/categories?post=29990"},{"taxonomy":"post_tag","embeddable":true,"href":"https:\/\/uees.edu.ec\/en\/wp-json\/wp\/v2\/tags?post=29990"}],"curies":[{"name":"wp","href":"https:\/\/api.w.org\/{rel}","templated":true}]}}