{"id":29989,"date":"2025-07-16T10:10:26","date_gmt":"2025-07-16T15:10:26","guid":{"rendered":"https:\/\/uees.edu.ec\/?p=29989"},"modified":"2025-07-16T10:10:26","modified_gmt":"2025-07-16T15:10:26","slug":"investigador-de-la-uees-entre-el-0-5-de-academicos-mas-citados-del-mundo","status":"publish","type":"post","link":"https:\/\/uees.edu.ec\/en\/investigador-de-la-uees-entre-el-0-5-de-academicos-mas-citados-del-mundo\/","title":{"rendered":"UEES researcher among the 0.5% most cited scholars in the world"},"content":{"rendered":"<p><span style=\"font-weight: 400;\">Peter Chedraui, docente e investigador de la Universidad Esp\u00edritu Santo, ha sido reconocido como <\/span><i><span style=\"font-weight: 400;\">Acad\u00e9mico Destacado 2024<\/span><\/i><span style=\"font-weight: 400;\"> por la plataforma internacional ScholarGPS. Su ubicaci\u00f3n en el top 0.5% de los acad\u00e9micos m\u00e1s citados a nivel mundial es resultado de un riguroso an\u00e1lisis basado en m\u00e9tricas de citaci\u00f3n, impacto acad\u00e9mico y calidad de las publicaciones cient\u00edficas.<\/span><\/p>\n<p><span style=\"font-weight: 400;\">Con una s\u00f3lida trayectoria en temas vinculados a la salud de la mujer, especialmente aquellas de mediana edad y con enfoque en problemas cardiometab\u00f3licos, el Dr. Chedraui ha consolidado su aporte al conocimiento cient\u00edfico con investigaciones de alto impacto, posicion\u00e1ndose como un referente en su campo. Su trabajo no solo ha sido ampliamente citado por la comunidad acad\u00e9mica global, sino que tambi\u00e9n contribuye activamente al bienestar de la poblaci\u00f3n desde la evidencia cient\u00edfica.<\/span><\/p>\n<p><span style=\"font-weight: 400;\">Este importante logro enaltece el rol de la UEES como centro de investigaci\u00f3n de excelencia, demostrando que desde Ecuador se generan aportes significativos al conocimiento mundial. La comunidad universitaria felicita al Dr. Chedraui por este hito y celebra su compromiso con la investigaci\u00f3n de calidad y el avance de la ciencia.<\/span><\/p>\n<p><img loading=\"lazy\" decoding=\"async\" class=\"wp-image-29998 aligncenter\" src=\"https:\/\/uees.edu.ec\/wp-content\/uploads\/2025\/07\/ScholarGPS-1024x576.png\" alt=\"\" width=\"684\" height=\"385\" srcset=\"https:\/\/uees.edu.ec\/wp-content\/uploads\/2025\/07\/ScholarGPS-1024x576.png 1024w, https:\/\/uees.edu.ec\/wp-content\/uploads\/2025\/07\/ScholarGPS-300x169.png 300w, https:\/\/uees.edu.ec\/wp-content\/uploads\/2025\/07\/ScholarGPS-768x432.png 768w, https:\/\/uees.edu.ec\/wp-content\/uploads\/2025\/07\/ScholarGPS.png 1080w\" sizes=\"auto, (max-width: 684px) 100vw, 684px\" \/><\/p>","protected":false},"excerpt":{"rendered":"<p>Peter Chedraui, docente e investigador de la Universidad Esp\u00edritu Santo, ha sido reconocido como Acad\u00e9mico Destacado 2024 por la plataforma internacional ScholarGPS. Su ubicaci\u00f3n en el top 0.5% de los acad\u00e9micos m\u00e1s citados a nivel mundial es resultado de un riguroso an\u00e1lisis basado en m\u00e9tricas de citaci\u00f3n, impacto acad\u00e9mico y calidad de las publicaciones cient\u00edficas. [&hellip;]<\/p>\n","protected":false},"author":10000093,"featured_media":29998,"comment_status":"open","ping_status":"open","sticky":false,"template":"","format":"standard","meta":{"_acf_changed":false,"footnotes":""},"categories":[552,75,568],"tags":[],"class_list":["post-29989","post","type-post","status-publish","format-standard","has-post-thumbnail","hentry","category-centro-de-investigaciones","category-noticias","category-salud"],"acf":[],"yoast_head":"<!-- This site is optimized with the Yoast SEO Premium plugin v27.4 (Yoast SEO v27.4) - https:\/\/yoast.com\/product\/yoast-seo-premium-wordpress\/ -->\n<title>Investigador de la UEES entre el 0.5% de acad\u00e9micos m\u00e1s citados del mundo - UEES - Universidad Esp\u00edritu Santo<\/title>\n<meta name=\"robots\" content=\"index, follow, max-snippet:-1, max-image-preview:large, max-video-preview:-1\" \/>\n<link rel=\"canonical\" href=\"https:\/\/uees.edu.ec\/en\/investigador-de-la-uees-entre-el-0-5-de-academicos-mas-citados-del-mundo\/\" \/>\n<meta property=\"og:locale\" content=\"en_US\" \/>\n<meta property=\"og:type\" content=\"article\" \/>\n<meta property=\"og:title\" content=\"Investigador de la UEES entre el 0.5% de acad\u00e9micos m\u00e1s citados del mundo\" \/>\n<meta property=\"og:description\" content=\"Peter Chedraui, docente e investigador de la Universidad Esp\u00edritu Santo, ha sido reconocido como Acad\u00e9mico Destacado 2024 por la plataforma internacional ScholarGPS. Su ubicaci\u00f3n en el top 0.5% de los acad\u00e9micos m\u00e1s citados a nivel mundial es resultado de un riguroso an\u00e1lisis basado en m\u00e9tricas de citaci\u00f3n, impacto acad\u00e9mico y calidad de las publicaciones cient\u00edficas. [&hellip;]\" \/>\n<meta property=\"og:url\" content=\"https:\/\/uees.edu.ec\/en\/investigador-de-la-uees-entre-el-0-5-de-academicos-mas-citados-del-mundo\/\" \/>\n<meta property=\"og:site_name\" content=\"UEES - Universidad Esp\u00edritu Santo\" \/>\n<meta property=\"article:publisher\" content=\"https:\/\/www.facebook.com\/universidadespiritusanto\" \/>\n<meta property=\"article:published_time\" content=\"2025-07-16T15:10:26+00:00\" \/>\n<meta property=\"og:image\" content=\"https:\/\/uees.edu.ec\/wp-content\/uploads\/2025\/07\/ScholarGPS.png\" \/>\n\t<meta property=\"og:image:width\" content=\"1080\" \/>\n\t<meta property=\"og:image:height\" content=\"608\" \/>\n\t<meta property=\"og:image:type\" content=\"image\/png\" \/>\n<meta name=\"author\" content=\"Elisa NIeto\" \/>\n<meta name=\"twitter:card\" content=\"summary_large_image\" \/>\n<meta name=\"twitter:creator\" content=\"@uees_ec\" \/>\n<meta name=\"twitter:site\" content=\"@uees_ec\" \/>\n<meta name=\"twitter:label1\" content=\"Written by\" \/>\n\t<meta name=\"twitter:data1\" content=\"Elisa NIeto\" \/>\n\t<meta name=\"twitter:label2\" content=\"Est. reading time\" \/>\n\t<meta name=\"twitter:data2\" content=\"2 minutes\" \/>\n<script type=\"application\/ld+json\" class=\"yoast-schema-graph\">{\"@context\":\"https:\\\/\\\/schema.org\",\"@graph\":[{\"@type\":[\"Article\",\"BlogPosting\"],\"@id\":\"https:\\\/\\\/uees.edu.ec\\\/investigador-de-la-uees-entre-el-0-5-de-academicos-mas-citados-del-mundo\\\/#article\",\"isPartOf\":{\"@id\":\"https:\\\/\\\/uees.edu.ec\\\/investigador-de-la-uees-entre-el-0-5-de-academicos-mas-citados-del-mundo\\\/\"},\"author\":{\"name\":\"Elisa NIeto\",\"@id\":\"https:\\\/\\\/uees.edu.ec\\\/#\\\/schema\\\/person\\\/d63ccd280ffea0cfa500ff8e223df681\"},\"headline\":\"Investigador de la UEES entre el 0.5% de acad\u00e9micos m\u00e1s citados del mundo\",\"datePublished\":\"2025-07-16T15:10:26+00:00\",\"mainEntityOfPage\":{\"@id\":\"https:\\\/\\\/uees.edu.ec\\\/investigador-de-la-uees-entre-el-0-5-de-academicos-mas-citados-del-mundo\\\/\"},\"wordCount\":211,\"commentCount\":0,\"publisher\":{\"@id\":\"https:\\\/\\\/uees.edu.ec\\\/#organization\"},\"image\":{\"@id\":\"https:\\\/\\\/uees.edu.ec\\\/investigador-de-la-uees-entre-el-0-5-de-academicos-mas-citados-del-mundo\\\/#primaryimage\"},\"thumbnailUrl\":\"https:\\\/\\\/uees.edu.ec\\\/wp-content\\\/uploads\\\/2025\\\/07\\\/ScholarGPS.png\",\"articleSection\":[\"Centro de Investigaciones\",\"Noticias\",\"Salud\"],\"inLanguage\":\"en-US\",\"potentialAction\":[{\"@type\":\"CommentAction\",\"name\":\"Comment\",\"target\":[\"https:\\\/\\\/uees.edu.ec\\\/investigador-de-la-uees-entre-el-0-5-de-academicos-mas-citados-del-mundo\\\/#respond\"]}]},{\"@type\":\"WebPage\",\"@id\":\"https:\\\/\\\/uees.edu.ec\\\/investigador-de-la-uees-entre-el-0-5-de-academicos-mas-citados-del-mundo\\\/\",\"url\":\"https:\\\/\\\/uees.edu.ec\\\/investigador-de-la-uees-entre-el-0-5-de-academicos-mas-citados-del-mundo\\\/\",\"name\":\"Investigador de la UEES entre el 0.5% de acad\u00e9micos m\u00e1s citados del mundo - UEES - Universidad Esp\u00edritu Santo\",\"isPartOf\":{\"@id\":\"https:\\\/\\\/uees.edu.ec\\\/#website\"},\"primaryImageOfPage\":{\"@id\":\"https:\\\/\\\/uees.edu.ec\\\/investigador-de-la-uees-entre-el-0-5-de-academicos-mas-citados-del-mundo\\\/#primaryimage\"},\"image\":{\"@id\":\"https:\\\/\\\/uees.edu.ec\\\/investigador-de-la-uees-entre-el-0-5-de-academicos-mas-citados-del-mundo\\\/#primaryimage\"},\"thumbnailUrl\":\"https:\\\/\\\/uees.edu.ec\\\/wp-content\\\/uploads\\\/2025\\\/07\\\/ScholarGPS.png\",\"datePublished\":\"2025-07-16T15:10:26+00:00\",\"breadcrumb\":{\"@id\":\"https:\\\/\\\/uees.edu.ec\\\/investigador-de-la-uees-entre-el-0-5-de-academicos-mas-citados-del-mundo\\\/#breadcrumb\"},\"inLanguage\":\"en-US\",\"potentialAction\":[{\"@type\":\"ReadAction\",\"target\":[\"https:\\\/\\\/uees.edu.ec\\\/investigador-de-la-uees-entre-el-0-5-de-academicos-mas-citados-del-mundo\\\/\"]}]},{\"@type\":\"ImageObject\",\"inLanguage\":\"en-US\",\"@id\":\"https:\\\/\\\/uees.edu.ec\\\/investigador-de-la-uees-entre-el-0-5-de-academicos-mas-citados-del-mundo\\\/#primaryimage\",\"url\":\"https:\\\/\\\/uees.edu.ec\\\/wp-content\\\/uploads\\\/2025\\\/07\\\/ScholarGPS.png\",\"contentUrl\":\"https:\\\/\\\/uees.edu.ec\\\/wp-content\\\/uploads\\\/2025\\\/07\\\/ScholarGPS.png\",\"width\":1080,\"height\":608},{\"@type\":\"BreadcrumbList\",\"@id\":\"https:\\\/\\\/uees.edu.ec\\\/investigador-de-la-uees-entre-el-0-5-de-academicos-mas-citados-del-mundo\\\/#breadcrumb\",\"itemListElement\":[{\"@type\":\"ListItem\",\"position\":1,\"name\":\"Home\",\"item\":\"https:\\\/\\\/uees.edu.ec\\\/\"},{\"@type\":\"ListItem\",\"position\":2,\"name\":\"Investigador de la UEES entre el 0.5% de acad\u00e9micos m\u00e1s citados del mundo\"}]},{\"@type\":\"WebSite\",\"@id\":\"https:\\\/\\\/uees.edu.ec\\\/#website\",\"url\":\"https:\\\/\\\/uees.edu.ec\\\/\",\"name\":\"Universidad Esp\u00edritu Santo - UEES\",\"description\":\"En constante innovaci\u00f3n\",\"publisher\":{\"@id\":\"https:\\\/\\\/uees.edu.ec\\\/#organization\"},\"alternateName\":\"Universidad Esp\u00edritu Santo - UEES\",\"potentialAction\":[{\"@type\":\"SearchAction\",\"target\":{\"@type\":\"EntryPoint\",\"urlTemplate\":\"https:\\\/\\\/uees.edu.ec\\\/?s={search_term_string}\"},\"query-input\":{\"@type\":\"PropertyValueSpecification\",\"valueRequired\":true,\"valueName\":\"search_term_string\"}}],\"inLanguage\":\"en-US\"},{\"@type\":\"Organization\",\"@id\":\"https:\\\/\\\/uees.edu.ec\\\/#organization\",\"name\":\"Universidad Esp\u00edritu Santo - UEES\",\"alternateName\":\"La mejor universidad en Ecuador\",\"url\":\"https:\\\/\\\/uees.edu.ec\\\/\",\"logo\":{\"@type\":\"ImageObject\",\"inLanguage\":\"en-US\",\"@id\":\"https:\\\/\\\/uees.edu.ec\\\/#\\\/schema\\\/logo\\\/image\\\/\",\"url\":\"https:\\\/\\\/uees.edu.ec\\\/wp-content\\\/uploads\\\/2021\\\/03\\\/Logo-UEES.png\",\"contentUrl\":\"https:\\\/\\\/uees.edu.ec\\\/wp-content\\\/uploads\\\/2021\\\/03\\\/Logo-UEES.png\",\"width\":221,\"height\":86,\"caption\":\"Universidad Esp\u00edritu Santo - UEES\"},\"image\":{\"@id\":\"https:\\\/\\\/uees.edu.ec\\\/#\\\/schema\\\/logo\\\/image\\\/\"},\"sameAs\":[\"https:\\\/\\\/www.facebook.com\\\/universidadespiritusanto\",\"https:\\\/\\\/x.com\\\/uees_ec\",\"https:\\\/\\\/www.instagram.com\\\/uees_ec\\\/\",\"https:\\\/\\\/www.linkedin.com\\\/school\\\/esp-ritu-santo\",\"https:\\\/\\\/www.youtube.com\\\/user\\\/UEES2009\",\"https:\\\/\\\/es.wikipedia.org\\\/wiki\\\/Universidad_de_Especialidades_Esp\u00edritu_Santo\"]},{\"@type\":\"Person\",\"@id\":\"https:\\\/\\\/uees.edu.ec\\\/#\\\/schema\\\/person\\\/d63ccd280ffea0cfa500ff8e223df681\",\"name\":\"Elisa NIeto\",\"image\":{\"@type\":\"ImageObject\",\"inLanguage\":\"en-US\",\"@id\":\"https:\\\/\\\/secure.gravatar.com\\\/avatar\\\/605564af463a7fd0c423bca29297cbceebac05a022669b655b2f2dcd2c6bf03e?s=96&d=mm&r=g\",\"url\":\"https:\\\/\\\/secure.gravatar.com\\\/avatar\\\/605564af463a7fd0c423bca29297cbceebac05a022669b655b2f2dcd2c6bf03e?s=96&d=mm&r=g\",\"contentUrl\":\"https:\\\/\\\/secure.gravatar.com\\\/avatar\\\/605564af463a7fd0c423bca29297cbceebac05a022669b655b2f2dcd2c6bf03e?s=96&d=mm&r=g\",\"caption\":\"Elisa NIeto\"},\"url\":\"https:\\\/\\\/uees.edu.ec\\\/en\\\/author\\\/elisa-nieto\\\/\"}]}<\/script>\n<!-- \/ Yoast SEO Premium plugin. -->","yoast_head_json":{"title":"Investigador de la UEES entre el 0.5% de acad\u00e9micos m\u00e1s citados del mundo - UEES - Universidad Esp\u00edritu Santo","robots":{"index":"index","follow":"follow","max-snippet":"max-snippet:-1","max-image-preview":"max-image-preview:large","max-video-preview":"max-video-preview:-1"},"canonical":"https:\/\/uees.edu.ec\/en\/investigador-de-la-uees-entre-el-0-5-de-academicos-mas-citados-del-mundo\/","og_locale":"en_US","og_type":"article","og_title":"Investigador de la UEES entre el 0.5% de acad\u00e9micos m\u00e1s citados del mundo","og_description":"Peter Chedraui, docente e investigador de la Universidad Esp\u00edritu Santo, ha sido reconocido como Acad\u00e9mico Destacado 2024 por la plataforma internacional ScholarGPS. Su ubicaci\u00f3n en el top 0.5% de los acad\u00e9micos m\u00e1s citados a nivel mundial es resultado de un riguroso an\u00e1lisis basado en m\u00e9tricas de citaci\u00f3n, impacto acad\u00e9mico y calidad de las publicaciones cient\u00edficas. [&hellip;]","og_url":"https:\/\/uees.edu.ec\/en\/investigador-de-la-uees-entre-el-0-5-de-academicos-mas-citados-del-mundo\/","og_site_name":"UEES - Universidad Esp\u00edritu Santo","article_publisher":"https:\/\/www.facebook.com\/universidadespiritusanto","article_published_time":"2025-07-16T15:10:26+00:00","og_image":[{"width":1080,"height":608,"url":"https:\/\/uees.edu.ec\/wp-content\/uploads\/2025\/07\/ScholarGPS.png","type":"image\/png"}],"author":"Elisa NIeto","twitter_card":"summary_large_image","twitter_creator":"@uees_ec","twitter_site":"@uees_ec","twitter_misc":{"Written by":"Elisa NIeto","Est. reading time":"2 minutes"},"schema":{"@context":"https:\/\/schema.org","@graph":[{"@type":["Article","BlogPosting"],"@id":"https:\/\/uees.edu.ec\/investigador-de-la-uees-entre-el-0-5-de-academicos-mas-citados-del-mundo\/#article","isPartOf":{"@id":"https:\/\/uees.edu.ec\/investigador-de-la-uees-entre-el-0-5-de-academicos-mas-citados-del-mundo\/"},"author":{"name":"Elisa NIeto","@id":"https:\/\/uees.edu.ec\/#\/schema\/person\/d63ccd280ffea0cfa500ff8e223df681"},"headline":"Investigador de la UEES entre el 0.5% de acad\u00e9micos m\u00e1s citados del mundo","datePublished":"2025-07-16T15:10:26+00:00","mainEntityOfPage":{"@id":"https:\/\/uees.edu.ec\/investigador-de-la-uees-entre-el-0-5-de-academicos-mas-citados-del-mundo\/"},"wordCount":211,"commentCount":0,"publisher":{"@id":"https:\/\/uees.edu.ec\/#organization"},"image":{"@id":"https:\/\/uees.edu.ec\/investigador-de-la-uees-entre-el-0-5-de-academicos-mas-citados-del-mundo\/#primaryimage"},"thumbnailUrl":"https:\/\/uees.edu.ec\/wp-content\/uploads\/2025\/07\/ScholarGPS.png","articleSection":["Centro de Investigaciones","Noticias","Salud"],"inLanguage":"en-US","potentialAction":[{"@type":"CommentAction","name":"Comment","target":["https:\/\/uees.edu.ec\/investigador-de-la-uees-entre-el-0-5-de-academicos-mas-citados-del-mundo\/#respond"]}]},{"@type":"WebPage","@id":"https:\/\/uees.edu.ec\/investigador-de-la-uees-entre-el-0-5-de-academicos-mas-citados-del-mundo\/","url":"https:\/\/uees.edu.ec\/investigador-de-la-uees-entre-el-0-5-de-academicos-mas-citados-del-mundo\/","name":"Investigador de la UEES entre el 0.5% de acad\u00e9micos m\u00e1s citados del mundo - UEES - Universidad Esp\u00edritu Santo","isPartOf":{"@id":"https:\/\/uees.edu.ec\/#website"},"primaryImageOfPage":{"@id":"https:\/\/uees.edu.ec\/investigador-de-la-uees-entre-el-0-5-de-academicos-mas-citados-del-mundo\/#primaryimage"},"image":{"@id":"https:\/\/uees.edu.ec\/investigador-de-la-uees-entre-el-0-5-de-academicos-mas-citados-del-mundo\/#primaryimage"},"thumbnailUrl":"https:\/\/uees.edu.ec\/wp-content\/uploads\/2025\/07\/ScholarGPS.png","datePublished":"2025-07-16T15:10:26+00:00","breadcrumb":{"@id":"https:\/\/uees.edu.ec\/investigador-de-la-uees-entre-el-0-5-de-academicos-mas-citados-del-mundo\/#breadcrumb"},"inLanguage":"en-US","potentialAction":[{"@type":"ReadAction","target":["https:\/\/uees.edu.ec\/investigador-de-la-uees-entre-el-0-5-de-academicos-mas-citados-del-mundo\/"]}]},{"@type":"ImageObject","inLanguage":"en-US","@id":"https:\/\/uees.edu.ec\/investigador-de-la-uees-entre-el-0-5-de-academicos-mas-citados-del-mundo\/#primaryimage","url":"https:\/\/uees.edu.ec\/wp-content\/uploads\/2025\/07\/ScholarGPS.png","contentUrl":"https:\/\/uees.edu.ec\/wp-content\/uploads\/2025\/07\/ScholarGPS.png","width":1080,"height":608},{"@type":"BreadcrumbList","@id":"https:\/\/uees.edu.ec\/investigador-de-la-uees-entre-el-0-5-de-academicos-mas-citados-del-mundo\/#breadcrumb","itemListElement":[{"@type":"ListItem","position":1,"name":"Home","item":"https:\/\/uees.edu.ec\/"},{"@type":"ListItem","position":2,"name":"Investigador de la UEES entre el 0.5% de acad\u00e9micos m\u00e1s citados del mundo"}]},{"@type":"WebSite","@id":"https:\/\/uees.edu.ec\/#website","url":"https:\/\/uees.edu.ec\/","name":"Espiritu Santo University - UEES","description":"In constant innovation","publisher":{"@id":"https:\/\/uees.edu.ec\/#organization"},"alternateName":"Universidad Esp\u00edritu Santo - UEES","potentialAction":[{"@type":"SearchAction","target":{"@type":"EntryPoint","urlTemplate":"https:\/\/uees.edu.ec\/?s={search_term_string}"},"query-input":{"@type":"PropertyValueSpecification","valueRequired":true,"valueName":"search_term_string"}}],"inLanguage":"en-US"},{"@type":"Organization","@id":"https:\/\/uees.edu.ec\/#organization","name":"Espiritu Santo University - UEES","alternateName":"La mejor universidad en Ecuador","url":"https:\/\/uees.edu.ec\/","logo":{"@type":"ImageObject","inLanguage":"en-US","@id":"https:\/\/uees.edu.ec\/#\/schema\/logo\/image\/","url":"https:\/\/uees.edu.ec\/wp-content\/uploads\/2021\/03\/Logo-UEES.png","contentUrl":"https:\/\/uees.edu.ec\/wp-content\/uploads\/2021\/03\/Logo-UEES.png","width":221,"height":86,"caption":"Universidad Esp\u00edritu Santo - UEES"},"image":{"@id":"https:\/\/uees.edu.ec\/#\/schema\/logo\/image\/"},"sameAs":["https:\/\/www.facebook.com\/universidadespiritusanto","https:\/\/x.com\/uees_ec","https:\/\/www.instagram.com\/uees_ec\/","https:\/\/www.linkedin.com\/school\/esp-ritu-santo","https:\/\/www.youtube.com\/user\/UEES2009","https:\/\/es.wikipedia.org\/wiki\/Universidad_de_Especialidades_Esp\u00edritu_Santo"]},{"@type":"Person","@id":"https:\/\/uees.edu.ec\/#\/schema\/person\/d63ccd280ffea0cfa500ff8e223df681","name":"Elisa NIeto","image":{"@type":"ImageObject","inLanguage":"en-US","@id":"https:\/\/secure.gravatar.com\/avatar\/605564af463a7fd0c423bca29297cbceebac05a022669b655b2f2dcd2c6bf03e?s=96&d=mm&r=g","url":"https:\/\/secure.gravatar.com\/avatar\/605564af463a7fd0c423bca29297cbceebac05a022669b655b2f2dcd2c6bf03e?s=96&d=mm&r=g","contentUrl":"https:\/\/secure.gravatar.com\/avatar\/605564af463a7fd0c423bca29297cbceebac05a022669b655b2f2dcd2c6bf03e?s=96&d=mm&r=g","caption":"Elisa NIeto"},"url":"https:\/\/uees.edu.ec\/en\/author\/elisa-nieto\/"}]}},"_links":{"self":[{"href":"https:\/\/uees.edu.ec\/en\/wp-json\/wp\/v2\/posts\/29989","targetHints":{"allow":["GET"]}}],"collection":[{"href":"https:\/\/uees.edu.ec\/en\/wp-json\/wp\/v2\/posts"}],"about":[{"href":"https:\/\/uees.edu.ec\/en\/wp-json\/wp\/v2\/types\/post"}],"author":[{"embeddable":true,"href":"https:\/\/uees.edu.ec\/en\/wp-json\/wp\/v2\/users\/10000093"}],"replies":[{"embeddable":true,"href":"https:\/\/uees.edu.ec\/en\/wp-json\/wp\/v2\/comments?post=29989"}],"version-history":[{"count":1,"href":"https:\/\/uees.edu.ec\/en\/wp-json\/wp\/v2\/posts\/29989\/revisions"}],"predecessor-version":[{"id":29999,"href":"https:\/\/uees.edu.ec\/en\/wp-json\/wp\/v2\/posts\/29989\/revisions\/29999"}],"wp:featuredmedia":[{"embeddable":true,"href":"https:\/\/uees.edu.ec\/en\/wp-json\/wp\/v2\/media\/29998"}],"wp:attachment":[{"href":"https:\/\/uees.edu.ec\/en\/wp-json\/wp\/v2\/media?parent=29989"}],"wp:term":[{"taxonomy":"category","embeddable":true,"href":"https:\/\/uees.edu.ec\/en\/wp-json\/wp\/v2\/categories?post=29989"},{"taxonomy":"post_tag","embeddable":true,"href":"https:\/\/uees.edu.ec\/en\/wp-json\/wp\/v2\/tags?post=29989"}],"curies":[{"name":"wp","href":"https:\/\/api.w.org\/{rel}","templated":true}]}}