{"id":29679,"date":"2025-06-24T14:19:47","date_gmt":"2025-06-24T19:19:47","guid":{"rendered":"https:\/\/uees.edu.ec\/?p=29679"},"modified":"2025-06-24T14:20:59","modified_gmt":"2025-06-24T19:20:59","slug":"superintendencia-y-uees-conmemoran-cinco-anos-de-las-s-a-s-mas-de-75-mil-empresas-nuevas-en-ecuador","status":"publish","type":"post","link":"https:\/\/uees.edu.ec\/en\/superintendencia-y-uees-conmemoran-cinco-anos-de-las-s-a-s-mas-de-75-mil-empresas-nuevas-en-ecuador\/","title":{"rendered":"Superintendency and UEES commemorate five years of S.A.S.: more than 75 thousand new companies in Ecuador"},"content":{"rendered":"<p>Con motivo del quinto aniversario de la implementaci\u00f3n de las Sociedades por Acciones Simplificadas (S.A.S.) en el Ecuador, la Superintendencia de Compa\u00f1\u00edas, Valores y Seguros en coordinaci\u00f3n con la Universidad Esp\u00edritu Santo (UEES) llevaron a cabo un encuentro con representantes del sector empresarial y gremios productivos.<\/p>\n<p><img loading=\"lazy\" decoding=\"async\" class=\"alignnone size-large wp-image-29680\" src=\"https:\/\/uees.edu.ec\/wp-content\/uploads\/2025\/06\/DSC05117-1024x683.jpg\" alt=\"\" width=\"1024\" height=\"683\" srcset=\"https:\/\/uees.edu.ec\/wp-content\/uploads\/2025\/06\/DSC05117-1024x683.jpg 1024w, https:\/\/uees.edu.ec\/wp-content\/uploads\/2025\/06\/DSC05117-300x200.jpg 300w, https:\/\/uees.edu.ec\/wp-content\/uploads\/2025\/06\/DSC05117-768x512.jpg 768w, https:\/\/uees.edu.ec\/wp-content\/uploads\/2025\/06\/DSC05117-1536x1024.jpg 1536w, https:\/\/uees.edu.ec\/wp-content\/uploads\/2025\/06\/DSC05117-2048x1365.jpg 2048w, https:\/\/uees.edu.ec\/wp-content\/uploads\/2025\/06\/DSC05117-1500x1000.jpg 1500w\" sizes=\"auto, (max-width: 1024px) 100vw, 1024px\" \/><\/p>\n<p>Durante el evento, <strong>Luis Cabezas-Klaere, superintendente de Compa\u00f1\u00edas, Valores y Seguros,<\/strong> resalt\u00f3 el impacto positivo que ha tenido esta figura jur\u00eddica en el ecosistema empresarial del pa\u00eds; tal es as\u00ed que a la fecha se han constituido 75.576 en el pa\u00eds.<\/p>\n<p>En su intervenci\u00f3n, el superintendente destac\u00f3 que el notable crecimiento de las S.A.S. en tan solo cinco a\u00f1os demuestra los beneficios de eliminar las barreras tradicionales para la constituci\u00f3n de empresas. \u201cSin esta figura probablemente no tendr\u00edamos <strong>m\u00e1s de 75 mil compa\u00f1\u00edas nuevas en el pa\u00eds<\/strong>\u201d, subray\u00f3, al tiempo que record\u00f3 que las sociedades fueron concebidas para dinamizar la econom\u00eda y generar oportunidades, no para ser utilizadas con fines il\u00edcitos.<\/p>\n<p><img loading=\"lazy\" decoding=\"async\" class=\"alignnone size-large wp-image-29681\" src=\"https:\/\/uees.edu.ec\/wp-content\/uploads\/2025\/06\/DSC05177-1024x683.jpg\" alt=\"\" width=\"1024\" height=\"683\" srcset=\"https:\/\/uees.edu.ec\/wp-content\/uploads\/2025\/06\/DSC05177-1024x683.jpg 1024w, https:\/\/uees.edu.ec\/wp-content\/uploads\/2025\/06\/DSC05177-300x200.jpg 300w, https:\/\/uees.edu.ec\/wp-content\/uploads\/2025\/06\/DSC05177-768x512.jpg 768w, https:\/\/uees.edu.ec\/wp-content\/uploads\/2025\/06\/DSC05177-1536x1024.jpg 1536w, https:\/\/uees.edu.ec\/wp-content\/uploads\/2025\/06\/DSC05177-2048x1365.jpg 2048w, https:\/\/uees.edu.ec\/wp-content\/uploads\/2025\/06\/DSC05177-1500x1000.jpg 1500w\" sizes=\"auto, (max-width: 1024px) 100vw, 1024px\" \/><\/p>\n<p>Adicionalmente, se llev\u00f3 a cabo un conversatorio titulado <strong>\u201cLa mediaci\u00f3n como v\u00eda de soluci\u00f3n de conflictos societarios\u201d<\/strong>, con la participaci\u00f3n de H\u00e9ctor Y\u00e9pez, director del Centro de Arbitraje y Mediaci\u00f3n de la UEES; Santiago Vel\u00e1zquez, decano de la Facultad de Derecho de la UEES; y Luis Cabezas-Klaere, superintendente de Compa\u00f1\u00edas, Valores y Seguros.<\/p>\n<p><img loading=\"lazy\" decoding=\"async\" class=\"alignnone size-large wp-image-29682\" src=\"https:\/\/uees.edu.ec\/wp-content\/uploads\/2025\/06\/DSC05191-1024x683.jpg\" alt=\"\" width=\"1024\" height=\"683\" srcset=\"https:\/\/uees.edu.ec\/wp-content\/uploads\/2025\/06\/DSC05191-1024x683.jpg 1024w, https:\/\/uees.edu.ec\/wp-content\/uploads\/2025\/06\/DSC05191-300x200.jpg 300w, https:\/\/uees.edu.ec\/wp-content\/uploads\/2025\/06\/DSC05191-768x512.jpg 768w, https:\/\/uees.edu.ec\/wp-content\/uploads\/2025\/06\/DSC05191-1536x1024.jpg 1536w, https:\/\/uees.edu.ec\/wp-content\/uploads\/2025\/06\/DSC05191-2048x1365.jpg 2048w, https:\/\/uees.edu.ec\/wp-content\/uploads\/2025\/06\/DSC05191-1500x1000.jpg 1500w\" sizes=\"auto, (max-width: 1024px) 100vw, 1024px\" \/><\/p>\n<p>\u201cLo que hay que hacer es incentivar estas figuras para que formalizarse sea r\u00e1pido, pueda haber controles por parte del estado como debe ser, se pueda cobrar impuestos y se cree empleo\u201d, manifest\u00f3 Y\u00e9pez.<\/p>\n<p>Al abrir espacios de di\u00e1logo con actores clave del sector p\u00fablico y privado, la UEES reafirma su rol como puente entre la academia y el entorno empresarial, impulsando iniciativas que fortalecen el tejido econ\u00f3mico del Ecuador.<\/p>","protected":false},"excerpt":{"rendered":"<p>Con motivo del quinto aniversario de la implementaci\u00f3n de las Sociedades por Acciones Simplificadas (S.A.S.) en el Ecuador, la Superintendencia de Compa\u00f1\u00edas, Valores y Seguros en coordinaci\u00f3n con la Universidad Esp\u00edritu Santo (UEES) llevaron a cabo un encuentro con representantes del sector empresarial y gremios productivos. Durante el evento, Luis Cabezas-Klaere, superintendente de Compa\u00f1\u00edas, Valores [&hellip;]<\/p>\n","protected":false},"author":10000093,"featured_media":29682,"comment_status":"open","ping_status":"open","sticky":false,"template":"","format":"standard","meta":{"_acf_changed":false,"footnotes":""},"categories":[513,607,394,779,75],"tags":[814,813],"class_list":["post-29679","post","type-post","status-publish","format-standard","has-post-thumbnail","hentry","category-cam","category-cesde","category-derecho","category-escuela-de-gobierno-uees","category-noticias","tag-sas","tag-superintendencia-de-companias"],"acf":[],"yoast_head":"<!-- This site is optimized with the Yoast SEO Premium plugin v27.4 (Yoast SEO v27.4) - https:\/\/yoast.com\/product\/yoast-seo-premium-wordpress\/ -->\n<title>Superintendencia y UEES conmemoran cinco a\u00f1os de las S.A.S.: m\u00e1s de 75 mil empresas nuevas en Ecuador - UEES - Universidad Esp\u00edritu Santo<\/title>\n<meta name=\"robots\" content=\"index, follow, max-snippet:-1, max-image-preview:large, max-video-preview:-1\" \/>\n<link rel=\"canonical\" href=\"https:\/\/uees.edu.ec\/en\/superintendencia-y-uees-conmemoran-cinco-anos-de-las-s-a-s-mas-de-75-mil-empresas-nuevas-en-ecuador\/\" \/>\n<meta property=\"og:locale\" content=\"en_US\" \/>\n<meta property=\"og:type\" content=\"article\" \/>\n<meta property=\"og:title\" content=\"Superintendencia y UEES conmemoran cinco a\u00f1os de las S.A.S.: m\u00e1s de 75 mil empresas nuevas en Ecuador\" \/>\n<meta property=\"og:description\" content=\"Con motivo del quinto aniversario de la implementaci\u00f3n de las Sociedades por Acciones Simplificadas (S.A.S.) en el Ecuador, la Superintendencia de Compa\u00f1\u00edas, Valores y Seguros en coordinaci\u00f3n con la Universidad Esp\u00edritu Santo (UEES) llevaron a cabo un encuentro con representantes del sector empresarial y gremios productivos. Durante el evento, Luis Cabezas-Klaere, superintendente de Compa\u00f1\u00edas, Valores [&hellip;]\" \/>\n<meta property=\"og:url\" content=\"https:\/\/uees.edu.ec\/en\/superintendencia-y-uees-conmemoran-cinco-anos-de-las-s-a-s-mas-de-75-mil-empresas-nuevas-en-ecuador\/\" \/>\n<meta property=\"og:site_name\" content=\"UEES - Universidad Esp\u00edritu Santo\" \/>\n<meta property=\"article:publisher\" content=\"https:\/\/www.facebook.com\/universidadespiritusanto\" \/>\n<meta property=\"article:published_time\" content=\"2025-06-24T19:19:47+00:00\" \/>\n<meta property=\"article:modified_time\" content=\"2025-06-24T19:20:59+00:00\" \/>\n<meta property=\"og:image\" content=\"https:\/\/uees.edu.ec\/wp-content\/uploads\/2025\/06\/DSC05191-scaled.jpg\" \/>\n\t<meta property=\"og:image:width\" content=\"2560\" \/>\n\t<meta property=\"og:image:height\" content=\"1707\" \/>\n\t<meta property=\"og:image:type\" content=\"image\/jpeg\" \/>\n<meta name=\"author\" content=\"Elisa NIeto\" \/>\n<meta name=\"twitter:card\" content=\"summary_large_image\" \/>\n<meta name=\"twitter:creator\" content=\"@uees_ec\" \/>\n<meta name=\"twitter:site\" content=\"@uees_ec\" \/>\n<meta name=\"twitter:label1\" content=\"Written by\" \/>\n\t<meta name=\"twitter:data1\" content=\"Elisa NIeto\" \/>\n\t<meta name=\"twitter:label2\" content=\"Est. reading time\" \/>\n\t<meta name=\"twitter:data2\" content=\"3 minutes\" \/>\n<script type=\"application\/ld+json\" class=\"yoast-schema-graph\">{\"@context\":\"https:\\\/\\\/schema.org\",\"@graph\":[{\"@type\":[\"Article\",\"BlogPosting\"],\"@id\":\"https:\\\/\\\/uees.edu.ec\\\/superintendencia-y-uees-conmemoran-cinco-anos-de-las-s-a-s-mas-de-75-mil-empresas-nuevas-en-ecuador\\\/#article\",\"isPartOf\":{\"@id\":\"https:\\\/\\\/uees.edu.ec\\\/superintendencia-y-uees-conmemoran-cinco-anos-de-las-s-a-s-mas-de-75-mil-empresas-nuevas-en-ecuador\\\/\"},\"author\":{\"name\":\"Elisa NIeto\",\"@id\":\"https:\\\/\\\/uees.edu.ec\\\/#\\\/schema\\\/person\\\/d63ccd280ffea0cfa500ff8e223df681\"},\"headline\":\"Superintendencia y UEES conmemoran cinco a\u00f1os de las S.A.S.: m\u00e1s de 75 mil empresas nuevas en Ecuador\",\"datePublished\":\"2025-06-24T19:19:47+00:00\",\"dateModified\":\"2025-06-24T19:20:59+00:00\",\"mainEntityOfPage\":{\"@id\":\"https:\\\/\\\/uees.edu.ec\\\/superintendencia-y-uees-conmemoran-cinco-anos-de-las-s-a-s-mas-de-75-mil-empresas-nuevas-en-ecuador\\\/\"},\"wordCount\":333,\"commentCount\":0,\"publisher\":{\"@id\":\"https:\\\/\\\/uees.edu.ec\\\/#organization\"},\"image\":{\"@id\":\"https:\\\/\\\/uees.edu.ec\\\/superintendencia-y-uees-conmemoran-cinco-anos-de-las-s-a-s-mas-de-75-mil-empresas-nuevas-en-ecuador\\\/#primaryimage\"},\"thumbnailUrl\":\"https:\\\/\\\/uees.edu.ec\\\/wp-content\\\/uploads\\\/2025\\\/06\\\/DSC05191-scaled.jpg\",\"keywords\":[\"SAS\",\"superintendencia de compa\u00f1\u00edas\"],\"articleSection\":[\"CAMUEES\",\"CESDE\",\"Derecho\",\"Escuela de Gobierno UEES\",\"Noticias\"],\"inLanguage\":\"en-US\",\"potentialAction\":[{\"@type\":\"CommentAction\",\"name\":\"Comment\",\"target\":[\"https:\\\/\\\/uees.edu.ec\\\/superintendencia-y-uees-conmemoran-cinco-anos-de-las-s-a-s-mas-de-75-mil-empresas-nuevas-en-ecuador\\\/#respond\"]}]},{\"@type\":\"WebPage\",\"@id\":\"https:\\\/\\\/uees.edu.ec\\\/superintendencia-y-uees-conmemoran-cinco-anos-de-las-s-a-s-mas-de-75-mil-empresas-nuevas-en-ecuador\\\/\",\"url\":\"https:\\\/\\\/uees.edu.ec\\\/superintendencia-y-uees-conmemoran-cinco-anos-de-las-s-a-s-mas-de-75-mil-empresas-nuevas-en-ecuador\\\/\",\"name\":\"Superintendencia y UEES conmemoran cinco a\u00f1os de las S.A.S.: m\u00e1s de 75 mil empresas nuevas en Ecuador - UEES - Universidad Esp\u00edritu Santo\",\"isPartOf\":{\"@id\":\"https:\\\/\\\/uees.edu.ec\\\/#website\"},\"primaryImageOfPage\":{\"@id\":\"https:\\\/\\\/uees.edu.ec\\\/superintendencia-y-uees-conmemoran-cinco-anos-de-las-s-a-s-mas-de-75-mil-empresas-nuevas-en-ecuador\\\/#primaryimage\"},\"image\":{\"@id\":\"https:\\\/\\\/uees.edu.ec\\\/superintendencia-y-uees-conmemoran-cinco-anos-de-las-s-a-s-mas-de-75-mil-empresas-nuevas-en-ecuador\\\/#primaryimage\"},\"thumbnailUrl\":\"https:\\\/\\\/uees.edu.ec\\\/wp-content\\\/uploads\\\/2025\\\/06\\\/DSC05191-scaled.jpg\",\"datePublished\":\"2025-06-24T19:19:47+00:00\",\"dateModified\":\"2025-06-24T19:20:59+00:00\",\"breadcrumb\":{\"@id\":\"https:\\\/\\\/uees.edu.ec\\\/superintendencia-y-uees-conmemoran-cinco-anos-de-las-s-a-s-mas-de-75-mil-empresas-nuevas-en-ecuador\\\/#breadcrumb\"},\"inLanguage\":\"en-US\",\"potentialAction\":[{\"@type\":\"ReadAction\",\"target\":[\"https:\\\/\\\/uees.edu.ec\\\/superintendencia-y-uees-conmemoran-cinco-anos-de-las-s-a-s-mas-de-75-mil-empresas-nuevas-en-ecuador\\\/\"]}]},{\"@type\":\"ImageObject\",\"inLanguage\":\"en-US\",\"@id\":\"https:\\\/\\\/uees.edu.ec\\\/superintendencia-y-uees-conmemoran-cinco-anos-de-las-s-a-s-mas-de-75-mil-empresas-nuevas-en-ecuador\\\/#primaryimage\",\"url\":\"https:\\\/\\\/uees.edu.ec\\\/wp-content\\\/uploads\\\/2025\\\/06\\\/DSC05191-scaled.jpg\",\"contentUrl\":\"https:\\\/\\\/uees.edu.ec\\\/wp-content\\\/uploads\\\/2025\\\/06\\\/DSC05191-scaled.jpg\",\"width\":2560,\"height\":1707},{\"@type\":\"BreadcrumbList\",\"@id\":\"https:\\\/\\\/uees.edu.ec\\\/superintendencia-y-uees-conmemoran-cinco-anos-de-las-s-a-s-mas-de-75-mil-empresas-nuevas-en-ecuador\\\/#breadcrumb\",\"itemListElement\":[{\"@type\":\"ListItem\",\"position\":1,\"name\":\"Home\",\"item\":\"https:\\\/\\\/uees.edu.ec\\\/\"},{\"@type\":\"ListItem\",\"position\":2,\"name\":\"Superintendencia y UEES conmemoran cinco a\u00f1os de las S.A.S.: m\u00e1s de 75 mil empresas nuevas en Ecuador\"}]},{\"@type\":\"WebSite\",\"@id\":\"https:\\\/\\\/uees.edu.ec\\\/#website\",\"url\":\"https:\\\/\\\/uees.edu.ec\\\/\",\"name\":\"Universidad Esp\u00edritu Santo - UEES\",\"description\":\"En constante innovaci\u00f3n\",\"publisher\":{\"@id\":\"https:\\\/\\\/uees.edu.ec\\\/#organization\"},\"alternateName\":\"Universidad Esp\u00edritu Santo - UEES\",\"potentialAction\":[{\"@type\":\"SearchAction\",\"target\":{\"@type\":\"EntryPoint\",\"urlTemplate\":\"https:\\\/\\\/uees.edu.ec\\\/?s={search_term_string}\"},\"query-input\":{\"@type\":\"PropertyValueSpecification\",\"valueRequired\":true,\"valueName\":\"search_term_string\"}}],\"inLanguage\":\"en-US\"},{\"@type\":\"Organization\",\"@id\":\"https:\\\/\\\/uees.edu.ec\\\/#organization\",\"name\":\"Universidad Esp\u00edritu Santo - UEES\",\"alternateName\":\"La mejor universidad en Ecuador\",\"url\":\"https:\\\/\\\/uees.edu.ec\\\/\",\"logo\":{\"@type\":\"ImageObject\",\"inLanguage\":\"en-US\",\"@id\":\"https:\\\/\\\/uees.edu.ec\\\/#\\\/schema\\\/logo\\\/image\\\/\",\"url\":\"https:\\\/\\\/uees.edu.ec\\\/wp-content\\\/uploads\\\/2021\\\/03\\\/Logo-UEES.png\",\"contentUrl\":\"https:\\\/\\\/uees.edu.ec\\\/wp-content\\\/uploads\\\/2021\\\/03\\\/Logo-UEES.png\",\"width\":221,\"height\":86,\"caption\":\"Universidad Esp\u00edritu Santo - UEES\"},\"image\":{\"@id\":\"https:\\\/\\\/uees.edu.ec\\\/#\\\/schema\\\/logo\\\/image\\\/\"},\"sameAs\":[\"https:\\\/\\\/www.facebook.com\\\/universidadespiritusanto\",\"https:\\\/\\\/x.com\\\/uees_ec\",\"https:\\\/\\\/www.instagram.com\\\/uees_ec\\\/\",\"https:\\\/\\\/www.linkedin.com\\\/school\\\/esp-ritu-santo\",\"https:\\\/\\\/www.youtube.com\\\/user\\\/UEES2009\",\"https:\\\/\\\/es.wikipedia.org\\\/wiki\\\/Universidad_de_Especialidades_Esp\u00edritu_Santo\"]},{\"@type\":\"Person\",\"@id\":\"https:\\\/\\\/uees.edu.ec\\\/#\\\/schema\\\/person\\\/d63ccd280ffea0cfa500ff8e223df681\",\"name\":\"Elisa NIeto\",\"image\":{\"@type\":\"ImageObject\",\"inLanguage\":\"en-US\",\"@id\":\"https:\\\/\\\/secure.gravatar.com\\\/avatar\\\/605564af463a7fd0c423bca29297cbceebac05a022669b655b2f2dcd2c6bf03e?s=96&d=mm&r=g\",\"url\":\"https:\\\/\\\/secure.gravatar.com\\\/avatar\\\/605564af463a7fd0c423bca29297cbceebac05a022669b655b2f2dcd2c6bf03e?s=96&d=mm&r=g\",\"contentUrl\":\"https:\\\/\\\/secure.gravatar.com\\\/avatar\\\/605564af463a7fd0c423bca29297cbceebac05a022669b655b2f2dcd2c6bf03e?s=96&d=mm&r=g\",\"caption\":\"Elisa NIeto\"},\"url\":\"https:\\\/\\\/uees.edu.ec\\\/en\\\/author\\\/elisa-nieto\\\/\"}]}<\/script>\n<!-- \/ Yoast SEO Premium plugin. -->","yoast_head_json":{"title":"Superintendencia y UEES conmemoran cinco a\u00f1os de las S.A.S.: m\u00e1s de 75 mil empresas nuevas en Ecuador - UEES - Universidad Esp\u00edritu Santo","robots":{"index":"index","follow":"follow","max-snippet":"max-snippet:-1","max-image-preview":"max-image-preview:large","max-video-preview":"max-video-preview:-1"},"canonical":"https:\/\/uees.edu.ec\/en\/superintendencia-y-uees-conmemoran-cinco-anos-de-las-s-a-s-mas-de-75-mil-empresas-nuevas-en-ecuador\/","og_locale":"en_US","og_type":"article","og_title":"Superintendencia y UEES conmemoran cinco a\u00f1os de las S.A.S.: m\u00e1s de 75 mil empresas nuevas en Ecuador","og_description":"Con motivo del quinto aniversario de la implementaci\u00f3n de las Sociedades por Acciones Simplificadas (S.A.S.) en el Ecuador, la Superintendencia de Compa\u00f1\u00edas, Valores y Seguros en coordinaci\u00f3n con la Universidad Esp\u00edritu Santo (UEES) llevaron a cabo un encuentro con representantes del sector empresarial y gremios productivos. Durante el evento, Luis Cabezas-Klaere, superintendente de Compa\u00f1\u00edas, Valores [&hellip;]","og_url":"https:\/\/uees.edu.ec\/en\/superintendencia-y-uees-conmemoran-cinco-anos-de-las-s-a-s-mas-de-75-mil-empresas-nuevas-en-ecuador\/","og_site_name":"UEES - Universidad Esp\u00edritu Santo","article_publisher":"https:\/\/www.facebook.com\/universidadespiritusanto","article_published_time":"2025-06-24T19:19:47+00:00","article_modified_time":"2025-06-24T19:20:59+00:00","og_image":[{"width":2560,"height":1707,"url":"https:\/\/uees.edu.ec\/wp-content\/uploads\/2025\/06\/DSC05191-scaled.jpg","type":"image\/jpeg"}],"author":"Elisa NIeto","twitter_card":"summary_large_image","twitter_creator":"@uees_ec","twitter_site":"@uees_ec","twitter_misc":{"Written by":"Elisa NIeto","Est. reading time":"3 minutes"},"schema":{"@context":"https:\/\/schema.org","@graph":[{"@type":["Article","BlogPosting"],"@id":"https:\/\/uees.edu.ec\/superintendencia-y-uees-conmemoran-cinco-anos-de-las-s-a-s-mas-de-75-mil-empresas-nuevas-en-ecuador\/#article","isPartOf":{"@id":"https:\/\/uees.edu.ec\/superintendencia-y-uees-conmemoran-cinco-anos-de-las-s-a-s-mas-de-75-mil-empresas-nuevas-en-ecuador\/"},"author":{"name":"Elisa NIeto","@id":"https:\/\/uees.edu.ec\/#\/schema\/person\/d63ccd280ffea0cfa500ff8e223df681"},"headline":"Superintendencia y UEES conmemoran cinco a\u00f1os de las S.A.S.: m\u00e1s de 75 mil empresas nuevas en Ecuador","datePublished":"2025-06-24T19:19:47+00:00","dateModified":"2025-06-24T19:20:59+00:00","mainEntityOfPage":{"@id":"https:\/\/uees.edu.ec\/superintendencia-y-uees-conmemoran-cinco-anos-de-las-s-a-s-mas-de-75-mil-empresas-nuevas-en-ecuador\/"},"wordCount":333,"commentCount":0,"publisher":{"@id":"https:\/\/uees.edu.ec\/#organization"},"image":{"@id":"https:\/\/uees.edu.ec\/superintendencia-y-uees-conmemoran-cinco-anos-de-las-s-a-s-mas-de-75-mil-empresas-nuevas-en-ecuador\/#primaryimage"},"thumbnailUrl":"https:\/\/uees.edu.ec\/wp-content\/uploads\/2025\/06\/DSC05191-scaled.jpg","keywords":["SAS","superintendencia de compa\u00f1\u00edas"],"articleSection":["CAMUEES","CESDE","Derecho","Escuela de Gobierno UEES","Noticias"],"inLanguage":"en-US","potentialAction":[{"@type":"CommentAction","name":"Comment","target":["https:\/\/uees.edu.ec\/superintendencia-y-uees-conmemoran-cinco-anos-de-las-s-a-s-mas-de-75-mil-empresas-nuevas-en-ecuador\/#respond"]}]},{"@type":"WebPage","@id":"https:\/\/uees.edu.ec\/superintendencia-y-uees-conmemoran-cinco-anos-de-las-s-a-s-mas-de-75-mil-empresas-nuevas-en-ecuador\/","url":"https:\/\/uees.edu.ec\/superintendencia-y-uees-conmemoran-cinco-anos-de-las-s-a-s-mas-de-75-mil-empresas-nuevas-en-ecuador\/","name":"Superintendencia y UEES conmemoran cinco a\u00f1os de las S.A.S.: m\u00e1s de 75 mil empresas nuevas en Ecuador - UEES - Universidad Esp\u00edritu Santo","isPartOf":{"@id":"https:\/\/uees.edu.ec\/#website"},"primaryImageOfPage":{"@id":"https:\/\/uees.edu.ec\/superintendencia-y-uees-conmemoran-cinco-anos-de-las-s-a-s-mas-de-75-mil-empresas-nuevas-en-ecuador\/#primaryimage"},"image":{"@id":"https:\/\/uees.edu.ec\/superintendencia-y-uees-conmemoran-cinco-anos-de-las-s-a-s-mas-de-75-mil-empresas-nuevas-en-ecuador\/#primaryimage"},"thumbnailUrl":"https:\/\/uees.edu.ec\/wp-content\/uploads\/2025\/06\/DSC05191-scaled.jpg","datePublished":"2025-06-24T19:19:47+00:00","dateModified":"2025-06-24T19:20:59+00:00","breadcrumb":{"@id":"https:\/\/uees.edu.ec\/superintendencia-y-uees-conmemoran-cinco-anos-de-las-s-a-s-mas-de-75-mil-empresas-nuevas-en-ecuador\/#breadcrumb"},"inLanguage":"en-US","potentialAction":[{"@type":"ReadAction","target":["https:\/\/uees.edu.ec\/superintendencia-y-uees-conmemoran-cinco-anos-de-las-s-a-s-mas-de-75-mil-empresas-nuevas-en-ecuador\/"]}]},{"@type":"ImageObject","inLanguage":"en-US","@id":"https:\/\/uees.edu.ec\/superintendencia-y-uees-conmemoran-cinco-anos-de-las-s-a-s-mas-de-75-mil-empresas-nuevas-en-ecuador\/#primaryimage","url":"https:\/\/uees.edu.ec\/wp-content\/uploads\/2025\/06\/DSC05191-scaled.jpg","contentUrl":"https:\/\/uees.edu.ec\/wp-content\/uploads\/2025\/06\/DSC05191-scaled.jpg","width":2560,"height":1707},{"@type":"BreadcrumbList","@id":"https:\/\/uees.edu.ec\/superintendencia-y-uees-conmemoran-cinco-anos-de-las-s-a-s-mas-de-75-mil-empresas-nuevas-en-ecuador\/#breadcrumb","itemListElement":[{"@type":"ListItem","position":1,"name":"Home","item":"https:\/\/uees.edu.ec\/"},{"@type":"ListItem","position":2,"name":"Superintendencia y UEES conmemoran cinco a\u00f1os de las S.A.S.: m\u00e1s de 75 mil empresas nuevas en Ecuador"}]},{"@type":"WebSite","@id":"https:\/\/uees.edu.ec\/#website","url":"https:\/\/uees.edu.ec\/","name":"Espiritu Santo University - UEES","description":"In constant innovation","publisher":{"@id":"https:\/\/uees.edu.ec\/#organization"},"alternateName":"Universidad Esp\u00edritu Santo - UEES","potentialAction":[{"@type":"SearchAction","target":{"@type":"EntryPoint","urlTemplate":"https:\/\/uees.edu.ec\/?s={search_term_string}"},"query-input":{"@type":"PropertyValueSpecification","valueRequired":true,"valueName":"search_term_string"}}],"inLanguage":"en-US"},{"@type":"Organization","@id":"https:\/\/uees.edu.ec\/#organization","name":"Espiritu Santo University - UEES","alternateName":"La mejor universidad en Ecuador","url":"https:\/\/uees.edu.ec\/","logo":{"@type":"ImageObject","inLanguage":"en-US","@id":"https:\/\/uees.edu.ec\/#\/schema\/logo\/image\/","url":"https:\/\/uees.edu.ec\/wp-content\/uploads\/2021\/03\/Logo-UEES.png","contentUrl":"https:\/\/uees.edu.ec\/wp-content\/uploads\/2021\/03\/Logo-UEES.png","width":221,"height":86,"caption":"Universidad Esp\u00edritu Santo - UEES"},"image":{"@id":"https:\/\/uees.edu.ec\/#\/schema\/logo\/image\/"},"sameAs":["https:\/\/www.facebook.com\/universidadespiritusanto","https:\/\/x.com\/uees_ec","https:\/\/www.instagram.com\/uees_ec\/","https:\/\/www.linkedin.com\/school\/esp-ritu-santo","https:\/\/www.youtube.com\/user\/UEES2009","https:\/\/es.wikipedia.org\/wiki\/Universidad_de_Especialidades_Esp\u00edritu_Santo"]},{"@type":"Person","@id":"https:\/\/uees.edu.ec\/#\/schema\/person\/d63ccd280ffea0cfa500ff8e223df681","name":"Elisa NIeto","image":{"@type":"ImageObject","inLanguage":"en-US","@id":"https:\/\/secure.gravatar.com\/avatar\/605564af463a7fd0c423bca29297cbceebac05a022669b655b2f2dcd2c6bf03e?s=96&d=mm&r=g","url":"https:\/\/secure.gravatar.com\/avatar\/605564af463a7fd0c423bca29297cbceebac05a022669b655b2f2dcd2c6bf03e?s=96&d=mm&r=g","contentUrl":"https:\/\/secure.gravatar.com\/avatar\/605564af463a7fd0c423bca29297cbceebac05a022669b655b2f2dcd2c6bf03e?s=96&d=mm&r=g","caption":"Elisa NIeto"},"url":"https:\/\/uees.edu.ec\/en\/author\/elisa-nieto\/"}]}},"_links":{"self":[{"href":"https:\/\/uees.edu.ec\/en\/wp-json\/wp\/v2\/posts\/29679","targetHints":{"allow":["GET"]}}],"collection":[{"href":"https:\/\/uees.edu.ec\/en\/wp-json\/wp\/v2\/posts"}],"about":[{"href":"https:\/\/uees.edu.ec\/en\/wp-json\/wp\/v2\/types\/post"}],"author":[{"embeddable":true,"href":"https:\/\/uees.edu.ec\/en\/wp-json\/wp\/v2\/users\/10000093"}],"replies":[{"embeddable":true,"href":"https:\/\/uees.edu.ec\/en\/wp-json\/wp\/v2\/comments?post=29679"}],"version-history":[{"count":3,"href":"https:\/\/uees.edu.ec\/en\/wp-json\/wp\/v2\/posts\/29679\/revisions"}],"predecessor-version":[{"id":29686,"href":"https:\/\/uees.edu.ec\/en\/wp-json\/wp\/v2\/posts\/29679\/revisions\/29686"}],"wp:featuredmedia":[{"embeddable":true,"href":"https:\/\/uees.edu.ec\/en\/wp-json\/wp\/v2\/media\/29682"}],"wp:attachment":[{"href":"https:\/\/uees.edu.ec\/en\/wp-json\/wp\/v2\/media?parent=29679"}],"wp:term":[{"taxonomy":"category","embeddable":true,"href":"https:\/\/uees.edu.ec\/en\/wp-json\/wp\/v2\/categories?post=29679"},{"taxonomy":"post_tag","embeddable":true,"href":"https:\/\/uees.edu.ec\/en\/wp-json\/wp\/v2\/tags?post=29679"}],"curies":[{"name":"wp","href":"https:\/\/api.w.org\/{rel}","templated":true}]}}