{"id":29464,"date":"2025-06-03T15:08:09","date_gmt":"2025-06-03T20:08:09","guid":{"rendered":"https:\/\/uees.edu.ec\/?p=29464"},"modified":"2025-06-03T16:41:44","modified_gmt":"2025-06-03T21:41:44","slug":"feria-laboral-uees-2025-impulsa-el-desarrollo-profesional-de-los-estudiantes","status":"publish","type":"post","link":"https:\/\/uees.edu.ec\/en\/feria-laboral-uees-2025-impulsa-el-desarrollo-profesional-de-los-estudiantes\/","title":{"rendered":"UEES 2025 Job Fair boosts students' professional development"},"content":{"rendered":"<p><img loading=\"lazy\" decoding=\"async\" class=\"alignnone size-large wp-image-29465\" src=\"https:\/\/uees.edu.ec\/wp-content\/uploads\/2025\/06\/DSC03497-1024x683.jpg\" alt=\"\" width=\"1024\" height=\"683\" srcset=\"https:\/\/uees.edu.ec\/wp-content\/uploads\/2025\/06\/DSC03497-1024x683.jpg 1024w, https:\/\/uees.edu.ec\/wp-content\/uploads\/2025\/06\/DSC03497-300x200.jpg 300w, https:\/\/uees.edu.ec\/wp-content\/uploads\/2025\/06\/DSC03497-768x512.jpg 768w, https:\/\/uees.edu.ec\/wp-content\/uploads\/2025\/06\/DSC03497-1536x1024.jpg 1536w, https:\/\/uees.edu.ec\/wp-content\/uploads\/2025\/06\/DSC03497-2048x1365.jpg 2048w, https:\/\/uees.edu.ec\/wp-content\/uploads\/2025\/06\/DSC03497-1500x1000.jpg 1500w\" sizes=\"auto, (max-width: 1024px) 100vw, 1024px\" \/><\/p>\n<p>The <strong>UEES 2025 Job Fair<\/strong> was carried out this <strong>Monday, June 2nd<\/strong> at the university's Convention Center, where students had the opportunity to meet and connect with more than 40 recognized companies, thus beginning their professional future. This space offered a variety of opportunities, from<strong> internships and professional practices to job offers.<\/strong><\/p>\n<p>The following companies participated in the booths <strong>Cervecer\u00eda Nacional, Banco Guayaquil, Holcim, AJE, Tesalia, Grupo Vilaseca<\/strong>, Among others, their representatives shared with the students information about their organizations and the vacancies available. Some of these companies have internship programs that were of great interest to students looking to take their first steps in the labor market.<\/p>\n<p>In addition, the fair featured the official launching of the <strong>\u201cUEES Jobs\u00bb<\/strong>, a <strong>employability platform<\/strong> available exclusively to members of the UEES community. Eliana Molina, Academic Vice Chancellor, and Francisco Alem\u00e1n, Dean of Student and Professional Management, presented the platform to the community with a brief introduction about its operation and benefits. In this space, registered companies will publish their available vacancies to connect with talent from the university community.<\/p>\n<p><img loading=\"lazy\" decoding=\"async\" class=\"alignnone size-large wp-image-29466\" src=\"https:\/\/uees.edu.ec\/wp-content\/uploads\/2025\/06\/DSC03390-1024x683.jpg\" alt=\"\" width=\"1024\" height=\"683\" srcset=\"https:\/\/uees.edu.ec\/wp-content\/uploads\/2025\/06\/DSC03390-1024x683.jpg 1024w, https:\/\/uees.edu.ec\/wp-content\/uploads\/2025\/06\/DSC03390-300x200.jpg 300w, https:\/\/uees.edu.ec\/wp-content\/uploads\/2025\/06\/DSC03390-768x512.jpg 768w, https:\/\/uees.edu.ec\/wp-content\/uploads\/2025\/06\/DSC03390-1536x1024.jpg 1536w, https:\/\/uees.edu.ec\/wp-content\/uploads\/2025\/06\/DSC03390-2048x1365.jpg 2048w, https:\/\/uees.edu.ec\/wp-content\/uploads\/2025\/06\/DSC03390-1500x1000.jpg 1500w\" sizes=\"auto, (max-width: 1024px) 100vw, 1024px\" \/><\/p>\n<blockquote><p>Francisco Alem\u00e1n emphasized: \u201cIt is a platform for you, so that the country's economic growth can be consolidated with your participation\u201d.<\/p><\/blockquote>\n<p>For Adriana Avell\u00e1n, UEES student, her first experience at the Job Fair was very positive as she found a great variety of companies with available vacancies and open to new profiles in her area of interest.<\/p>\n<blockquote><p>\u201cI find it very interesting. I am now applying for different jobs for more learning and experience, all thanks to UEES,\u201d he said.<\/p><\/blockquote>\n<p><img loading=\"lazy\" decoding=\"async\" class=\"alignnone size-large wp-image-29467\" src=\"https:\/\/uees.edu.ec\/wp-content\/uploads\/2025\/06\/DSC03553-1024x683.jpg\" alt=\"\" width=\"1024\" height=\"683\" srcset=\"https:\/\/uees.edu.ec\/wp-content\/uploads\/2025\/06\/DSC03553-1024x683.jpg 1024w, https:\/\/uees.edu.ec\/wp-content\/uploads\/2025\/06\/DSC03553-300x200.jpg 300w, https:\/\/uees.edu.ec\/wp-content\/uploads\/2025\/06\/DSC03553-768x512.jpg 768w, https:\/\/uees.edu.ec\/wp-content\/uploads\/2025\/06\/DSC03553-1536x1024.jpg 1536w, https:\/\/uees.edu.ec\/wp-content\/uploads\/2025\/06\/DSC03553-2048x1365.jpg 2048w, https:\/\/uees.edu.ec\/wp-content\/uploads\/2025\/06\/DSC03553-1500x1000.jpg 1500w\" sizes=\"auto, (max-width: 1024px) 100vw, 1024px\" \/><\/p>\n<p><strong>UEES 2025 Job Fair<\/strong> was very well received by UEES students and alumni who took advantage of the opportunity to present themselves to leading companies to highlight their profile and find unique opportunities for their professional career.<\/p>","protected":false},"excerpt":{"rendered":"<p>La Feria Laboral UEES 2025 se llev\u00f3 a cabo este lunes 2 de junio en el Centro de Convenciones de la universidad, donde los estudiantes tuvieron la oportunidad de conocer y conectar con m\u00e1s de 40 empresas reconocidas, dando as\u00ed inicio a su futuro profesional. Este espacio ofreci\u00f3 diversas oportunidades, desde pasant\u00edas y pr\u00e1cticas profesionales [&hellip;]<\/p>\n","protected":false},"author":10000093,"featured_media":29465,"comment_status":"open","ping_status":"open","sticky":false,"template":"","format":"standard","meta":{"_acf_changed":false,"footnotes":""},"categories":[75],"tags":[805,804],"class_list":["post-29464","post","type-post","status-publish","format-standard","has-post-thumbnail","hentry","category-noticias","tag-feria-laboral","tag-feria-laboral-uees-2025"],"acf":[],"yoast_head":"<!-- This site is optimized with the Yoast SEO Premium plugin v27.4 (Yoast SEO v27.4) - https:\/\/yoast.com\/product\/yoast-seo-premium-wordpress\/ -->\n<title>Feria Laboral UEES 2025 impulsa el desarrollo profesional de los estudiantes - UEES - Universidad Esp\u00edritu Santo<\/title>\n<meta name=\"robots\" content=\"index, follow, max-snippet:-1, max-image-preview:large, max-video-preview:-1\" \/>\n<link rel=\"canonical\" href=\"https:\/\/uees.edu.ec\/en\/feria-laboral-uees-2025-impulsa-el-desarrollo-profesional-de-los-estudiantes\/\" \/>\n<meta property=\"og:locale\" content=\"en_US\" \/>\n<meta property=\"og:type\" content=\"article\" \/>\n<meta property=\"og:title\" content=\"Feria Laboral UEES 2025 impulsa el desarrollo profesional de los estudiantes\" \/>\n<meta property=\"og:description\" content=\"La Feria Laboral UEES 2025 se llev\u00f3 a cabo este lunes 2 de junio en el Centro de Convenciones de la universidad, donde los estudiantes tuvieron la oportunidad de conocer y conectar con m\u00e1s de 40 empresas reconocidas, dando as\u00ed inicio a su futuro profesional. Este espacio ofreci\u00f3 diversas oportunidades, desde pasant\u00edas y pr\u00e1cticas profesionales [&hellip;]\" \/>\n<meta property=\"og:url\" content=\"https:\/\/uees.edu.ec\/en\/feria-laboral-uees-2025-impulsa-el-desarrollo-profesional-de-los-estudiantes\/\" \/>\n<meta property=\"og:site_name\" content=\"UEES - Universidad Esp\u00edritu Santo\" \/>\n<meta property=\"article:publisher\" content=\"https:\/\/www.facebook.com\/universidadespiritusanto\" \/>\n<meta property=\"article:published_time\" content=\"2025-06-03T20:08:09+00:00\" \/>\n<meta property=\"article:modified_time\" content=\"2025-06-03T21:41:44+00:00\" \/>\n<meta property=\"og:image\" content=\"https:\/\/uees.edu.ec\/wp-content\/uploads\/2025\/06\/DSC03497-scaled.jpg\" \/>\n\t<meta property=\"og:image:width\" content=\"2560\" \/>\n\t<meta property=\"og:image:height\" content=\"1707\" \/>\n\t<meta property=\"og:image:type\" content=\"image\/jpeg\" \/>\n<meta name=\"author\" content=\"Elisa NIeto\" \/>\n<meta name=\"twitter:card\" content=\"summary_large_image\" \/>\n<meta name=\"twitter:creator\" content=\"@uees_ec\" \/>\n<meta name=\"twitter:site\" content=\"@uees_ec\" \/>\n<meta name=\"twitter:label1\" content=\"Written by\" \/>\n\t<meta name=\"twitter:data1\" content=\"Elisa NIeto\" \/>\n\t<meta name=\"twitter:label2\" content=\"Est. reading time\" \/>\n\t<meta name=\"twitter:data2\" content=\"3 minutes\" \/>\n<script type=\"application\/ld+json\" class=\"yoast-schema-graph\">{\"@context\":\"https:\\\/\\\/schema.org\",\"@graph\":[{\"@type\":[\"Article\",\"BlogPosting\"],\"@id\":\"https:\\\/\\\/uees.edu.ec\\\/feria-laboral-uees-2025-impulsa-el-desarrollo-profesional-de-los-estudiantes\\\/#article\",\"isPartOf\":{\"@id\":\"https:\\\/\\\/uees.edu.ec\\\/feria-laboral-uees-2025-impulsa-el-desarrollo-profesional-de-los-estudiantes\\\/\"},\"author\":{\"name\":\"Elisa NIeto\",\"@id\":\"https:\\\/\\\/uees.edu.ec\\\/#\\\/schema\\\/person\\\/d63ccd280ffea0cfa500ff8e223df681\"},\"headline\":\"Feria Laboral UEES 2025 impulsa el desarrollo profesional de los estudiantes\",\"datePublished\":\"2025-06-03T20:08:09+00:00\",\"dateModified\":\"2025-06-03T21:41:44+00:00\",\"mainEntityOfPage\":{\"@id\":\"https:\\\/\\\/uees.edu.ec\\\/feria-laboral-uees-2025-impulsa-el-desarrollo-profesional-de-los-estudiantes\\\/\"},\"wordCount\":335,\"commentCount\":0,\"publisher\":{\"@id\":\"https:\\\/\\\/uees.edu.ec\\\/#organization\"},\"image\":{\"@id\":\"https:\\\/\\\/uees.edu.ec\\\/feria-laboral-uees-2025-impulsa-el-desarrollo-profesional-de-los-estudiantes\\\/#primaryimage\"},\"thumbnailUrl\":\"https:\\\/\\\/uees.edu.ec\\\/wp-content\\\/uploads\\\/2025\\\/06\\\/DSC03497-scaled.jpg\",\"keywords\":[\"feria laboral\",\"Feria Laboral UEES 2025\"],\"articleSection\":[\"Noticias\"],\"inLanguage\":\"en-US\",\"potentialAction\":[{\"@type\":\"CommentAction\",\"name\":\"Comment\",\"target\":[\"https:\\\/\\\/uees.edu.ec\\\/feria-laboral-uees-2025-impulsa-el-desarrollo-profesional-de-los-estudiantes\\\/#respond\"]}]},{\"@type\":\"WebPage\",\"@id\":\"https:\\\/\\\/uees.edu.ec\\\/feria-laboral-uees-2025-impulsa-el-desarrollo-profesional-de-los-estudiantes\\\/\",\"url\":\"https:\\\/\\\/uees.edu.ec\\\/feria-laboral-uees-2025-impulsa-el-desarrollo-profesional-de-los-estudiantes\\\/\",\"name\":\"Feria Laboral UEES 2025 impulsa el desarrollo profesional de los estudiantes - UEES - Universidad Esp\u00edritu Santo\",\"isPartOf\":{\"@id\":\"https:\\\/\\\/uees.edu.ec\\\/#website\"},\"primaryImageOfPage\":{\"@id\":\"https:\\\/\\\/uees.edu.ec\\\/feria-laboral-uees-2025-impulsa-el-desarrollo-profesional-de-los-estudiantes\\\/#primaryimage\"},\"image\":{\"@id\":\"https:\\\/\\\/uees.edu.ec\\\/feria-laboral-uees-2025-impulsa-el-desarrollo-profesional-de-los-estudiantes\\\/#primaryimage\"},\"thumbnailUrl\":\"https:\\\/\\\/uees.edu.ec\\\/wp-content\\\/uploads\\\/2025\\\/06\\\/DSC03497-scaled.jpg\",\"datePublished\":\"2025-06-03T20:08:09+00:00\",\"dateModified\":\"2025-06-03T21:41:44+00:00\",\"breadcrumb\":{\"@id\":\"https:\\\/\\\/uees.edu.ec\\\/feria-laboral-uees-2025-impulsa-el-desarrollo-profesional-de-los-estudiantes\\\/#breadcrumb\"},\"inLanguage\":\"en-US\",\"potentialAction\":[{\"@type\":\"ReadAction\",\"target\":[\"https:\\\/\\\/uees.edu.ec\\\/feria-laboral-uees-2025-impulsa-el-desarrollo-profesional-de-los-estudiantes\\\/\"]}]},{\"@type\":\"ImageObject\",\"inLanguage\":\"en-US\",\"@id\":\"https:\\\/\\\/uees.edu.ec\\\/feria-laboral-uees-2025-impulsa-el-desarrollo-profesional-de-los-estudiantes\\\/#primaryimage\",\"url\":\"https:\\\/\\\/uees.edu.ec\\\/wp-content\\\/uploads\\\/2025\\\/06\\\/DSC03497-scaled.jpg\",\"contentUrl\":\"https:\\\/\\\/uees.edu.ec\\\/wp-content\\\/uploads\\\/2025\\\/06\\\/DSC03497-scaled.jpg\",\"width\":2560,\"height\":1707},{\"@type\":\"BreadcrumbList\",\"@id\":\"https:\\\/\\\/uees.edu.ec\\\/feria-laboral-uees-2025-impulsa-el-desarrollo-profesional-de-los-estudiantes\\\/#breadcrumb\",\"itemListElement\":[{\"@type\":\"ListItem\",\"position\":1,\"name\":\"Home\",\"item\":\"https:\\\/\\\/uees.edu.ec\\\/\"},{\"@type\":\"ListItem\",\"position\":2,\"name\":\"Feria Laboral UEES 2025 impulsa el desarrollo profesional de los estudiantes\"}]},{\"@type\":\"WebSite\",\"@id\":\"https:\\\/\\\/uees.edu.ec\\\/#website\",\"url\":\"https:\\\/\\\/uees.edu.ec\\\/\",\"name\":\"Universidad Esp\u00edritu Santo - UEES\",\"description\":\"En constante innovaci\u00f3n\",\"publisher\":{\"@id\":\"https:\\\/\\\/uees.edu.ec\\\/#organization\"},\"alternateName\":\"Universidad Esp\u00edritu Santo - UEES\",\"potentialAction\":[{\"@type\":\"SearchAction\",\"target\":{\"@type\":\"EntryPoint\",\"urlTemplate\":\"https:\\\/\\\/uees.edu.ec\\\/?s={search_term_string}\"},\"query-input\":{\"@type\":\"PropertyValueSpecification\",\"valueRequired\":true,\"valueName\":\"search_term_string\"}}],\"inLanguage\":\"en-US\"},{\"@type\":\"Organization\",\"@id\":\"https:\\\/\\\/uees.edu.ec\\\/#organization\",\"name\":\"Universidad Esp\u00edritu Santo - UEES\",\"alternateName\":\"La mejor universidad en Ecuador\",\"url\":\"https:\\\/\\\/uees.edu.ec\\\/\",\"logo\":{\"@type\":\"ImageObject\",\"inLanguage\":\"en-US\",\"@id\":\"https:\\\/\\\/uees.edu.ec\\\/#\\\/schema\\\/logo\\\/image\\\/\",\"url\":\"https:\\\/\\\/uees.edu.ec\\\/wp-content\\\/uploads\\\/2021\\\/03\\\/Logo-UEES.png\",\"contentUrl\":\"https:\\\/\\\/uees.edu.ec\\\/wp-content\\\/uploads\\\/2021\\\/03\\\/Logo-UEES.png\",\"width\":221,\"height\":86,\"caption\":\"Universidad Esp\u00edritu Santo - UEES\"},\"image\":{\"@id\":\"https:\\\/\\\/uees.edu.ec\\\/#\\\/schema\\\/logo\\\/image\\\/\"},\"sameAs\":[\"https:\\\/\\\/www.facebook.com\\\/universidadespiritusanto\",\"https:\\\/\\\/x.com\\\/uees_ec\",\"https:\\\/\\\/www.instagram.com\\\/uees_ec\\\/\",\"https:\\\/\\\/www.linkedin.com\\\/school\\\/esp-ritu-santo\",\"https:\\\/\\\/www.youtube.com\\\/user\\\/UEES2009\",\"https:\\\/\\\/es.wikipedia.org\\\/wiki\\\/Universidad_de_Especialidades_Esp\u00edritu_Santo\"]},{\"@type\":\"Person\",\"@id\":\"https:\\\/\\\/uees.edu.ec\\\/#\\\/schema\\\/person\\\/d63ccd280ffea0cfa500ff8e223df681\",\"name\":\"Elisa NIeto\",\"image\":{\"@type\":\"ImageObject\",\"inLanguage\":\"en-US\",\"@id\":\"https:\\\/\\\/secure.gravatar.com\\\/avatar\\\/605564af463a7fd0c423bca29297cbceebac05a022669b655b2f2dcd2c6bf03e?s=96&d=mm&r=g\",\"url\":\"https:\\\/\\\/secure.gravatar.com\\\/avatar\\\/605564af463a7fd0c423bca29297cbceebac05a022669b655b2f2dcd2c6bf03e?s=96&d=mm&r=g\",\"contentUrl\":\"https:\\\/\\\/secure.gravatar.com\\\/avatar\\\/605564af463a7fd0c423bca29297cbceebac05a022669b655b2f2dcd2c6bf03e?s=96&d=mm&r=g\",\"caption\":\"Elisa NIeto\"},\"url\":\"https:\\\/\\\/uees.edu.ec\\\/en\\\/author\\\/elisa-nieto\\\/\"}]}<\/script>\n<!-- \/ Yoast SEO Premium plugin. -->","yoast_head_json":{"title":"Feria Laboral UEES 2025 impulsa el desarrollo profesional de los estudiantes - UEES - Universidad Esp\u00edritu Santo","robots":{"index":"index","follow":"follow","max-snippet":"max-snippet:-1","max-image-preview":"max-image-preview:large","max-video-preview":"max-video-preview:-1"},"canonical":"https:\/\/uees.edu.ec\/en\/feria-laboral-uees-2025-impulsa-el-desarrollo-profesional-de-los-estudiantes\/","og_locale":"en_US","og_type":"article","og_title":"Feria Laboral UEES 2025 impulsa el desarrollo profesional de los estudiantes","og_description":"La Feria Laboral UEES 2025 se llev\u00f3 a cabo este lunes 2 de junio en el Centro de Convenciones de la universidad, donde los estudiantes tuvieron la oportunidad de conocer y conectar con m\u00e1s de 40 empresas reconocidas, dando as\u00ed inicio a su futuro profesional. Este espacio ofreci\u00f3 diversas oportunidades, desde pasant\u00edas y pr\u00e1cticas profesionales [&hellip;]","og_url":"https:\/\/uees.edu.ec\/en\/feria-laboral-uees-2025-impulsa-el-desarrollo-profesional-de-los-estudiantes\/","og_site_name":"UEES - Universidad Esp\u00edritu Santo","article_publisher":"https:\/\/www.facebook.com\/universidadespiritusanto","article_published_time":"2025-06-03T20:08:09+00:00","article_modified_time":"2025-06-03T21:41:44+00:00","og_image":[{"width":2560,"height":1707,"url":"https:\/\/uees.edu.ec\/wp-content\/uploads\/2025\/06\/DSC03497-scaled.jpg","type":"image\/jpeg"}],"author":"Elisa NIeto","twitter_card":"summary_large_image","twitter_creator":"@uees_ec","twitter_site":"@uees_ec","twitter_misc":{"Written by":"Elisa NIeto","Est. reading time":"3 minutes"},"schema":{"@context":"https:\/\/schema.org","@graph":[{"@type":["Article","BlogPosting"],"@id":"https:\/\/uees.edu.ec\/feria-laboral-uees-2025-impulsa-el-desarrollo-profesional-de-los-estudiantes\/#article","isPartOf":{"@id":"https:\/\/uees.edu.ec\/feria-laboral-uees-2025-impulsa-el-desarrollo-profesional-de-los-estudiantes\/"},"author":{"name":"Elisa NIeto","@id":"https:\/\/uees.edu.ec\/#\/schema\/person\/d63ccd280ffea0cfa500ff8e223df681"},"headline":"Feria Laboral UEES 2025 impulsa el desarrollo profesional de los estudiantes","datePublished":"2025-06-03T20:08:09+00:00","dateModified":"2025-06-03T21:41:44+00:00","mainEntityOfPage":{"@id":"https:\/\/uees.edu.ec\/feria-laboral-uees-2025-impulsa-el-desarrollo-profesional-de-los-estudiantes\/"},"wordCount":335,"commentCount":0,"publisher":{"@id":"https:\/\/uees.edu.ec\/#organization"},"image":{"@id":"https:\/\/uees.edu.ec\/feria-laboral-uees-2025-impulsa-el-desarrollo-profesional-de-los-estudiantes\/#primaryimage"},"thumbnailUrl":"https:\/\/uees.edu.ec\/wp-content\/uploads\/2025\/06\/DSC03497-scaled.jpg","keywords":["feria laboral","Feria Laboral UEES 2025"],"articleSection":["Noticias"],"inLanguage":"en-US","potentialAction":[{"@type":"CommentAction","name":"Comment","target":["https:\/\/uees.edu.ec\/feria-laboral-uees-2025-impulsa-el-desarrollo-profesional-de-los-estudiantes\/#respond"]}]},{"@type":"WebPage","@id":"https:\/\/uees.edu.ec\/feria-laboral-uees-2025-impulsa-el-desarrollo-profesional-de-los-estudiantes\/","url":"https:\/\/uees.edu.ec\/feria-laboral-uees-2025-impulsa-el-desarrollo-profesional-de-los-estudiantes\/","name":"Feria Laboral UEES 2025 impulsa el desarrollo profesional de los estudiantes - UEES - Universidad Esp\u00edritu Santo","isPartOf":{"@id":"https:\/\/uees.edu.ec\/#website"},"primaryImageOfPage":{"@id":"https:\/\/uees.edu.ec\/feria-laboral-uees-2025-impulsa-el-desarrollo-profesional-de-los-estudiantes\/#primaryimage"},"image":{"@id":"https:\/\/uees.edu.ec\/feria-laboral-uees-2025-impulsa-el-desarrollo-profesional-de-los-estudiantes\/#primaryimage"},"thumbnailUrl":"https:\/\/uees.edu.ec\/wp-content\/uploads\/2025\/06\/DSC03497-scaled.jpg","datePublished":"2025-06-03T20:08:09+00:00","dateModified":"2025-06-03T21:41:44+00:00","breadcrumb":{"@id":"https:\/\/uees.edu.ec\/feria-laboral-uees-2025-impulsa-el-desarrollo-profesional-de-los-estudiantes\/#breadcrumb"},"inLanguage":"en-US","potentialAction":[{"@type":"ReadAction","target":["https:\/\/uees.edu.ec\/feria-laboral-uees-2025-impulsa-el-desarrollo-profesional-de-los-estudiantes\/"]}]},{"@type":"ImageObject","inLanguage":"en-US","@id":"https:\/\/uees.edu.ec\/feria-laboral-uees-2025-impulsa-el-desarrollo-profesional-de-los-estudiantes\/#primaryimage","url":"https:\/\/uees.edu.ec\/wp-content\/uploads\/2025\/06\/DSC03497-scaled.jpg","contentUrl":"https:\/\/uees.edu.ec\/wp-content\/uploads\/2025\/06\/DSC03497-scaled.jpg","width":2560,"height":1707},{"@type":"BreadcrumbList","@id":"https:\/\/uees.edu.ec\/feria-laboral-uees-2025-impulsa-el-desarrollo-profesional-de-los-estudiantes\/#breadcrumb","itemListElement":[{"@type":"ListItem","position":1,"name":"Home","item":"https:\/\/uees.edu.ec\/"},{"@type":"ListItem","position":2,"name":"Feria Laboral UEES 2025 impulsa el desarrollo profesional de los estudiantes"}]},{"@type":"WebSite","@id":"https:\/\/uees.edu.ec\/#website","url":"https:\/\/uees.edu.ec\/","name":"Espiritu Santo University - UEES","description":"In constant innovation","publisher":{"@id":"https:\/\/uees.edu.ec\/#organization"},"alternateName":"Universidad Esp\u00edritu Santo - UEES","potentialAction":[{"@type":"SearchAction","target":{"@type":"EntryPoint","urlTemplate":"https:\/\/uees.edu.ec\/?s={search_term_string}"},"query-input":{"@type":"PropertyValueSpecification","valueRequired":true,"valueName":"search_term_string"}}],"inLanguage":"en-US"},{"@type":"Organization","@id":"https:\/\/uees.edu.ec\/#organization","name":"Espiritu Santo University - UEES","alternateName":"La mejor universidad en Ecuador","url":"https:\/\/uees.edu.ec\/","logo":{"@type":"ImageObject","inLanguage":"en-US","@id":"https:\/\/uees.edu.ec\/#\/schema\/logo\/image\/","url":"https:\/\/uees.edu.ec\/wp-content\/uploads\/2021\/03\/Logo-UEES.png","contentUrl":"https:\/\/uees.edu.ec\/wp-content\/uploads\/2021\/03\/Logo-UEES.png","width":221,"height":86,"caption":"Universidad Esp\u00edritu Santo - UEES"},"image":{"@id":"https:\/\/uees.edu.ec\/#\/schema\/logo\/image\/"},"sameAs":["https:\/\/www.facebook.com\/universidadespiritusanto","https:\/\/x.com\/uees_ec","https:\/\/www.instagram.com\/uees_ec\/","https:\/\/www.linkedin.com\/school\/esp-ritu-santo","https:\/\/www.youtube.com\/user\/UEES2009","https:\/\/es.wikipedia.org\/wiki\/Universidad_de_Especialidades_Esp\u00edritu_Santo"]},{"@type":"Person","@id":"https:\/\/uees.edu.ec\/#\/schema\/person\/d63ccd280ffea0cfa500ff8e223df681","name":"Elisa NIeto","image":{"@type":"ImageObject","inLanguage":"en-US","@id":"https:\/\/secure.gravatar.com\/avatar\/605564af463a7fd0c423bca29297cbceebac05a022669b655b2f2dcd2c6bf03e?s=96&d=mm&r=g","url":"https:\/\/secure.gravatar.com\/avatar\/605564af463a7fd0c423bca29297cbceebac05a022669b655b2f2dcd2c6bf03e?s=96&d=mm&r=g","contentUrl":"https:\/\/secure.gravatar.com\/avatar\/605564af463a7fd0c423bca29297cbceebac05a022669b655b2f2dcd2c6bf03e?s=96&d=mm&r=g","caption":"Elisa NIeto"},"url":"https:\/\/uees.edu.ec\/en\/author\/elisa-nieto\/"}]}},"_links":{"self":[{"href":"https:\/\/uees.edu.ec\/en\/wp-json\/wp\/v2\/posts\/29464","targetHints":{"allow":["GET"]}}],"collection":[{"href":"https:\/\/uees.edu.ec\/en\/wp-json\/wp\/v2\/posts"}],"about":[{"href":"https:\/\/uees.edu.ec\/en\/wp-json\/wp\/v2\/types\/post"}],"author":[{"embeddable":true,"href":"https:\/\/uees.edu.ec\/en\/wp-json\/wp\/v2\/users\/10000093"}],"replies":[{"embeddable":true,"href":"https:\/\/uees.edu.ec\/en\/wp-json\/wp\/v2\/comments?post=29464"}],"version-history":[{"count":5,"href":"https:\/\/uees.edu.ec\/en\/wp-json\/wp\/v2\/posts\/29464\/revisions"}],"predecessor-version":[{"id":29474,"href":"https:\/\/uees.edu.ec\/en\/wp-json\/wp\/v2\/posts\/29464\/revisions\/29474"}],"wp:featuredmedia":[{"embeddable":true,"href":"https:\/\/uees.edu.ec\/en\/wp-json\/wp\/v2\/media\/29465"}],"wp:attachment":[{"href":"https:\/\/uees.edu.ec\/en\/wp-json\/wp\/v2\/media?parent=29464"}],"wp:term":[{"taxonomy":"category","embeddable":true,"href":"https:\/\/uees.edu.ec\/en\/wp-json\/wp\/v2\/categories?post=29464"},{"taxonomy":"post_tag","embeddable":true,"href":"https:\/\/uees.edu.ec\/en\/wp-json\/wp\/v2\/tags?post=29464"}],"curies":[{"name":"wp","href":"https:\/\/api.w.org\/{rel}","templated":true}]}}