{"id":29441,"date":"2025-05-30T14:47:09","date_gmt":"2025-05-30T19:47:09","guid":{"rendered":"https:\/\/uees.edu.ec\/?p=29441"},"modified":"2025-05-30T15:24:41","modified_gmt":"2025-05-30T20:24:41","slug":"dia-del-disenador-de-interiores-se-celebro-con-taller-junto-a-sherwin-williams-y-pladecons","status":"publish","type":"post","link":"https:\/\/uees.edu.ec\/en\/dia-del-disenador-de-interiores-se-celebro-con-taller-junto-a-sherwin-williams-y-pladecons\/","title":{"rendered":"Interior Designer's Day was celebrated together with Sherwin Williams and Pladecons"},"content":{"rendered":"<p><img loading=\"lazy\" decoding=\"async\" class=\"alignnone size-large wp-image-29452\" src=\"https:\/\/uees.edu.ec\/wp-content\/uploads\/2025\/05\/IMG_1066-1024x768.jpg\" alt=\"\" width=\"1024\" height=\"768\" srcset=\"https:\/\/uees.edu.ec\/wp-content\/uploads\/2025\/05\/IMG_1066-1024x768.jpg 1024w, https:\/\/uees.edu.ec\/wp-content\/uploads\/2025\/05\/IMG_1066-300x225.jpg 300w, https:\/\/uees.edu.ec\/wp-content\/uploads\/2025\/05\/IMG_1066-768x576.jpg 768w, https:\/\/uees.edu.ec\/wp-content\/uploads\/2025\/05\/IMG_1066-1536x1152.jpg 1536w, https:\/\/uees.edu.ec\/wp-content\/uploads\/2025\/05\/IMG_1066-2048x1536.jpg 2048w\" sizes=\"auto, (max-width: 1024px) 100vw, 1024px\" \/><\/p>\n<p><span style=\"font-weight: 400;\">In commemoration of the <strong>Interior Designer's Day,<\/strong> the Universidad Esp\u00edritu Santo (UEES), through the Faculty of Architecture, held a workshop with the <strong>companies Sherwin Williams and Pladecons<\/strong>. This space was directed to the students of the career of<strong> Interior Architecture<\/strong> The objective is to provide them with information about the work being done by the companies and their current projects.<\/span><\/p>\n<p><span style=\"font-weight: 400;\">The Sherwin Williams representative presented to the students their portfolio of products and explained the proper use of each one according to the client's needs. In addition, they had the opportunity to present their <strong>Colormix Trends 2025<\/strong> to showcase the color palette currently promoted by the brand.<\/span><\/p>\n<p><img loading=\"lazy\" decoding=\"async\" class=\"alignnone size-large wp-image-29443\" src=\"https:\/\/uees.edu.ec\/wp-content\/uploads\/2025\/05\/IMG_1063-768x1024.jpg\" alt=\"\" width=\"768\" height=\"1024\" srcset=\"https:\/\/uees.edu.ec\/wp-content\/uploads\/2025\/05\/IMG_1063-768x1024.jpg 768w, https:\/\/uees.edu.ec\/wp-content\/uploads\/2025\/05\/IMG_1063-225x300.jpg 225w, https:\/\/uees.edu.ec\/wp-content\/uploads\/2025\/05\/IMG_1063-1152x1536.jpg 1152w, https:\/\/uees.edu.ec\/wp-content\/uploads\/2025\/05\/IMG_1063-1536x2048.jpg 1536w, https:\/\/uees.edu.ec\/wp-content\/uploads\/2025\/05\/IMG_1063-600x800.jpg 600w, https:\/\/uees.edu.ec\/wp-content\/uploads\/2025\/05\/IMG_1063-scaled.jpg 1920w\" sizes=\"auto, (max-width: 768px) 100vw, 768px\" \/><\/p>\n<p><span style=\"font-weight: 400;\">The company Pladecons, specialized in 3D wall coverings, also had a space to exhibit its work process in the construction and design of decorative panels. One of their current projects, located in the Samborond\u00f3n area, was shown, and students were able to resolve their concerns with the exhibitors about their work.\u00a0<\/span><\/p>\n<p><img loading=\"lazy\" decoding=\"async\" class=\"alignnone size-large wp-image-29444\" src=\"https:\/\/uees.edu.ec\/wp-content\/uploads\/2025\/05\/IMG_1118-768x1024.jpg\" alt=\"\" width=\"768\" height=\"1024\" srcset=\"https:\/\/uees.edu.ec\/wp-content\/uploads\/2025\/05\/IMG_1118-768x1024.jpg 768w, https:\/\/uees.edu.ec\/wp-content\/uploads\/2025\/05\/IMG_1118-225x300.jpg 225w, https:\/\/uees.edu.ec\/wp-content\/uploads\/2025\/05\/IMG_1118-1152x1536.jpg 1152w, https:\/\/uees.edu.ec\/wp-content\/uploads\/2025\/05\/IMG_1118-1536x2048.jpg 1536w, https:\/\/uees.edu.ec\/wp-content\/uploads\/2025\/05\/IMG_1118-600x800.jpg 600w, https:\/\/uees.edu.ec\/wp-content\/uploads\/2025\/05\/IMG_1118-scaled.jpg 1920w\" sizes=\"auto, (max-width: 768px) 100vw, 768px\" \/><\/p>\n<blockquote><p><span style=\"font-weight: 400;\">Luciana Pazmi\u00f1o, student of the Faculty of Architecture, said \u201cThey showed us this method of 3D walls, and we were able to see different ways to apply it both indoors and outdoors. I thought it was amazing that the university dedicated a day like today to the Interior Design career.\u201d<\/span><\/p><\/blockquote>\n<p><span style=\"font-weight: 400;\">Finally, the workshop culminated with a practical activity where the students were given different pieces of coatings and paint so that each one could work on their own proposal. During the activity, the students talked with the representatives of the companies to solve their doubts and learn about their professional experience during their work processes.<\/span><\/p>\n<p>&nbsp;<\/p>","protected":false},"excerpt":{"rendered":"<p>En conmemoraci\u00f3n del D\u00eda del Dise\u00f1ador de Interiores, la Universidad Esp\u00edritu Santo (UEES) a trav\u00e9s de la facultad de Arquitectura, realiz\u00f3 un taller junto a las empresas Sherwin Williams y Pladecons. Este espacio fue dirigido a los alumnos de la carrera de Arquitectura de Interiores con el objetivo de que conozcan sobre el trabajo que [&hellip;]<\/p>\n","protected":false},"author":10000093,"featured_media":29452,"comment_status":"open","ping_status":"open","sticky":false,"template":"","format":"standard","meta":{"_acf_changed":false,"footnotes":""},"categories":[457,75],"tags":[256,801,798,800,799],"class_list":["post-29441","post","type-post","status-publish","format-standard","has-post-thumbnail","hentry","category-arquitectura","category-noticias","tag-arquitectura","tag-arquitectura-de-interiores","tag-dia-del-disenador-de-interiores","tag-pladecons","tag-sherwin-williams"],"acf":[],"yoast_head":"<!-- This site is optimized with the Yoast SEO Premium plugin v27.4 (Yoast SEO v27.4) - https:\/\/yoast.com\/product\/yoast-seo-premium-wordpress\/ -->\n<title>D\u00eda del Dise\u00f1ador de Interiores se celebr\u00f3 junto a Sherwin Williams y Pladecons - UEES - Universidad Esp\u00edritu Santo<\/title>\n<meta name=\"robots\" content=\"index, follow, max-snippet:-1, max-image-preview:large, max-video-preview:-1\" \/>\n<link rel=\"canonical\" href=\"https:\/\/uees.edu.ec\/en\/dia-del-disenador-de-interiores-se-celebro-con-taller-junto-a-sherwin-williams-y-pladecons\/\" \/>\n<meta property=\"og:locale\" content=\"en_US\" \/>\n<meta property=\"og:type\" content=\"article\" \/>\n<meta property=\"og:title\" content=\"D\u00eda del Dise\u00f1ador de Interiores se celebr\u00f3 junto a Sherwin Williams y Pladecons\" \/>\n<meta property=\"og:description\" content=\"En conmemoraci\u00f3n del D\u00eda del Dise\u00f1ador de Interiores, la Universidad Esp\u00edritu Santo (UEES) a trav\u00e9s de la facultad de Arquitectura, realiz\u00f3 un taller junto a las empresas Sherwin Williams y Pladecons. Este espacio fue dirigido a los alumnos de la carrera de Arquitectura de Interiores con el objetivo de que conozcan sobre el trabajo que [&hellip;]\" \/>\n<meta property=\"og:url\" content=\"https:\/\/uees.edu.ec\/en\/dia-del-disenador-de-interiores-se-celebro-con-taller-junto-a-sherwin-williams-y-pladecons\/\" \/>\n<meta property=\"og:site_name\" content=\"UEES - Universidad Esp\u00edritu Santo\" \/>\n<meta property=\"article:publisher\" content=\"https:\/\/www.facebook.com\/universidadespiritusanto\" \/>\n<meta property=\"article:published_time\" content=\"2025-05-30T19:47:09+00:00\" \/>\n<meta property=\"article:modified_time\" content=\"2025-05-30T20:24:41+00:00\" \/>\n<meta property=\"og:image\" content=\"https:\/\/uees.edu.ec\/wp-content\/uploads\/2025\/05\/IMG_1066-scaled.jpg\" \/>\n\t<meta property=\"og:image:width\" content=\"2560\" \/>\n\t<meta property=\"og:image:height\" content=\"1920\" \/>\n\t<meta property=\"og:image:type\" content=\"image\/jpeg\" \/>\n<meta name=\"author\" content=\"Elisa NIeto\" \/>\n<meta name=\"twitter:card\" content=\"summary_large_image\" \/>\n<meta name=\"twitter:creator\" content=\"@uees_ec\" \/>\n<meta name=\"twitter:site\" content=\"@uees_ec\" \/>\n<meta name=\"twitter:label1\" content=\"Written by\" \/>\n\t<meta name=\"twitter:data1\" content=\"Elisa NIeto\" \/>\n\t<meta name=\"twitter:label2\" content=\"Est. reading time\" \/>\n\t<meta name=\"twitter:data2\" content=\"2 minutes\" \/>\n<script type=\"application\/ld+json\" class=\"yoast-schema-graph\">{\"@context\":\"https:\\\/\\\/schema.org\",\"@graph\":[{\"@type\":[\"Article\",\"BlogPosting\"],\"@id\":\"https:\\\/\\\/uees.edu.ec\\\/dia-del-disenador-de-interiores-se-celebro-con-taller-junto-a-sherwin-williams-y-pladecons\\\/#article\",\"isPartOf\":{\"@id\":\"https:\\\/\\\/uees.edu.ec\\\/dia-del-disenador-de-interiores-se-celebro-con-taller-junto-a-sherwin-williams-y-pladecons\\\/\"},\"author\":{\"name\":\"Elisa NIeto\",\"@id\":\"https:\\\/\\\/uees.edu.ec\\\/#\\\/schema\\\/person\\\/d63ccd280ffea0cfa500ff8e223df681\"},\"headline\":\"D\u00eda del Dise\u00f1ador de Interiores se celebr\u00f3 junto a Sherwin Williams y Pladecons\",\"datePublished\":\"2025-05-30T19:47:09+00:00\",\"dateModified\":\"2025-05-30T20:24:41+00:00\",\"mainEntityOfPage\":{\"@id\":\"https:\\\/\\\/uees.edu.ec\\\/dia-del-disenador-de-interiores-se-celebro-con-taller-junto-a-sherwin-williams-y-pladecons\\\/\"},\"wordCount\":312,\"commentCount\":0,\"publisher\":{\"@id\":\"https:\\\/\\\/uees.edu.ec\\\/#organization\"},\"image\":{\"@id\":\"https:\\\/\\\/uees.edu.ec\\\/dia-del-disenador-de-interiores-se-celebro-con-taller-junto-a-sherwin-williams-y-pladecons\\\/#primaryimage\"},\"thumbnailUrl\":\"https:\\\/\\\/uees.edu.ec\\\/wp-content\\\/uploads\\\/2025\\\/05\\\/IMG_1066-scaled.jpg\",\"keywords\":[\"Arquitectura\",\"Arquitectura de Interiores\",\"D\u00eda del Dise\u00f1ador de Interiores\",\"Pladecons\",\"Sherwin Williams\"],\"articleSection\":[\"Arquitectura\",\"Noticias\"],\"inLanguage\":\"en-US\",\"potentialAction\":[{\"@type\":\"CommentAction\",\"name\":\"Comment\",\"target\":[\"https:\\\/\\\/uees.edu.ec\\\/dia-del-disenador-de-interiores-se-celebro-con-taller-junto-a-sherwin-williams-y-pladecons\\\/#respond\"]}]},{\"@type\":\"WebPage\",\"@id\":\"https:\\\/\\\/uees.edu.ec\\\/dia-del-disenador-de-interiores-se-celebro-con-taller-junto-a-sherwin-williams-y-pladecons\\\/\",\"url\":\"https:\\\/\\\/uees.edu.ec\\\/dia-del-disenador-de-interiores-se-celebro-con-taller-junto-a-sherwin-williams-y-pladecons\\\/\",\"name\":\"D\u00eda del Dise\u00f1ador de Interiores se celebr\u00f3 junto a Sherwin Williams y Pladecons - UEES - Universidad Esp\u00edritu Santo\",\"isPartOf\":{\"@id\":\"https:\\\/\\\/uees.edu.ec\\\/#website\"},\"primaryImageOfPage\":{\"@id\":\"https:\\\/\\\/uees.edu.ec\\\/dia-del-disenador-de-interiores-se-celebro-con-taller-junto-a-sherwin-williams-y-pladecons\\\/#primaryimage\"},\"image\":{\"@id\":\"https:\\\/\\\/uees.edu.ec\\\/dia-del-disenador-de-interiores-se-celebro-con-taller-junto-a-sherwin-williams-y-pladecons\\\/#primaryimage\"},\"thumbnailUrl\":\"https:\\\/\\\/uees.edu.ec\\\/wp-content\\\/uploads\\\/2025\\\/05\\\/IMG_1066-scaled.jpg\",\"datePublished\":\"2025-05-30T19:47:09+00:00\",\"dateModified\":\"2025-05-30T20:24:41+00:00\",\"breadcrumb\":{\"@id\":\"https:\\\/\\\/uees.edu.ec\\\/dia-del-disenador-de-interiores-se-celebro-con-taller-junto-a-sherwin-williams-y-pladecons\\\/#breadcrumb\"},\"inLanguage\":\"en-US\",\"potentialAction\":[{\"@type\":\"ReadAction\",\"target\":[\"https:\\\/\\\/uees.edu.ec\\\/dia-del-disenador-de-interiores-se-celebro-con-taller-junto-a-sherwin-williams-y-pladecons\\\/\"]}]},{\"@type\":\"ImageObject\",\"inLanguage\":\"en-US\",\"@id\":\"https:\\\/\\\/uees.edu.ec\\\/dia-del-disenador-de-interiores-se-celebro-con-taller-junto-a-sherwin-williams-y-pladecons\\\/#primaryimage\",\"url\":\"https:\\\/\\\/uees.edu.ec\\\/wp-content\\\/uploads\\\/2025\\\/05\\\/IMG_1066-scaled.jpg\",\"contentUrl\":\"https:\\\/\\\/uees.edu.ec\\\/wp-content\\\/uploads\\\/2025\\\/05\\\/IMG_1066-scaled.jpg\",\"width\":2560,\"height\":1920},{\"@type\":\"BreadcrumbList\",\"@id\":\"https:\\\/\\\/uees.edu.ec\\\/dia-del-disenador-de-interiores-se-celebro-con-taller-junto-a-sherwin-williams-y-pladecons\\\/#breadcrumb\",\"itemListElement\":[{\"@type\":\"ListItem\",\"position\":1,\"name\":\"Home\",\"item\":\"https:\\\/\\\/uees.edu.ec\\\/\"},{\"@type\":\"ListItem\",\"position\":2,\"name\":\"D\u00eda del Dise\u00f1ador de Interiores se celebr\u00f3 junto a Sherwin Williams y Pladecons\"}]},{\"@type\":\"WebSite\",\"@id\":\"https:\\\/\\\/uees.edu.ec\\\/#website\",\"url\":\"https:\\\/\\\/uees.edu.ec\\\/\",\"name\":\"Universidad Esp\u00edritu Santo - UEES\",\"description\":\"En constante innovaci\u00f3n\",\"publisher\":{\"@id\":\"https:\\\/\\\/uees.edu.ec\\\/#organization\"},\"alternateName\":\"Universidad Esp\u00edritu Santo - UEES\",\"potentialAction\":[{\"@type\":\"SearchAction\",\"target\":{\"@type\":\"EntryPoint\",\"urlTemplate\":\"https:\\\/\\\/uees.edu.ec\\\/?s={search_term_string}\"},\"query-input\":{\"@type\":\"PropertyValueSpecification\",\"valueRequired\":true,\"valueName\":\"search_term_string\"}}],\"inLanguage\":\"en-US\"},{\"@type\":\"Organization\",\"@id\":\"https:\\\/\\\/uees.edu.ec\\\/#organization\",\"name\":\"Universidad Esp\u00edritu Santo - UEES\",\"alternateName\":\"La mejor universidad en Ecuador\",\"url\":\"https:\\\/\\\/uees.edu.ec\\\/\",\"logo\":{\"@type\":\"ImageObject\",\"inLanguage\":\"en-US\",\"@id\":\"https:\\\/\\\/uees.edu.ec\\\/#\\\/schema\\\/logo\\\/image\\\/\",\"url\":\"https:\\\/\\\/uees.edu.ec\\\/wp-content\\\/uploads\\\/2021\\\/03\\\/Logo-UEES.png\",\"contentUrl\":\"https:\\\/\\\/uees.edu.ec\\\/wp-content\\\/uploads\\\/2021\\\/03\\\/Logo-UEES.png\",\"width\":221,\"height\":86,\"caption\":\"Universidad Esp\u00edritu Santo - UEES\"},\"image\":{\"@id\":\"https:\\\/\\\/uees.edu.ec\\\/#\\\/schema\\\/logo\\\/image\\\/\"},\"sameAs\":[\"https:\\\/\\\/www.facebook.com\\\/universidadespiritusanto\",\"https:\\\/\\\/x.com\\\/uees_ec\",\"https:\\\/\\\/www.instagram.com\\\/uees_ec\\\/\",\"https:\\\/\\\/www.linkedin.com\\\/school\\\/esp-ritu-santo\",\"https:\\\/\\\/www.youtube.com\\\/user\\\/UEES2009\",\"https:\\\/\\\/es.wikipedia.org\\\/wiki\\\/Universidad_de_Especialidades_Esp\u00edritu_Santo\"]},{\"@type\":\"Person\",\"@id\":\"https:\\\/\\\/uees.edu.ec\\\/#\\\/schema\\\/person\\\/d63ccd280ffea0cfa500ff8e223df681\",\"name\":\"Elisa NIeto\",\"image\":{\"@type\":\"ImageObject\",\"inLanguage\":\"en-US\",\"@id\":\"https:\\\/\\\/secure.gravatar.com\\\/avatar\\\/605564af463a7fd0c423bca29297cbceebac05a022669b655b2f2dcd2c6bf03e?s=96&d=mm&r=g\",\"url\":\"https:\\\/\\\/secure.gravatar.com\\\/avatar\\\/605564af463a7fd0c423bca29297cbceebac05a022669b655b2f2dcd2c6bf03e?s=96&d=mm&r=g\",\"contentUrl\":\"https:\\\/\\\/secure.gravatar.com\\\/avatar\\\/605564af463a7fd0c423bca29297cbceebac05a022669b655b2f2dcd2c6bf03e?s=96&d=mm&r=g\",\"caption\":\"Elisa NIeto\"},\"url\":\"https:\\\/\\\/uees.edu.ec\\\/en\\\/author\\\/elisa-nieto\\\/\"}]}<\/script>\n<!-- \/ Yoast SEO Premium plugin. -->","yoast_head_json":{"title":"D\u00eda del Dise\u00f1ador de Interiores se celebr\u00f3 junto a Sherwin Williams y Pladecons - UEES - Universidad Esp\u00edritu Santo","robots":{"index":"index","follow":"follow","max-snippet":"max-snippet:-1","max-image-preview":"max-image-preview:large","max-video-preview":"max-video-preview:-1"},"canonical":"https:\/\/uees.edu.ec\/en\/dia-del-disenador-de-interiores-se-celebro-con-taller-junto-a-sherwin-williams-y-pladecons\/","og_locale":"en_US","og_type":"article","og_title":"D\u00eda del Dise\u00f1ador de Interiores se celebr\u00f3 junto a Sherwin Williams y Pladecons","og_description":"En conmemoraci\u00f3n del D\u00eda del Dise\u00f1ador de Interiores, la Universidad Esp\u00edritu Santo (UEES) a trav\u00e9s de la facultad de Arquitectura, realiz\u00f3 un taller junto a las empresas Sherwin Williams y Pladecons. Este espacio fue dirigido a los alumnos de la carrera de Arquitectura de Interiores con el objetivo de que conozcan sobre el trabajo que [&hellip;]","og_url":"https:\/\/uees.edu.ec\/en\/dia-del-disenador-de-interiores-se-celebro-con-taller-junto-a-sherwin-williams-y-pladecons\/","og_site_name":"UEES - Universidad Esp\u00edritu Santo","article_publisher":"https:\/\/www.facebook.com\/universidadespiritusanto","article_published_time":"2025-05-30T19:47:09+00:00","article_modified_time":"2025-05-30T20:24:41+00:00","og_image":[{"width":2560,"height":1920,"url":"https:\/\/uees.edu.ec\/wp-content\/uploads\/2025\/05\/IMG_1066-scaled.jpg","type":"image\/jpeg"}],"author":"Elisa NIeto","twitter_card":"summary_large_image","twitter_creator":"@uees_ec","twitter_site":"@uees_ec","twitter_misc":{"Written by":"Elisa NIeto","Est. reading time":"2 minutes"},"schema":{"@context":"https:\/\/schema.org","@graph":[{"@type":["Article","BlogPosting"],"@id":"https:\/\/uees.edu.ec\/dia-del-disenador-de-interiores-se-celebro-con-taller-junto-a-sherwin-williams-y-pladecons\/#article","isPartOf":{"@id":"https:\/\/uees.edu.ec\/dia-del-disenador-de-interiores-se-celebro-con-taller-junto-a-sherwin-williams-y-pladecons\/"},"author":{"name":"Elisa NIeto","@id":"https:\/\/uees.edu.ec\/#\/schema\/person\/d63ccd280ffea0cfa500ff8e223df681"},"headline":"D\u00eda del Dise\u00f1ador de Interiores se celebr\u00f3 junto a Sherwin Williams y Pladecons","datePublished":"2025-05-30T19:47:09+00:00","dateModified":"2025-05-30T20:24:41+00:00","mainEntityOfPage":{"@id":"https:\/\/uees.edu.ec\/dia-del-disenador-de-interiores-se-celebro-con-taller-junto-a-sherwin-williams-y-pladecons\/"},"wordCount":312,"commentCount":0,"publisher":{"@id":"https:\/\/uees.edu.ec\/#organization"},"image":{"@id":"https:\/\/uees.edu.ec\/dia-del-disenador-de-interiores-se-celebro-con-taller-junto-a-sherwin-williams-y-pladecons\/#primaryimage"},"thumbnailUrl":"https:\/\/uees.edu.ec\/wp-content\/uploads\/2025\/05\/IMG_1066-scaled.jpg","keywords":["Arquitectura","Arquitectura de Interiores","D\u00eda del Dise\u00f1ador de Interiores","Pladecons","Sherwin Williams"],"articleSection":["Arquitectura","Noticias"],"inLanguage":"en-US","potentialAction":[{"@type":"CommentAction","name":"Comment","target":["https:\/\/uees.edu.ec\/dia-del-disenador-de-interiores-se-celebro-con-taller-junto-a-sherwin-williams-y-pladecons\/#respond"]}]},{"@type":"WebPage","@id":"https:\/\/uees.edu.ec\/dia-del-disenador-de-interiores-se-celebro-con-taller-junto-a-sherwin-williams-y-pladecons\/","url":"https:\/\/uees.edu.ec\/dia-del-disenador-de-interiores-se-celebro-con-taller-junto-a-sherwin-williams-y-pladecons\/","name":"D\u00eda del Dise\u00f1ador de Interiores se celebr\u00f3 junto a Sherwin Williams y Pladecons - UEES - Universidad Esp\u00edritu Santo","isPartOf":{"@id":"https:\/\/uees.edu.ec\/#website"},"primaryImageOfPage":{"@id":"https:\/\/uees.edu.ec\/dia-del-disenador-de-interiores-se-celebro-con-taller-junto-a-sherwin-williams-y-pladecons\/#primaryimage"},"image":{"@id":"https:\/\/uees.edu.ec\/dia-del-disenador-de-interiores-se-celebro-con-taller-junto-a-sherwin-williams-y-pladecons\/#primaryimage"},"thumbnailUrl":"https:\/\/uees.edu.ec\/wp-content\/uploads\/2025\/05\/IMG_1066-scaled.jpg","datePublished":"2025-05-30T19:47:09+00:00","dateModified":"2025-05-30T20:24:41+00:00","breadcrumb":{"@id":"https:\/\/uees.edu.ec\/dia-del-disenador-de-interiores-se-celebro-con-taller-junto-a-sherwin-williams-y-pladecons\/#breadcrumb"},"inLanguage":"en-US","potentialAction":[{"@type":"ReadAction","target":["https:\/\/uees.edu.ec\/dia-del-disenador-de-interiores-se-celebro-con-taller-junto-a-sherwin-williams-y-pladecons\/"]}]},{"@type":"ImageObject","inLanguage":"en-US","@id":"https:\/\/uees.edu.ec\/dia-del-disenador-de-interiores-se-celebro-con-taller-junto-a-sherwin-williams-y-pladecons\/#primaryimage","url":"https:\/\/uees.edu.ec\/wp-content\/uploads\/2025\/05\/IMG_1066-scaled.jpg","contentUrl":"https:\/\/uees.edu.ec\/wp-content\/uploads\/2025\/05\/IMG_1066-scaled.jpg","width":2560,"height":1920},{"@type":"BreadcrumbList","@id":"https:\/\/uees.edu.ec\/dia-del-disenador-de-interiores-se-celebro-con-taller-junto-a-sherwin-williams-y-pladecons\/#breadcrumb","itemListElement":[{"@type":"ListItem","position":1,"name":"Home","item":"https:\/\/uees.edu.ec\/"},{"@type":"ListItem","position":2,"name":"D\u00eda del Dise\u00f1ador de Interiores se celebr\u00f3 junto a Sherwin Williams y Pladecons"}]},{"@type":"WebSite","@id":"https:\/\/uees.edu.ec\/#website","url":"https:\/\/uees.edu.ec\/","name":"Espiritu Santo University - UEES","description":"In constant innovation","publisher":{"@id":"https:\/\/uees.edu.ec\/#organization"},"alternateName":"Universidad Esp\u00edritu Santo - UEES","potentialAction":[{"@type":"SearchAction","target":{"@type":"EntryPoint","urlTemplate":"https:\/\/uees.edu.ec\/?s={search_term_string}"},"query-input":{"@type":"PropertyValueSpecification","valueRequired":true,"valueName":"search_term_string"}}],"inLanguage":"en-US"},{"@type":"Organization","@id":"https:\/\/uees.edu.ec\/#organization","name":"Espiritu Santo University - UEES","alternateName":"La mejor universidad en Ecuador","url":"https:\/\/uees.edu.ec\/","logo":{"@type":"ImageObject","inLanguage":"en-US","@id":"https:\/\/uees.edu.ec\/#\/schema\/logo\/image\/","url":"https:\/\/uees.edu.ec\/wp-content\/uploads\/2021\/03\/Logo-UEES.png","contentUrl":"https:\/\/uees.edu.ec\/wp-content\/uploads\/2021\/03\/Logo-UEES.png","width":221,"height":86,"caption":"Universidad Esp\u00edritu Santo - UEES"},"image":{"@id":"https:\/\/uees.edu.ec\/#\/schema\/logo\/image\/"},"sameAs":["https:\/\/www.facebook.com\/universidadespiritusanto","https:\/\/x.com\/uees_ec","https:\/\/www.instagram.com\/uees_ec\/","https:\/\/www.linkedin.com\/school\/esp-ritu-santo","https:\/\/www.youtube.com\/user\/UEES2009","https:\/\/es.wikipedia.org\/wiki\/Universidad_de_Especialidades_Esp\u00edritu_Santo"]},{"@type":"Person","@id":"https:\/\/uees.edu.ec\/#\/schema\/person\/d63ccd280ffea0cfa500ff8e223df681","name":"Elisa NIeto","image":{"@type":"ImageObject","inLanguage":"en-US","@id":"https:\/\/secure.gravatar.com\/avatar\/605564af463a7fd0c423bca29297cbceebac05a022669b655b2f2dcd2c6bf03e?s=96&d=mm&r=g","url":"https:\/\/secure.gravatar.com\/avatar\/605564af463a7fd0c423bca29297cbceebac05a022669b655b2f2dcd2c6bf03e?s=96&d=mm&r=g","contentUrl":"https:\/\/secure.gravatar.com\/avatar\/605564af463a7fd0c423bca29297cbceebac05a022669b655b2f2dcd2c6bf03e?s=96&d=mm&r=g","caption":"Elisa NIeto"},"url":"https:\/\/uees.edu.ec\/en\/author\/elisa-nieto\/"}]}},"_links":{"self":[{"href":"https:\/\/uees.edu.ec\/en\/wp-json\/wp\/v2\/posts\/29441","targetHints":{"allow":["GET"]}}],"collection":[{"href":"https:\/\/uees.edu.ec\/en\/wp-json\/wp\/v2\/posts"}],"about":[{"href":"https:\/\/uees.edu.ec\/en\/wp-json\/wp\/v2\/types\/post"}],"author":[{"embeddable":true,"href":"https:\/\/uees.edu.ec\/en\/wp-json\/wp\/v2\/users\/10000093"}],"replies":[{"embeddable":true,"href":"https:\/\/uees.edu.ec\/en\/wp-json\/wp\/v2\/comments?post=29441"}],"version-history":[{"count":5,"href":"https:\/\/uees.edu.ec\/en\/wp-json\/wp\/v2\/posts\/29441\/revisions"}],"predecessor-version":[{"id":29454,"href":"https:\/\/uees.edu.ec\/en\/wp-json\/wp\/v2\/posts\/29441\/revisions\/29454"}],"wp:featuredmedia":[{"embeddable":true,"href":"https:\/\/uees.edu.ec\/en\/wp-json\/wp\/v2\/media\/29452"}],"wp:attachment":[{"href":"https:\/\/uees.edu.ec\/en\/wp-json\/wp\/v2\/media?parent=29441"}],"wp:term":[{"taxonomy":"category","embeddable":true,"href":"https:\/\/uees.edu.ec\/en\/wp-json\/wp\/v2\/categories?post=29441"},{"taxonomy":"post_tag","embeddable":true,"href":"https:\/\/uees.edu.ec\/en\/wp-json\/wp\/v2\/tags?post=29441"}],"curies":[{"name":"wp","href":"https:\/\/api.w.org\/{rel}","templated":true}]}}