{"id":27626,"date":"2025-02-11T14:33:27","date_gmt":"2025-02-11T19:33:27","guid":{"rendered":"https:\/\/uees.edu.ec\/?p=27626"},"modified":"2025-02-11T14:33:48","modified_gmt":"2025-02-11T19:33:48","slug":"cientificos-descubren-por-primera-vez-en-america-un-mangle-asiatico-en-golfo-ecuatoriano","status":"publish","type":"post","link":"https:\/\/uees.edu.ec\/en\/cientificos-descubren-por-primera-vez-en-america-un-mangle-asiatico-en-golfo-ecuatoriano\/","title":{"rendered":"Scientists discover for the first time in America an Asian mangrove in Ecuadorian gulf"},"content":{"rendered":"<p><img loading=\"lazy\" decoding=\"async\" class=\"alignnone size-large wp-image-27630\" src=\"https:\/\/uees.edu.ec\/wp-content\/uploads\/2025\/02\/DSC4151-1024x576.jpg\" alt=\"\" width=\"1024\" height=\"576\" srcset=\"https:\/\/uees.edu.ec\/wp-content\/uploads\/2025\/02\/DSC4151-1024x576.jpg 1024w, https:\/\/uees.edu.ec\/wp-content\/uploads\/2025\/02\/DSC4151-300x169.jpg 300w, https:\/\/uees.edu.ec\/wp-content\/uploads\/2025\/02\/DSC4151-768x432.jpg 768w, https:\/\/uees.edu.ec\/wp-content\/uploads\/2025\/02\/DSC4151-1536x864.jpg 1536w, https:\/\/uees.edu.ec\/wp-content\/uploads\/2025\/02\/DSC4151-2048x1153.jpg 2048w\" sizes=\"auto, (max-width: 1024px) 100vw, 1024px\" \/><\/p>\n<p>Santay Island, a protected area of 2,179 hectares in the <strong>Gulf of Guayaquil, Ecuador<\/strong>, has been the scene of an important environmental finding. The UEES research professor Natalia Molina Moreira identified the presence of the <strong>Asian mangrove Heritiera fomes Banks<\/strong>, a rare species typically found in tropical and subtropical areas of Asia. This discovery, made in 2022, was confirmed by Dr. Laurence Dorr of the Smithsonian Institution, and highlights the relevance of Santay Island as a reference in environmental studies.<\/p>\n<p><img loading=\"lazy\" decoding=\"async\" class=\"alignnone size-large wp-image-27632\" src=\"https:\/\/uees.edu.ec\/wp-content\/uploads\/2025\/02\/DSC4178-1024x576.jpg\" alt=\"\" width=\"1024\" height=\"576\" srcset=\"https:\/\/uees.edu.ec\/wp-content\/uploads\/2025\/02\/DSC4178-1024x576.jpg 1024w, https:\/\/uees.edu.ec\/wp-content\/uploads\/2025\/02\/DSC4178-300x169.jpg 300w, https:\/\/uees.edu.ec\/wp-content\/uploads\/2025\/02\/DSC4178-768x432.jpg 768w, https:\/\/uees.edu.ec\/wp-content\/uploads\/2025\/02\/DSC4178-1536x864.jpg 1536w, https:\/\/uees.edu.ec\/wp-content\/uploads\/2025\/02\/DSC4178-2048x1153.jpg 2048w\" sizes=\"auto, (max-width: 1024px) 100vw, 1024px\" \/><\/p>\n<p>During fieldwork, conducted in collaboration with park ranger \u00c1lvaro Torres-Dom\u00ednguez and biologists Roberto Rom\u00e1n and Efra\u00edn Freire of the National Herbarium-INABIO, several populations of H. fomes were documented in the northern part of the island. With a total of 81 trees, this species appears to be naturalized, flowering and producing fruit at least twice a year, and growing alongside native mangrove and dry forest species.<\/p>\n<p>However, how the species was introduced remains a mystery, although maritime transport related to trade between Ecuador and Asia is considered the most likely means.<\/p>\n<p><img loading=\"lazy\" decoding=\"async\" class=\"alignnone size-large wp-image-27633\" src=\"https:\/\/uees.edu.ec\/wp-content\/uploads\/2025\/02\/DSC08819-1-1024x683.jpg\" alt=\"\" width=\"1024\" height=\"683\" srcset=\"https:\/\/uees.edu.ec\/wp-content\/uploads\/2025\/02\/DSC08819-1-1024x683.jpg 1024w, https:\/\/uees.edu.ec\/wp-content\/uploads\/2025\/02\/DSC08819-1-300x200.jpg 300w, https:\/\/uees.edu.ec\/wp-content\/uploads\/2025\/02\/DSC08819-1-768x512.jpg 768w, https:\/\/uees.edu.ec\/wp-content\/uploads\/2025\/02\/DSC08819-1-1536x1024.jpg 1536w, https:\/\/uees.edu.ec\/wp-content\/uploads\/2025\/02\/DSC08819-1-2048x1365.jpg 2048w, https:\/\/uees.edu.ec\/wp-content\/uploads\/2025\/02\/DSC08819-1-1500x1000.jpg 1500w\" sizes=\"auto, (max-width: 1024px) 100vw, 1024px\" \/><br \/>\nThe finding of Heritiera fomes raises concerns about its invasive potential in the local ecosystem, given that the environmental conditions of Santay Island are similar to its natural habitat. This discovery opens the door to the need for future studies to evaluate the impact of this species on local biodiversity and to develop appropriate management strategies to protect the ecological richness of the island.<\/p>","protected":false},"excerpt":{"rendered":"<p>La Isla Santay, un \u00e1rea protegida de 2.179 hect\u00e1reas en el Golfo de Guayaquil, Ecuador, ha sido el escenario de un importante hallazgo ambiental. La docente investigadora de la UEES, Natalia Molina Moreira identific\u00f3 la presencia del manglar asi\u00e1tico Heritiera fomes Banks, especie rara que se encuentra t\u00edpicamente en zonas tropicales y subtropicales de Asia. [&hellip;]<\/p>\n","protected":false},"author":10000093,"featured_media":27630,"comment_status":"open","ping_status":"open","sticky":false,"template":"","format":"standard","meta":{"_acf_changed":false,"footnotes":""},"categories":[480,552,75],"tags":[516,729,670,728],"class_list":["post-27626","post","type-post","status-publish","format-standard","has-post-thumbnail","hentry","category-centro-de-investigacion","category-centro-de-investigaciones","category-noticias","tag-ambiental","tag-golfo-de-guayaquil","tag-manglares","tag-mangle-asiatico"],"acf":[],"yoast_head":"<!-- This site is optimized with the Yoast SEO Premium plugin v27.4 (Yoast SEO v27.4) - https:\/\/yoast.com\/product\/yoast-seo-premium-wordpress\/ -->\n<title>Cient\u00edficos descubren por primera vez en Am\u00e9rica un mangle asi\u00e1tico en golfo ecuatoriano - UEES - Universidad Esp\u00edritu Santo<\/title>\n<meta name=\"robots\" content=\"index, follow, max-snippet:-1, max-image-preview:large, max-video-preview:-1\" \/>\n<link rel=\"canonical\" href=\"https:\/\/uees.edu.ec\/en\/cientificos-descubren-por-primera-vez-en-america-un-mangle-asiatico-en-golfo-ecuatoriano\/\" \/>\n<meta property=\"og:locale\" content=\"en_US\" \/>\n<meta property=\"og:type\" content=\"article\" \/>\n<meta property=\"og:title\" content=\"Cient\u00edficos descubren por primera vez en Am\u00e9rica un mangle asi\u00e1tico en golfo ecuatoriano\" \/>\n<meta property=\"og:description\" content=\"La Isla Santay, un \u00e1rea protegida de 2.179 hect\u00e1reas en el Golfo de Guayaquil, Ecuador, ha sido el escenario de un importante hallazgo ambiental. La docente investigadora de la UEES, Natalia Molina Moreira identific\u00f3 la presencia del manglar asi\u00e1tico Heritiera fomes Banks, especie rara que se encuentra t\u00edpicamente en zonas tropicales y subtropicales de Asia. [&hellip;]\" \/>\n<meta property=\"og:url\" content=\"https:\/\/uees.edu.ec\/en\/cientificos-descubren-por-primera-vez-en-america-un-mangle-asiatico-en-golfo-ecuatoriano\/\" \/>\n<meta property=\"og:site_name\" content=\"UEES - Universidad Esp\u00edritu Santo\" \/>\n<meta property=\"article:publisher\" content=\"https:\/\/www.facebook.com\/universidadespiritusanto\" \/>\n<meta property=\"article:published_time\" content=\"2025-02-11T19:33:27+00:00\" \/>\n<meta property=\"article:modified_time\" content=\"2025-02-11T19:33:48+00:00\" \/>\n<meta property=\"og:image\" content=\"https:\/\/uees.edu.ec\/wp-content\/uploads\/2025\/02\/DSC4151-scaled.jpg\" \/>\n\t<meta property=\"og:image:width\" content=\"2560\" \/>\n\t<meta property=\"og:image:height\" content=\"1441\" \/>\n\t<meta property=\"og:image:type\" content=\"image\/jpeg\" \/>\n<meta name=\"author\" content=\"Elisa NIeto\" \/>\n<meta name=\"twitter:card\" content=\"summary_large_image\" \/>\n<meta name=\"twitter:creator\" content=\"@uees_ec\" \/>\n<meta name=\"twitter:site\" content=\"@uees_ec\" \/>\n<meta name=\"twitter:label1\" content=\"Written by\" \/>\n\t<meta name=\"twitter:data1\" content=\"Elisa NIeto\" \/>\n\t<meta name=\"twitter:label2\" content=\"Est. reading time\" \/>\n\t<meta name=\"twitter:data2\" content=\"2 minutes\" \/>\n<script type=\"application\/ld+json\" class=\"yoast-schema-graph\">{\"@context\":\"https:\\\/\\\/schema.org\",\"@graph\":[{\"@type\":[\"Article\",\"BlogPosting\"],\"@id\":\"https:\\\/\\\/uees.edu.ec\\\/cientificos-descubren-por-primera-vez-en-america-un-mangle-asiatico-en-golfo-ecuatoriano\\\/#article\",\"isPartOf\":{\"@id\":\"https:\\\/\\\/uees.edu.ec\\\/cientificos-descubren-por-primera-vez-en-america-un-mangle-asiatico-en-golfo-ecuatoriano\\\/\"},\"author\":{\"name\":\"Elisa NIeto\",\"@id\":\"https:\\\/\\\/uees.edu.ec\\\/#\\\/schema\\\/person\\\/d63ccd280ffea0cfa500ff8e223df681\"},\"headline\":\"Cient\u00edficos descubren por primera vez en Am\u00e9rica un mangle asi\u00e1tico en golfo ecuatoriano\",\"datePublished\":\"2025-02-11T19:33:27+00:00\",\"dateModified\":\"2025-02-11T19:33:48+00:00\",\"mainEntityOfPage\":{\"@id\":\"https:\\\/\\\/uees.edu.ec\\\/cientificos-descubren-por-primera-vez-en-america-un-mangle-asiatico-en-golfo-ecuatoriano\\\/\"},\"wordCount\":284,\"commentCount\":0,\"publisher\":{\"@id\":\"https:\\\/\\\/uees.edu.ec\\\/#organization\"},\"image\":{\"@id\":\"https:\\\/\\\/uees.edu.ec\\\/cientificos-descubren-por-primera-vez-en-america-un-mangle-asiatico-en-golfo-ecuatoriano\\\/#primaryimage\"},\"thumbnailUrl\":\"https:\\\/\\\/uees.edu.ec\\\/wp-content\\\/uploads\\\/2025\\\/02\\\/DSC4151-scaled.jpg\",\"keywords\":[\"Ambiental\",\"Golfo de Guayaquil\",\"Manglares\",\"Mangle asi\u00e1tico\"],\"articleSection\":[\"Centro de Investigaci\u00f3n\",\"Centro de Investigaciones\",\"Noticias\"],\"inLanguage\":\"en-US\",\"potentialAction\":[{\"@type\":\"CommentAction\",\"name\":\"Comment\",\"target\":[\"https:\\\/\\\/uees.edu.ec\\\/cientificos-descubren-por-primera-vez-en-america-un-mangle-asiatico-en-golfo-ecuatoriano\\\/#respond\"]}]},{\"@type\":\"WebPage\",\"@id\":\"https:\\\/\\\/uees.edu.ec\\\/cientificos-descubren-por-primera-vez-en-america-un-mangle-asiatico-en-golfo-ecuatoriano\\\/\",\"url\":\"https:\\\/\\\/uees.edu.ec\\\/cientificos-descubren-por-primera-vez-en-america-un-mangle-asiatico-en-golfo-ecuatoriano\\\/\",\"name\":\"Cient\u00edficos descubren por primera vez en Am\u00e9rica un mangle asi\u00e1tico en golfo ecuatoriano - UEES - Universidad Esp\u00edritu Santo\",\"isPartOf\":{\"@id\":\"https:\\\/\\\/uees.edu.ec\\\/#website\"},\"primaryImageOfPage\":{\"@id\":\"https:\\\/\\\/uees.edu.ec\\\/cientificos-descubren-por-primera-vez-en-america-un-mangle-asiatico-en-golfo-ecuatoriano\\\/#primaryimage\"},\"image\":{\"@id\":\"https:\\\/\\\/uees.edu.ec\\\/cientificos-descubren-por-primera-vez-en-america-un-mangle-asiatico-en-golfo-ecuatoriano\\\/#primaryimage\"},\"thumbnailUrl\":\"https:\\\/\\\/uees.edu.ec\\\/wp-content\\\/uploads\\\/2025\\\/02\\\/DSC4151-scaled.jpg\",\"datePublished\":\"2025-02-11T19:33:27+00:00\",\"dateModified\":\"2025-02-11T19:33:48+00:00\",\"breadcrumb\":{\"@id\":\"https:\\\/\\\/uees.edu.ec\\\/cientificos-descubren-por-primera-vez-en-america-un-mangle-asiatico-en-golfo-ecuatoriano\\\/#breadcrumb\"},\"inLanguage\":\"en-US\",\"potentialAction\":[{\"@type\":\"ReadAction\",\"target\":[\"https:\\\/\\\/uees.edu.ec\\\/cientificos-descubren-por-primera-vez-en-america-un-mangle-asiatico-en-golfo-ecuatoriano\\\/\"]}]},{\"@type\":\"ImageObject\",\"inLanguage\":\"en-US\",\"@id\":\"https:\\\/\\\/uees.edu.ec\\\/cientificos-descubren-por-primera-vez-en-america-un-mangle-asiatico-en-golfo-ecuatoriano\\\/#primaryimage\",\"url\":\"https:\\\/\\\/uees.edu.ec\\\/wp-content\\\/uploads\\\/2025\\\/02\\\/DSC4151-scaled.jpg\",\"contentUrl\":\"https:\\\/\\\/uees.edu.ec\\\/wp-content\\\/uploads\\\/2025\\\/02\\\/DSC4151-scaled.jpg\",\"width\":2560,\"height\":1441},{\"@type\":\"BreadcrumbList\",\"@id\":\"https:\\\/\\\/uees.edu.ec\\\/cientificos-descubren-por-primera-vez-en-america-un-mangle-asiatico-en-golfo-ecuatoriano\\\/#breadcrumb\",\"itemListElement\":[{\"@type\":\"ListItem\",\"position\":1,\"name\":\"Home\",\"item\":\"https:\\\/\\\/uees.edu.ec\\\/\"},{\"@type\":\"ListItem\",\"position\":2,\"name\":\"Cient\u00edficos descubren por primera vez en Am\u00e9rica un mangle asi\u00e1tico en golfo ecuatoriano\"}]},{\"@type\":\"WebSite\",\"@id\":\"https:\\\/\\\/uees.edu.ec\\\/#website\",\"url\":\"https:\\\/\\\/uees.edu.ec\\\/\",\"name\":\"Universidad Esp\u00edritu Santo - UEES\",\"description\":\"En constante innovaci\u00f3n\",\"publisher\":{\"@id\":\"https:\\\/\\\/uees.edu.ec\\\/#organization\"},\"alternateName\":\"Universidad Esp\u00edritu Santo - UEES\",\"potentialAction\":[{\"@type\":\"SearchAction\",\"target\":{\"@type\":\"EntryPoint\",\"urlTemplate\":\"https:\\\/\\\/uees.edu.ec\\\/?s={search_term_string}\"},\"query-input\":{\"@type\":\"PropertyValueSpecification\",\"valueRequired\":true,\"valueName\":\"search_term_string\"}}],\"inLanguage\":\"en-US\"},{\"@type\":\"Organization\",\"@id\":\"https:\\\/\\\/uees.edu.ec\\\/#organization\",\"name\":\"Universidad Esp\u00edritu Santo - UEES\",\"alternateName\":\"La mejor universidad en Ecuador\",\"url\":\"https:\\\/\\\/uees.edu.ec\\\/\",\"logo\":{\"@type\":\"ImageObject\",\"inLanguage\":\"en-US\",\"@id\":\"https:\\\/\\\/uees.edu.ec\\\/#\\\/schema\\\/logo\\\/image\\\/\",\"url\":\"https:\\\/\\\/uees.edu.ec\\\/wp-content\\\/uploads\\\/2021\\\/03\\\/Logo-UEES.png\",\"contentUrl\":\"https:\\\/\\\/uees.edu.ec\\\/wp-content\\\/uploads\\\/2021\\\/03\\\/Logo-UEES.png\",\"width\":221,\"height\":86,\"caption\":\"Universidad Esp\u00edritu Santo - UEES\"},\"image\":{\"@id\":\"https:\\\/\\\/uees.edu.ec\\\/#\\\/schema\\\/logo\\\/image\\\/\"},\"sameAs\":[\"https:\\\/\\\/www.facebook.com\\\/universidadespiritusanto\",\"https:\\\/\\\/x.com\\\/uees_ec\",\"https:\\\/\\\/www.instagram.com\\\/uees_ec\\\/\",\"https:\\\/\\\/www.linkedin.com\\\/school\\\/esp-ritu-santo\",\"https:\\\/\\\/www.youtube.com\\\/user\\\/UEES2009\",\"https:\\\/\\\/es.wikipedia.org\\\/wiki\\\/Universidad_de_Especialidades_Esp\u00edritu_Santo\"]},{\"@type\":\"Person\",\"@id\":\"https:\\\/\\\/uees.edu.ec\\\/#\\\/schema\\\/person\\\/d63ccd280ffea0cfa500ff8e223df681\",\"name\":\"Elisa NIeto\",\"image\":{\"@type\":\"ImageObject\",\"inLanguage\":\"en-US\",\"@id\":\"https:\\\/\\\/secure.gravatar.com\\\/avatar\\\/605564af463a7fd0c423bca29297cbceebac05a022669b655b2f2dcd2c6bf03e?s=96&d=mm&r=g\",\"url\":\"https:\\\/\\\/secure.gravatar.com\\\/avatar\\\/605564af463a7fd0c423bca29297cbceebac05a022669b655b2f2dcd2c6bf03e?s=96&d=mm&r=g\",\"contentUrl\":\"https:\\\/\\\/secure.gravatar.com\\\/avatar\\\/605564af463a7fd0c423bca29297cbceebac05a022669b655b2f2dcd2c6bf03e?s=96&d=mm&r=g\",\"caption\":\"Elisa NIeto\"},\"url\":\"https:\\\/\\\/uees.edu.ec\\\/en\\\/author\\\/elisa-nieto\\\/\"}]}<\/script>\n<!-- \/ Yoast SEO Premium plugin. -->","yoast_head_json":{"title":"Cient\u00edficos descubren por primera vez en Am\u00e9rica un mangle asi\u00e1tico en golfo ecuatoriano - UEES - Universidad Esp\u00edritu Santo","robots":{"index":"index","follow":"follow","max-snippet":"max-snippet:-1","max-image-preview":"max-image-preview:large","max-video-preview":"max-video-preview:-1"},"canonical":"https:\/\/uees.edu.ec\/en\/cientificos-descubren-por-primera-vez-en-america-un-mangle-asiatico-en-golfo-ecuatoriano\/","og_locale":"en_US","og_type":"article","og_title":"Cient\u00edficos descubren por primera vez en Am\u00e9rica un mangle asi\u00e1tico en golfo ecuatoriano","og_description":"La Isla Santay, un \u00e1rea protegida de 2.179 hect\u00e1reas en el Golfo de Guayaquil, Ecuador, ha sido el escenario de un importante hallazgo ambiental. La docente investigadora de la UEES, Natalia Molina Moreira identific\u00f3 la presencia del manglar asi\u00e1tico Heritiera fomes Banks, especie rara que se encuentra t\u00edpicamente en zonas tropicales y subtropicales de Asia. [&hellip;]","og_url":"https:\/\/uees.edu.ec\/en\/cientificos-descubren-por-primera-vez-en-america-un-mangle-asiatico-en-golfo-ecuatoriano\/","og_site_name":"UEES - Universidad Esp\u00edritu Santo","article_publisher":"https:\/\/www.facebook.com\/universidadespiritusanto","article_published_time":"2025-02-11T19:33:27+00:00","article_modified_time":"2025-02-11T19:33:48+00:00","og_image":[{"width":2560,"height":1441,"url":"https:\/\/uees.edu.ec\/wp-content\/uploads\/2025\/02\/DSC4151-scaled.jpg","type":"image\/jpeg"}],"author":"Elisa NIeto","twitter_card":"summary_large_image","twitter_creator":"@uees_ec","twitter_site":"@uees_ec","twitter_misc":{"Written by":"Elisa NIeto","Est. reading time":"2 minutes"},"schema":{"@context":"https:\/\/schema.org","@graph":[{"@type":["Article","BlogPosting"],"@id":"https:\/\/uees.edu.ec\/cientificos-descubren-por-primera-vez-en-america-un-mangle-asiatico-en-golfo-ecuatoriano\/#article","isPartOf":{"@id":"https:\/\/uees.edu.ec\/cientificos-descubren-por-primera-vez-en-america-un-mangle-asiatico-en-golfo-ecuatoriano\/"},"author":{"name":"Elisa NIeto","@id":"https:\/\/uees.edu.ec\/#\/schema\/person\/d63ccd280ffea0cfa500ff8e223df681"},"headline":"Cient\u00edficos descubren por primera vez en Am\u00e9rica un mangle asi\u00e1tico en golfo ecuatoriano","datePublished":"2025-02-11T19:33:27+00:00","dateModified":"2025-02-11T19:33:48+00:00","mainEntityOfPage":{"@id":"https:\/\/uees.edu.ec\/cientificos-descubren-por-primera-vez-en-america-un-mangle-asiatico-en-golfo-ecuatoriano\/"},"wordCount":284,"commentCount":0,"publisher":{"@id":"https:\/\/uees.edu.ec\/#organization"},"image":{"@id":"https:\/\/uees.edu.ec\/cientificos-descubren-por-primera-vez-en-america-un-mangle-asiatico-en-golfo-ecuatoriano\/#primaryimage"},"thumbnailUrl":"https:\/\/uees.edu.ec\/wp-content\/uploads\/2025\/02\/DSC4151-scaled.jpg","keywords":["Ambiental","Golfo de Guayaquil","Manglares","Mangle asi\u00e1tico"],"articleSection":["Centro de Investigaci\u00f3n","Centro de Investigaciones","Noticias"],"inLanguage":"en-US","potentialAction":[{"@type":"CommentAction","name":"Comment","target":["https:\/\/uees.edu.ec\/cientificos-descubren-por-primera-vez-en-america-un-mangle-asiatico-en-golfo-ecuatoriano\/#respond"]}]},{"@type":"WebPage","@id":"https:\/\/uees.edu.ec\/cientificos-descubren-por-primera-vez-en-america-un-mangle-asiatico-en-golfo-ecuatoriano\/","url":"https:\/\/uees.edu.ec\/cientificos-descubren-por-primera-vez-en-america-un-mangle-asiatico-en-golfo-ecuatoriano\/","name":"Cient\u00edficos descubren por primera vez en Am\u00e9rica un mangle asi\u00e1tico en golfo ecuatoriano - UEES - Universidad Esp\u00edritu Santo","isPartOf":{"@id":"https:\/\/uees.edu.ec\/#website"},"primaryImageOfPage":{"@id":"https:\/\/uees.edu.ec\/cientificos-descubren-por-primera-vez-en-america-un-mangle-asiatico-en-golfo-ecuatoriano\/#primaryimage"},"image":{"@id":"https:\/\/uees.edu.ec\/cientificos-descubren-por-primera-vez-en-america-un-mangle-asiatico-en-golfo-ecuatoriano\/#primaryimage"},"thumbnailUrl":"https:\/\/uees.edu.ec\/wp-content\/uploads\/2025\/02\/DSC4151-scaled.jpg","datePublished":"2025-02-11T19:33:27+00:00","dateModified":"2025-02-11T19:33:48+00:00","breadcrumb":{"@id":"https:\/\/uees.edu.ec\/cientificos-descubren-por-primera-vez-en-america-un-mangle-asiatico-en-golfo-ecuatoriano\/#breadcrumb"},"inLanguage":"en-US","potentialAction":[{"@type":"ReadAction","target":["https:\/\/uees.edu.ec\/cientificos-descubren-por-primera-vez-en-america-un-mangle-asiatico-en-golfo-ecuatoriano\/"]}]},{"@type":"ImageObject","inLanguage":"en-US","@id":"https:\/\/uees.edu.ec\/cientificos-descubren-por-primera-vez-en-america-un-mangle-asiatico-en-golfo-ecuatoriano\/#primaryimage","url":"https:\/\/uees.edu.ec\/wp-content\/uploads\/2025\/02\/DSC4151-scaled.jpg","contentUrl":"https:\/\/uees.edu.ec\/wp-content\/uploads\/2025\/02\/DSC4151-scaled.jpg","width":2560,"height":1441},{"@type":"BreadcrumbList","@id":"https:\/\/uees.edu.ec\/cientificos-descubren-por-primera-vez-en-america-un-mangle-asiatico-en-golfo-ecuatoriano\/#breadcrumb","itemListElement":[{"@type":"ListItem","position":1,"name":"Home","item":"https:\/\/uees.edu.ec\/"},{"@type":"ListItem","position":2,"name":"Cient\u00edficos descubren por primera vez en Am\u00e9rica un mangle asi\u00e1tico en golfo ecuatoriano"}]},{"@type":"WebSite","@id":"https:\/\/uees.edu.ec\/#website","url":"https:\/\/uees.edu.ec\/","name":"Espiritu Santo University - UEES","description":"In constant innovation","publisher":{"@id":"https:\/\/uees.edu.ec\/#organization"},"alternateName":"Universidad Esp\u00edritu Santo - UEES","potentialAction":[{"@type":"SearchAction","target":{"@type":"EntryPoint","urlTemplate":"https:\/\/uees.edu.ec\/?s={search_term_string}"},"query-input":{"@type":"PropertyValueSpecification","valueRequired":true,"valueName":"search_term_string"}}],"inLanguage":"en-US"},{"@type":"Organization","@id":"https:\/\/uees.edu.ec\/#organization","name":"Espiritu Santo University - UEES","alternateName":"La mejor universidad en Ecuador","url":"https:\/\/uees.edu.ec\/","logo":{"@type":"ImageObject","inLanguage":"en-US","@id":"https:\/\/uees.edu.ec\/#\/schema\/logo\/image\/","url":"https:\/\/uees.edu.ec\/wp-content\/uploads\/2021\/03\/Logo-UEES.png","contentUrl":"https:\/\/uees.edu.ec\/wp-content\/uploads\/2021\/03\/Logo-UEES.png","width":221,"height":86,"caption":"Universidad Esp\u00edritu Santo - UEES"},"image":{"@id":"https:\/\/uees.edu.ec\/#\/schema\/logo\/image\/"},"sameAs":["https:\/\/www.facebook.com\/universidadespiritusanto","https:\/\/x.com\/uees_ec","https:\/\/www.instagram.com\/uees_ec\/","https:\/\/www.linkedin.com\/school\/esp-ritu-santo","https:\/\/www.youtube.com\/user\/UEES2009","https:\/\/es.wikipedia.org\/wiki\/Universidad_de_Especialidades_Esp\u00edritu_Santo"]},{"@type":"Person","@id":"https:\/\/uees.edu.ec\/#\/schema\/person\/d63ccd280ffea0cfa500ff8e223df681","name":"Elisa NIeto","image":{"@type":"ImageObject","inLanguage":"en-US","@id":"https:\/\/secure.gravatar.com\/avatar\/605564af463a7fd0c423bca29297cbceebac05a022669b655b2f2dcd2c6bf03e?s=96&d=mm&r=g","url":"https:\/\/secure.gravatar.com\/avatar\/605564af463a7fd0c423bca29297cbceebac05a022669b655b2f2dcd2c6bf03e?s=96&d=mm&r=g","contentUrl":"https:\/\/secure.gravatar.com\/avatar\/605564af463a7fd0c423bca29297cbceebac05a022669b655b2f2dcd2c6bf03e?s=96&d=mm&r=g","caption":"Elisa NIeto"},"url":"https:\/\/uees.edu.ec\/en\/author\/elisa-nieto\/"}]}},"_links":{"self":[{"href":"https:\/\/uees.edu.ec\/en\/wp-json\/wp\/v2\/posts\/27626","targetHints":{"allow":["GET"]}}],"collection":[{"href":"https:\/\/uees.edu.ec\/en\/wp-json\/wp\/v2\/posts"}],"about":[{"href":"https:\/\/uees.edu.ec\/en\/wp-json\/wp\/v2\/types\/post"}],"author":[{"embeddable":true,"href":"https:\/\/uees.edu.ec\/en\/wp-json\/wp\/v2\/users\/10000093"}],"replies":[{"embeddable":true,"href":"https:\/\/uees.edu.ec\/en\/wp-json\/wp\/v2\/comments?post=27626"}],"version-history":[{"count":2,"href":"https:\/\/uees.edu.ec\/en\/wp-json\/wp\/v2\/posts\/27626\/revisions"}],"predecessor-version":[{"id":27635,"href":"https:\/\/uees.edu.ec\/en\/wp-json\/wp\/v2\/posts\/27626\/revisions\/27635"}],"wp:featuredmedia":[{"embeddable":true,"href":"https:\/\/uees.edu.ec\/en\/wp-json\/wp\/v2\/media\/27630"}],"wp:attachment":[{"href":"https:\/\/uees.edu.ec\/en\/wp-json\/wp\/v2\/media?parent=27626"}],"wp:term":[{"taxonomy":"category","embeddable":true,"href":"https:\/\/uees.edu.ec\/en\/wp-json\/wp\/v2\/categories?post=27626"},{"taxonomy":"post_tag","embeddable":true,"href":"https:\/\/uees.edu.ec\/en\/wp-json\/wp\/v2\/tags?post=27626"}],"curies":[{"name":"wp","href":"https:\/\/api.w.org\/{rel}","templated":true}]}}