{"id":25020,"date":"2024-07-30T15:35:05","date_gmt":"2024-07-30T20:35:05","guid":{"rendered":"https:\/\/uees.edu.ec\/?p=25020"},"modified":"2024-07-30T15:50:16","modified_gmt":"2024-07-30T20:50:16","slug":"investigador-se-convierte-en-el-primer-latinoamericano-en-ser-nombrado-profesor-adjunto-de-la-universidad-charite","status":"publish","type":"post","link":"https:\/\/uees.edu.ec\/en\/investigador-se-convierte-en-el-primer-latinoamericano-en-ser-nombrado-profesor-adjunto-de-la-universidad-charite\/","title":{"rendered":"Researcher becomes first Latin American to be named adjunct professor at Charit\u00e9 University"},"content":{"rendered":"<p><img loading=\"lazy\" decoding=\"async\" class=\"alignnone size-large wp-image-25022\" src=\"https:\/\/uees.edu.ec\/wp-content\/uploads\/2024\/07\/WhatsApp-Image-2024-07-30-at-3.33.56-PM-1024x683.jpeg\" alt=\"\" width=\"1024\" height=\"683\" srcset=\"https:\/\/uees.edu.ec\/wp-content\/uploads\/2024\/07\/WhatsApp-Image-2024-07-30-at-3.33.56-PM-1024x683.jpeg 1024w, https:\/\/uees.edu.ec\/wp-content\/uploads\/2024\/07\/WhatsApp-Image-2024-07-30-at-3.33.56-PM-300x200.jpeg 300w, https:\/\/uees.edu.ec\/wp-content\/uploads\/2024\/07\/WhatsApp-Image-2024-07-30-at-3.33.56-PM-768x512.jpeg 768w, https:\/\/uees.edu.ec\/wp-content\/uploads\/2024\/07\/WhatsApp-Image-2024-07-30-at-3.33.56-PM-1536x1024.jpeg 1536w, https:\/\/uees.edu.ec\/wp-content\/uploads\/2024\/07\/WhatsApp-Image-2024-07-30-at-3.33.56-PM-1500x1000.jpeg 1500w, https:\/\/uees.edu.ec\/wp-content\/uploads\/2024\/07\/WhatsApp-Image-2024-07-30-at-3.33.56-PM.jpeg 1600w\" sizes=\"auto, (max-width: 1024px) 100vw, 1024px\" \/><\/p>\n<p>Dr. Iv\u00e1n Ch\u00e9rrez Ojeda, professor and researcher at UEES, has been appointed adjunct professor in the<strong> Charit\u00e9 University of Berlin<\/strong>, one of the top 100 universities in the world according to the prestigious Times Higher Education ranking. This historic achievement is due to his significant contributions to medical research, especially in the study of diseases such as mastocytosis, chronic urticaria and atopic dermatitis.<\/p>\n<p>\u201cIt is a great opportunity for our university to continue the exchange of knowledge. We have prepared new projects that we will carry out with this institution and, for the first time, we will bring all that knowledge to advance research that we started five years ago,\u201d said Ch\u00e9rrez.<\/p>\n<p>This appointment highlights its academic trajectory, its capacity to develop innovative projects and its commitment to the exchange of knowledge between institutions. This strengthens scientific collaboration, improves the quality of patient care and places the university in the international spotlight for its scientific contributions.<\/p>\n<p>The recognition not only enhances Ch\u00e9rrez, but also opens new opportunities for UEES, promoting advanced research and creating a global knowledge network that will benefit students and professionals in the medical field.<\/p>\n<p>&nbsp;<\/p>\n<p>&nbsp;<\/p>\n<p>&nbsp;<\/p>\n<p>&nbsp;<\/p>\n<p>&nbsp;<\/p>","protected":false},"excerpt":{"rendered":"<p>El doctor Iv\u00e1n Ch\u00e9rrez Ojeda, docente e investigador de la UEES, ha sido nombrado profesor adjunto en la Universidad Charit\u00e9 de Berl\u00edn, una de las 100 mejores universidades del mundo seg\u00fan el prestigioso ranking Times Higher Education. Este logro hist\u00f3rico se debe a sus contribuciones significativas en la investigaci\u00f3n m\u00e9dica, especialmente en el estudio de [&hellip;]<\/p>\n","protected":false},"author":10000093,"featured_media":25022,"comment_status":"open","ping_status":"open","sticky":false,"template":"","format":"standard","meta":{"_acf_changed":false,"footnotes":""},"categories":[480,552,75],"tags":[624,402,625],"class_list":["post-25020","post","type-post","status-publish","format-standard","has-post-thumbnail","hentry","category-centro-de-investigacion","category-centro-de-investigaciones","category-noticias","tag-ivan-cherrez","tag-times-higher-education","tag-universidad-charite"],"acf":[],"yoast_head":"<!-- This site is optimized with the Yoast SEO Premium plugin v27.4 (Yoast SEO v27.4) - https:\/\/yoast.com\/product\/yoast-seo-premium-wordpress\/ -->\n<title>Investigador se convierte en el primer latinoamericano en ser nombrado profesor adjunto de la Universidad Charit\u00e9 - UEES - Universidad Esp\u00edritu Santo<\/title>\n<meta name=\"robots\" content=\"index, follow, max-snippet:-1, max-image-preview:large, max-video-preview:-1\" \/>\n<link rel=\"canonical\" href=\"https:\/\/uees.edu.ec\/en\/investigador-se-convierte-en-el-primer-latinoamericano-en-ser-nombrado-profesor-adjunto-de-la-universidad-charite\/\" \/>\n<meta property=\"og:locale\" content=\"en_US\" \/>\n<meta property=\"og:type\" content=\"article\" \/>\n<meta property=\"og:title\" content=\"Investigador se convierte en el primer latinoamericano en ser nombrado profesor adjunto de la Universidad Charit\u00e9\" \/>\n<meta property=\"og:description\" content=\"El doctor Iv\u00e1n Ch\u00e9rrez Ojeda, docente e investigador de la UEES, ha sido nombrado profesor adjunto en la Universidad Charit\u00e9 de Berl\u00edn, una de las 100 mejores universidades del mundo seg\u00fan el prestigioso ranking Times Higher Education. Este logro hist\u00f3rico se debe a sus contribuciones significativas en la investigaci\u00f3n m\u00e9dica, especialmente en el estudio de [&hellip;]\" \/>\n<meta property=\"og:url\" content=\"https:\/\/uees.edu.ec\/en\/investigador-se-convierte-en-el-primer-latinoamericano-en-ser-nombrado-profesor-adjunto-de-la-universidad-charite\/\" \/>\n<meta property=\"og:site_name\" content=\"UEES - Universidad Esp\u00edritu Santo\" \/>\n<meta property=\"article:publisher\" content=\"https:\/\/www.facebook.com\/universidadespiritusanto\" \/>\n<meta property=\"article:published_time\" content=\"2024-07-30T20:35:05+00:00\" \/>\n<meta property=\"article:modified_time\" content=\"2024-07-30T20:50:16+00:00\" \/>\n<meta property=\"og:image\" content=\"https:\/\/uees.edu.ec\/wp-content\/uploads\/2024\/07\/WhatsApp-Image-2024-07-30-at-3.33.56-PM.jpeg\" \/>\n\t<meta property=\"og:image:width\" content=\"1600\" \/>\n\t<meta property=\"og:image:height\" content=\"1067\" \/>\n\t<meta property=\"og:image:type\" content=\"image\/jpeg\" \/>\n<meta name=\"author\" content=\"Elisa NIeto\" \/>\n<meta name=\"twitter:card\" content=\"summary_large_image\" \/>\n<meta name=\"twitter:creator\" content=\"@uees_ec\" \/>\n<meta name=\"twitter:site\" content=\"@uees_ec\" \/>\n<meta name=\"twitter:label1\" content=\"Written by\" \/>\n\t<meta name=\"twitter:data1\" content=\"Elisa NIeto\" \/>\n\t<meta name=\"twitter:label2\" content=\"Est. reading time\" \/>\n\t<meta name=\"twitter:data2\" content=\"2 minutes\" \/>\n<script type=\"application\/ld+json\" class=\"yoast-schema-graph\">{\"@context\":\"https:\\\/\\\/schema.org\",\"@graph\":[{\"@type\":[\"Article\",\"BlogPosting\"],\"@id\":\"https:\\\/\\\/uees.edu.ec\\\/investigador-se-convierte-en-el-primer-latinoamericano-en-ser-nombrado-profesor-adjunto-de-la-universidad-charite\\\/#article\",\"isPartOf\":{\"@id\":\"https:\\\/\\\/uees.edu.ec\\\/investigador-se-convierte-en-el-primer-latinoamericano-en-ser-nombrado-profesor-adjunto-de-la-universidad-charite\\\/\"},\"author\":{\"name\":\"Elisa NIeto\",\"@id\":\"https:\\\/\\\/uees.edu.ec\\\/#\\\/schema\\\/person\\\/d63ccd280ffea0cfa500ff8e223df681\"},\"headline\":\"Investigador se convierte en el primer latinoamericano en ser nombrado profesor adjunto de la Universidad Charit\u00e9\",\"datePublished\":\"2024-07-30T20:35:05+00:00\",\"dateModified\":\"2024-07-30T20:50:16+00:00\",\"mainEntityOfPage\":{\"@id\":\"https:\\\/\\\/uees.edu.ec\\\/investigador-se-convierte-en-el-primer-latinoamericano-en-ser-nombrado-profesor-adjunto-de-la-universidad-charite\\\/\"},\"wordCount\":228,\"commentCount\":0,\"publisher\":{\"@id\":\"https:\\\/\\\/uees.edu.ec\\\/#organization\"},\"image\":{\"@id\":\"https:\\\/\\\/uees.edu.ec\\\/investigador-se-convierte-en-el-primer-latinoamericano-en-ser-nombrado-profesor-adjunto-de-la-universidad-charite\\\/#primaryimage\"},\"thumbnailUrl\":\"https:\\\/\\\/uees.edu.ec\\\/wp-content\\\/uploads\\\/2024\\\/07\\\/WhatsApp-Image-2024-07-30-at-3.33.56-PM.jpeg\",\"keywords\":[\"Iv\u00e1n CH\u00e9rrez\",\"Times Higher Education\",\"Universidad Charit\u00e9\"],\"articleSection\":[\"Centro de Investigaci\u00f3n\",\"Centro de Investigaciones\",\"Noticias\"],\"inLanguage\":\"en-US\",\"potentialAction\":[{\"@type\":\"CommentAction\",\"name\":\"Comment\",\"target\":[\"https:\\\/\\\/uees.edu.ec\\\/investigador-se-convierte-en-el-primer-latinoamericano-en-ser-nombrado-profesor-adjunto-de-la-universidad-charite\\\/#respond\"]}]},{\"@type\":\"WebPage\",\"@id\":\"https:\\\/\\\/uees.edu.ec\\\/investigador-se-convierte-en-el-primer-latinoamericano-en-ser-nombrado-profesor-adjunto-de-la-universidad-charite\\\/\",\"url\":\"https:\\\/\\\/uees.edu.ec\\\/investigador-se-convierte-en-el-primer-latinoamericano-en-ser-nombrado-profesor-adjunto-de-la-universidad-charite\\\/\",\"name\":\"Investigador se convierte en el primer latinoamericano en ser nombrado profesor adjunto de la Universidad Charit\u00e9 - UEES - Universidad Esp\u00edritu Santo\",\"isPartOf\":{\"@id\":\"https:\\\/\\\/uees.edu.ec\\\/#website\"},\"primaryImageOfPage\":{\"@id\":\"https:\\\/\\\/uees.edu.ec\\\/investigador-se-convierte-en-el-primer-latinoamericano-en-ser-nombrado-profesor-adjunto-de-la-universidad-charite\\\/#primaryimage\"},\"image\":{\"@id\":\"https:\\\/\\\/uees.edu.ec\\\/investigador-se-convierte-en-el-primer-latinoamericano-en-ser-nombrado-profesor-adjunto-de-la-universidad-charite\\\/#primaryimage\"},\"thumbnailUrl\":\"https:\\\/\\\/uees.edu.ec\\\/wp-content\\\/uploads\\\/2024\\\/07\\\/WhatsApp-Image-2024-07-30-at-3.33.56-PM.jpeg\",\"datePublished\":\"2024-07-30T20:35:05+00:00\",\"dateModified\":\"2024-07-30T20:50:16+00:00\",\"breadcrumb\":{\"@id\":\"https:\\\/\\\/uees.edu.ec\\\/investigador-se-convierte-en-el-primer-latinoamericano-en-ser-nombrado-profesor-adjunto-de-la-universidad-charite\\\/#breadcrumb\"},\"inLanguage\":\"en-US\",\"potentialAction\":[{\"@type\":\"ReadAction\",\"target\":[\"https:\\\/\\\/uees.edu.ec\\\/investigador-se-convierte-en-el-primer-latinoamericano-en-ser-nombrado-profesor-adjunto-de-la-universidad-charite\\\/\"]}]},{\"@type\":\"ImageObject\",\"inLanguage\":\"en-US\",\"@id\":\"https:\\\/\\\/uees.edu.ec\\\/investigador-se-convierte-en-el-primer-latinoamericano-en-ser-nombrado-profesor-adjunto-de-la-universidad-charite\\\/#primaryimage\",\"url\":\"https:\\\/\\\/uees.edu.ec\\\/wp-content\\\/uploads\\\/2024\\\/07\\\/WhatsApp-Image-2024-07-30-at-3.33.56-PM.jpeg\",\"contentUrl\":\"https:\\\/\\\/uees.edu.ec\\\/wp-content\\\/uploads\\\/2024\\\/07\\\/WhatsApp-Image-2024-07-30-at-3.33.56-PM.jpeg\",\"width\":1600,\"height\":1067},{\"@type\":\"BreadcrumbList\",\"@id\":\"https:\\\/\\\/uees.edu.ec\\\/investigador-se-convierte-en-el-primer-latinoamericano-en-ser-nombrado-profesor-adjunto-de-la-universidad-charite\\\/#breadcrumb\",\"itemListElement\":[{\"@type\":\"ListItem\",\"position\":1,\"name\":\"Home\",\"item\":\"https:\\\/\\\/uees.edu.ec\\\/\"},{\"@type\":\"ListItem\",\"position\":2,\"name\":\"Investigador se convierte en el primer latinoamericano en ser nombrado profesor adjunto de la Universidad Charit\u00e9\"}]},{\"@type\":\"WebSite\",\"@id\":\"https:\\\/\\\/uees.edu.ec\\\/#website\",\"url\":\"https:\\\/\\\/uees.edu.ec\\\/\",\"name\":\"Universidad Esp\u00edritu Santo - UEES\",\"description\":\"En constante innovaci\u00f3n\",\"publisher\":{\"@id\":\"https:\\\/\\\/uees.edu.ec\\\/#organization\"},\"alternateName\":\"Universidad Esp\u00edritu Santo - UEES\",\"potentialAction\":[{\"@type\":\"SearchAction\",\"target\":{\"@type\":\"EntryPoint\",\"urlTemplate\":\"https:\\\/\\\/uees.edu.ec\\\/?s={search_term_string}\"},\"query-input\":{\"@type\":\"PropertyValueSpecification\",\"valueRequired\":true,\"valueName\":\"search_term_string\"}}],\"inLanguage\":\"en-US\"},{\"@type\":\"Organization\",\"@id\":\"https:\\\/\\\/uees.edu.ec\\\/#organization\",\"name\":\"Universidad Esp\u00edritu Santo - UEES\",\"alternateName\":\"La mejor universidad en Ecuador\",\"url\":\"https:\\\/\\\/uees.edu.ec\\\/\",\"logo\":{\"@type\":\"ImageObject\",\"inLanguage\":\"en-US\",\"@id\":\"https:\\\/\\\/uees.edu.ec\\\/#\\\/schema\\\/logo\\\/image\\\/\",\"url\":\"https:\\\/\\\/uees.edu.ec\\\/wp-content\\\/uploads\\\/2021\\\/03\\\/Logo-UEES.png\",\"contentUrl\":\"https:\\\/\\\/uees.edu.ec\\\/wp-content\\\/uploads\\\/2021\\\/03\\\/Logo-UEES.png\",\"width\":221,\"height\":86,\"caption\":\"Universidad Esp\u00edritu Santo - UEES\"},\"image\":{\"@id\":\"https:\\\/\\\/uees.edu.ec\\\/#\\\/schema\\\/logo\\\/image\\\/\"},\"sameAs\":[\"https:\\\/\\\/www.facebook.com\\\/universidadespiritusanto\",\"https:\\\/\\\/x.com\\\/uees_ec\",\"https:\\\/\\\/www.instagram.com\\\/uees_ec\\\/\",\"https:\\\/\\\/www.linkedin.com\\\/school\\\/esp-ritu-santo\",\"https:\\\/\\\/www.youtube.com\\\/user\\\/UEES2009\",\"https:\\\/\\\/es.wikipedia.org\\\/wiki\\\/Universidad_de_Especialidades_Esp\u00edritu_Santo\"]},{\"@type\":\"Person\",\"@id\":\"https:\\\/\\\/uees.edu.ec\\\/#\\\/schema\\\/person\\\/d63ccd280ffea0cfa500ff8e223df681\",\"name\":\"Elisa NIeto\",\"image\":{\"@type\":\"ImageObject\",\"inLanguage\":\"en-US\",\"@id\":\"https:\\\/\\\/secure.gravatar.com\\\/avatar\\\/605564af463a7fd0c423bca29297cbceebac05a022669b655b2f2dcd2c6bf03e?s=96&d=mm&r=g\",\"url\":\"https:\\\/\\\/secure.gravatar.com\\\/avatar\\\/605564af463a7fd0c423bca29297cbceebac05a022669b655b2f2dcd2c6bf03e?s=96&d=mm&r=g\",\"contentUrl\":\"https:\\\/\\\/secure.gravatar.com\\\/avatar\\\/605564af463a7fd0c423bca29297cbceebac05a022669b655b2f2dcd2c6bf03e?s=96&d=mm&r=g\",\"caption\":\"Elisa NIeto\"},\"url\":\"https:\\\/\\\/uees.edu.ec\\\/en\\\/author\\\/elisa-nieto\\\/\"}]}<\/script>\n<!-- \/ Yoast SEO Premium plugin. -->","yoast_head_json":{"title":"Investigador se convierte en el primer latinoamericano en ser nombrado profesor adjunto de la Universidad Charit\u00e9 - UEES - Universidad Esp\u00edritu Santo","robots":{"index":"index","follow":"follow","max-snippet":"max-snippet:-1","max-image-preview":"max-image-preview:large","max-video-preview":"max-video-preview:-1"},"canonical":"https:\/\/uees.edu.ec\/en\/investigador-se-convierte-en-el-primer-latinoamericano-en-ser-nombrado-profesor-adjunto-de-la-universidad-charite\/","og_locale":"en_US","og_type":"article","og_title":"Investigador se convierte en el primer latinoamericano en ser nombrado profesor adjunto de la Universidad Charit\u00e9","og_description":"El doctor Iv\u00e1n Ch\u00e9rrez Ojeda, docente e investigador de la UEES, ha sido nombrado profesor adjunto en la Universidad Charit\u00e9 de Berl\u00edn, una de las 100 mejores universidades del mundo seg\u00fan el prestigioso ranking Times Higher Education. Este logro hist\u00f3rico se debe a sus contribuciones significativas en la investigaci\u00f3n m\u00e9dica, especialmente en el estudio de [&hellip;]","og_url":"https:\/\/uees.edu.ec\/en\/investigador-se-convierte-en-el-primer-latinoamericano-en-ser-nombrado-profesor-adjunto-de-la-universidad-charite\/","og_site_name":"UEES - Universidad Esp\u00edritu Santo","article_publisher":"https:\/\/www.facebook.com\/universidadespiritusanto","article_published_time":"2024-07-30T20:35:05+00:00","article_modified_time":"2024-07-30T20:50:16+00:00","og_image":[{"width":1600,"height":1067,"url":"https:\/\/uees.edu.ec\/wp-content\/uploads\/2024\/07\/WhatsApp-Image-2024-07-30-at-3.33.56-PM.jpeg","type":"image\/jpeg"}],"author":"Elisa NIeto","twitter_card":"summary_large_image","twitter_creator":"@uees_ec","twitter_site":"@uees_ec","twitter_misc":{"Written by":"Elisa NIeto","Est. reading time":"2 minutes"},"schema":{"@context":"https:\/\/schema.org","@graph":[{"@type":["Article","BlogPosting"],"@id":"https:\/\/uees.edu.ec\/investigador-se-convierte-en-el-primer-latinoamericano-en-ser-nombrado-profesor-adjunto-de-la-universidad-charite\/#article","isPartOf":{"@id":"https:\/\/uees.edu.ec\/investigador-se-convierte-en-el-primer-latinoamericano-en-ser-nombrado-profesor-adjunto-de-la-universidad-charite\/"},"author":{"name":"Elisa NIeto","@id":"https:\/\/uees.edu.ec\/#\/schema\/person\/d63ccd280ffea0cfa500ff8e223df681"},"headline":"Investigador se convierte en el primer latinoamericano en ser nombrado profesor adjunto de la Universidad Charit\u00e9","datePublished":"2024-07-30T20:35:05+00:00","dateModified":"2024-07-30T20:50:16+00:00","mainEntityOfPage":{"@id":"https:\/\/uees.edu.ec\/investigador-se-convierte-en-el-primer-latinoamericano-en-ser-nombrado-profesor-adjunto-de-la-universidad-charite\/"},"wordCount":228,"commentCount":0,"publisher":{"@id":"https:\/\/uees.edu.ec\/#organization"},"image":{"@id":"https:\/\/uees.edu.ec\/investigador-se-convierte-en-el-primer-latinoamericano-en-ser-nombrado-profesor-adjunto-de-la-universidad-charite\/#primaryimage"},"thumbnailUrl":"https:\/\/uees.edu.ec\/wp-content\/uploads\/2024\/07\/WhatsApp-Image-2024-07-30-at-3.33.56-PM.jpeg","keywords":["Iv\u00e1n CH\u00e9rrez","Times Higher Education","Universidad Charit\u00e9"],"articleSection":["Centro de Investigaci\u00f3n","Centro de Investigaciones","Noticias"],"inLanguage":"en-US","potentialAction":[{"@type":"CommentAction","name":"Comment","target":["https:\/\/uees.edu.ec\/investigador-se-convierte-en-el-primer-latinoamericano-en-ser-nombrado-profesor-adjunto-de-la-universidad-charite\/#respond"]}]},{"@type":"WebPage","@id":"https:\/\/uees.edu.ec\/investigador-se-convierte-en-el-primer-latinoamericano-en-ser-nombrado-profesor-adjunto-de-la-universidad-charite\/","url":"https:\/\/uees.edu.ec\/investigador-se-convierte-en-el-primer-latinoamericano-en-ser-nombrado-profesor-adjunto-de-la-universidad-charite\/","name":"Investigador se convierte en el primer latinoamericano en ser nombrado profesor adjunto de la Universidad Charit\u00e9 - UEES - Universidad Esp\u00edritu Santo","isPartOf":{"@id":"https:\/\/uees.edu.ec\/#website"},"primaryImageOfPage":{"@id":"https:\/\/uees.edu.ec\/investigador-se-convierte-en-el-primer-latinoamericano-en-ser-nombrado-profesor-adjunto-de-la-universidad-charite\/#primaryimage"},"image":{"@id":"https:\/\/uees.edu.ec\/investigador-se-convierte-en-el-primer-latinoamericano-en-ser-nombrado-profesor-adjunto-de-la-universidad-charite\/#primaryimage"},"thumbnailUrl":"https:\/\/uees.edu.ec\/wp-content\/uploads\/2024\/07\/WhatsApp-Image-2024-07-30-at-3.33.56-PM.jpeg","datePublished":"2024-07-30T20:35:05+00:00","dateModified":"2024-07-30T20:50:16+00:00","breadcrumb":{"@id":"https:\/\/uees.edu.ec\/investigador-se-convierte-en-el-primer-latinoamericano-en-ser-nombrado-profesor-adjunto-de-la-universidad-charite\/#breadcrumb"},"inLanguage":"en-US","potentialAction":[{"@type":"ReadAction","target":["https:\/\/uees.edu.ec\/investigador-se-convierte-en-el-primer-latinoamericano-en-ser-nombrado-profesor-adjunto-de-la-universidad-charite\/"]}]},{"@type":"ImageObject","inLanguage":"en-US","@id":"https:\/\/uees.edu.ec\/investigador-se-convierte-en-el-primer-latinoamericano-en-ser-nombrado-profesor-adjunto-de-la-universidad-charite\/#primaryimage","url":"https:\/\/uees.edu.ec\/wp-content\/uploads\/2024\/07\/WhatsApp-Image-2024-07-30-at-3.33.56-PM.jpeg","contentUrl":"https:\/\/uees.edu.ec\/wp-content\/uploads\/2024\/07\/WhatsApp-Image-2024-07-30-at-3.33.56-PM.jpeg","width":1600,"height":1067},{"@type":"BreadcrumbList","@id":"https:\/\/uees.edu.ec\/investigador-se-convierte-en-el-primer-latinoamericano-en-ser-nombrado-profesor-adjunto-de-la-universidad-charite\/#breadcrumb","itemListElement":[{"@type":"ListItem","position":1,"name":"Home","item":"https:\/\/uees.edu.ec\/"},{"@type":"ListItem","position":2,"name":"Investigador se convierte en el primer latinoamericano en ser nombrado profesor adjunto de la Universidad Charit\u00e9"}]},{"@type":"WebSite","@id":"https:\/\/uees.edu.ec\/#website","url":"https:\/\/uees.edu.ec\/","name":"Espiritu Santo University - UEES","description":"In constant innovation","publisher":{"@id":"https:\/\/uees.edu.ec\/#organization"},"alternateName":"Universidad Esp\u00edritu Santo - UEES","potentialAction":[{"@type":"SearchAction","target":{"@type":"EntryPoint","urlTemplate":"https:\/\/uees.edu.ec\/?s={search_term_string}"},"query-input":{"@type":"PropertyValueSpecification","valueRequired":true,"valueName":"search_term_string"}}],"inLanguage":"en-US"},{"@type":"Organization","@id":"https:\/\/uees.edu.ec\/#organization","name":"Espiritu Santo University - UEES","alternateName":"La mejor universidad en Ecuador","url":"https:\/\/uees.edu.ec\/","logo":{"@type":"ImageObject","inLanguage":"en-US","@id":"https:\/\/uees.edu.ec\/#\/schema\/logo\/image\/","url":"https:\/\/uees.edu.ec\/wp-content\/uploads\/2021\/03\/Logo-UEES.png","contentUrl":"https:\/\/uees.edu.ec\/wp-content\/uploads\/2021\/03\/Logo-UEES.png","width":221,"height":86,"caption":"Universidad Esp\u00edritu Santo - UEES"},"image":{"@id":"https:\/\/uees.edu.ec\/#\/schema\/logo\/image\/"},"sameAs":["https:\/\/www.facebook.com\/universidadespiritusanto","https:\/\/x.com\/uees_ec","https:\/\/www.instagram.com\/uees_ec\/","https:\/\/www.linkedin.com\/school\/esp-ritu-santo","https:\/\/www.youtube.com\/user\/UEES2009","https:\/\/es.wikipedia.org\/wiki\/Universidad_de_Especialidades_Esp\u00edritu_Santo"]},{"@type":"Person","@id":"https:\/\/uees.edu.ec\/#\/schema\/person\/d63ccd280ffea0cfa500ff8e223df681","name":"Elisa NIeto","image":{"@type":"ImageObject","inLanguage":"en-US","@id":"https:\/\/secure.gravatar.com\/avatar\/605564af463a7fd0c423bca29297cbceebac05a022669b655b2f2dcd2c6bf03e?s=96&d=mm&r=g","url":"https:\/\/secure.gravatar.com\/avatar\/605564af463a7fd0c423bca29297cbceebac05a022669b655b2f2dcd2c6bf03e?s=96&d=mm&r=g","contentUrl":"https:\/\/secure.gravatar.com\/avatar\/605564af463a7fd0c423bca29297cbceebac05a022669b655b2f2dcd2c6bf03e?s=96&d=mm&r=g","caption":"Elisa NIeto"},"url":"https:\/\/uees.edu.ec\/en\/author\/elisa-nieto\/"}]}},"_links":{"self":[{"href":"https:\/\/uees.edu.ec\/en\/wp-json\/wp\/v2\/posts\/25020","targetHints":{"allow":["GET"]}}],"collection":[{"href":"https:\/\/uees.edu.ec\/en\/wp-json\/wp\/v2\/posts"}],"about":[{"href":"https:\/\/uees.edu.ec\/en\/wp-json\/wp\/v2\/types\/post"}],"author":[{"embeddable":true,"href":"https:\/\/uees.edu.ec\/en\/wp-json\/wp\/v2\/users\/10000093"}],"replies":[{"embeddable":true,"href":"https:\/\/uees.edu.ec\/en\/wp-json\/wp\/v2\/comments?post=25020"}],"version-history":[{"count":5,"href":"https:\/\/uees.edu.ec\/en\/wp-json\/wp\/v2\/posts\/25020\/revisions"}],"predecessor-version":[{"id":25033,"href":"https:\/\/uees.edu.ec\/en\/wp-json\/wp\/v2\/posts\/25020\/revisions\/25033"}],"wp:featuredmedia":[{"embeddable":true,"href":"https:\/\/uees.edu.ec\/en\/wp-json\/wp\/v2\/media\/25022"}],"wp:attachment":[{"href":"https:\/\/uees.edu.ec\/en\/wp-json\/wp\/v2\/media?parent=25020"}],"wp:term":[{"taxonomy":"category","embeddable":true,"href":"https:\/\/uees.edu.ec\/en\/wp-json\/wp\/v2\/categories?post=25020"},{"taxonomy":"post_tag","embeddable":true,"href":"https:\/\/uees.edu.ec\/en\/wp-json\/wp\/v2\/tags?post=25020"}],"curies":[{"name":"wp","href":"https:\/\/api.w.org\/{rel}","templated":true}]}}