{"id":21788,"date":"2023-08-24T10:26:25","date_gmt":"2023-08-24T15:26:25","guid":{"rendered":"https:\/\/uees.edu.ec\/?p=21788"},"modified":"2023-08-24T10:26:25","modified_gmt":"2023-08-24T15:26:25","slug":"de-semilla-a-bosque-restaurado-presentacion-del-libro-arboles-del-bosque-seco-del-parque-historico-guayaquil","status":"publish","type":"post","link":"https:\/\/uees.edu.ec\/en\/de-semilla-a-bosque-restaurado-presentacion-del-libro-arboles-del-bosque-seco-del-parque-historico-guayaquil\/","title":{"rendered":"From seed to restored forest: Presentation of the book \u00abTrees of the Dry Forest of Guayaquil Historical Park\u00bb.\u00bb"},"content":{"rendered":"<p><img loading=\"lazy\" decoding=\"async\" class=\"alignnone size-large wp-image-21792\" src=\"https:\/\/uees.edu.ec\/wp-content\/uploads\/2023\/08\/DSC03601-1024x683.jpg\" alt=\"\" width=\"1024\" height=\"683\" srcset=\"https:\/\/uees.edu.ec\/wp-content\/uploads\/2023\/08\/DSC03601-1024x683.jpg 1024w, https:\/\/uees.edu.ec\/wp-content\/uploads\/2023\/08\/DSC03601-300x200.jpg 300w, https:\/\/uees.edu.ec\/wp-content\/uploads\/2023\/08\/DSC03601-768x512.jpg 768w, https:\/\/uees.edu.ec\/wp-content\/uploads\/2023\/08\/DSC03601-1536x1024.jpg 1536w, https:\/\/uees.edu.ec\/wp-content\/uploads\/2023\/08\/DSC03601-2048x1365.jpg 2048w, https:\/\/uees.edu.ec\/wp-content\/uploads\/2023\/08\/DSC03601-1500x1000.jpg 1500w\" sizes=\"auto, (max-width: 1024px) 100vw, 1024px\" \/><\/p>\n<p>Contar la historia de cada \u00e1rbol, arbusto y planta que forma parte del Parque Hist\u00f3rico de Guayaquil fue lo que motiv\u00f3 a las autoras Natalia Molina, Naskia Mor\u00e1n y Marcia Fabra a realizar una obra que captura el esp\u00edritu y la dedicaci\u00f3n invertidos en el proyecto de restauraci\u00f3n del bosque seco en el Parque Hist\u00f3rico Guayaquil. Con el apoyo del Centro de Investigaciones de la Universidad Esp\u00edritu Santo, se pudo documentar el esfuerzo de reforestaci\u00f3n que comenz\u00f3 en 1999 con la siembra de las primeras semillas.<\/p>\n<p>Natalia Molina, docente e investigadora de la UEES, coment\u00f3 que \u201cel libro es una herramienta que servir\u00e1 como gu\u00eda para quienes se dedican al turismo, docentes y amantes de la naturaleza. Las p\u00e1ginas de este libro se convierten en un testimonio vivo de c\u00f3mo la naturaleza y la historia pueden coexistir en perfecta armon\u00eda\u201d.<\/p>\n<p><img loading=\"lazy\" decoding=\"async\" class=\"alignnone size-large wp-image-21790\" src=\"https:\/\/uees.edu.ec\/wp-content\/uploads\/2023\/08\/WhatsApp-Image-2023-08-23-at-17.36.17-1024x682.jpeg\" alt=\"\" width=\"1024\" height=\"682\" srcset=\"https:\/\/uees.edu.ec\/wp-content\/uploads\/2023\/08\/WhatsApp-Image-2023-08-23-at-17.36.17-1024x682.jpeg 1024w, https:\/\/uees.edu.ec\/wp-content\/uploads\/2023\/08\/WhatsApp-Image-2023-08-23-at-17.36.17-300x200.jpeg 300w, https:\/\/uees.edu.ec\/wp-content\/uploads\/2023\/08\/WhatsApp-Image-2023-08-23-at-17.36.17-768x512.jpeg 768w, https:\/\/uees.edu.ec\/wp-content\/uploads\/2023\/08\/WhatsApp-Image-2023-08-23-at-17.36.17-1536x1023.jpeg 1536w, https:\/\/uees.edu.ec\/wp-content\/uploads\/2023\/08\/WhatsApp-Image-2023-08-23-at-17.36.17-1500x1000.jpeg 1500w, https:\/\/uees.edu.ec\/wp-content\/uploads\/2023\/08\/WhatsApp-Image-2023-08-23-at-17.36.17.jpeg 1600w\" sizes=\"auto, (max-width: 1024px) 100vw, 1024px\" \/><\/p>\n<p>La realizaci\u00f3n del ejemplar tard\u00f3 5 a\u00f1os en los que se registraron 722 individuos que se clasificaron en 60 especies vegetales nativas, end\u00e9micas e introducidas.<\/p>\n<p>\u00abEste libro es un tributo a todos los individuos que han contribuido a este proyecto a lo largo de los a\u00f1os, as\u00ed como un recurso valioso para aquellos que deseen explorar y comprender la riqueza del Bosque Seco del Parque Hist\u00f3rico Guayaquil\u00bb, se\u00f1al\u00f3 Molina.<\/p>\n<p><img loading=\"lazy\" decoding=\"async\" class=\"alignnone size-large wp-image-21789\" src=\"https:\/\/uees.edu.ec\/wp-content\/uploads\/2023\/08\/WhatsApp-Image-2023-08-23-at-17.36.23-1024x682.jpeg\" alt=\"\" width=\"1024\" height=\"682\" srcset=\"https:\/\/uees.edu.ec\/wp-content\/uploads\/2023\/08\/WhatsApp-Image-2023-08-23-at-17.36.23-1024x682.jpeg 1024w, https:\/\/uees.edu.ec\/wp-content\/uploads\/2023\/08\/WhatsApp-Image-2023-08-23-at-17.36.23-300x200.jpeg 300w, https:\/\/uees.edu.ec\/wp-content\/uploads\/2023\/08\/WhatsApp-Image-2023-08-23-at-17.36.23-768x512.jpeg 768w, https:\/\/uees.edu.ec\/wp-content\/uploads\/2023\/08\/WhatsApp-Image-2023-08-23-at-17.36.23-1536x1023.jpeg 1536w, https:\/\/uees.edu.ec\/wp-content\/uploads\/2023\/08\/WhatsApp-Image-2023-08-23-at-17.36.23-1500x1000.jpeg 1500w, https:\/\/uees.edu.ec\/wp-content\/uploads\/2023\/08\/WhatsApp-Image-2023-08-23-at-17.36.23.jpeg 1600w\" sizes=\"auto, (max-width: 1024px) 100vw, 1024px\" \/><\/p>\n<p>Con el lanzamiento de \u00ab\u00c1rboles del Bosque Seco del Parque Hist\u00f3rico Guayaquil\u00bb, las autoras y el Centro de Investigaciones de la Universidad Esp\u00edritu Santo invitan al p\u00fablico a embarcarse en un viaje fascinante a trav\u00e9s del tiempo y la naturaleza, celebrando el poder de la restauraci\u00f3n y la preservaci\u00f3n.<\/p>\n<p><img loading=\"lazy\" decoding=\"async\" class=\"alignnone size-large wp-image-21791\" src=\"https:\/\/uees.edu.ec\/wp-content\/uploads\/2023\/08\/WhatsApp-Image-2023-08-23-at-17.36.13-1024x682.jpeg\" alt=\"\" width=\"1024\" height=\"682\" srcset=\"https:\/\/uees.edu.ec\/wp-content\/uploads\/2023\/08\/WhatsApp-Image-2023-08-23-at-17.36.13-1024x682.jpeg 1024w, https:\/\/uees.edu.ec\/wp-content\/uploads\/2023\/08\/WhatsApp-Image-2023-08-23-at-17.36.13-300x200.jpeg 300w, https:\/\/uees.edu.ec\/wp-content\/uploads\/2023\/08\/WhatsApp-Image-2023-08-23-at-17.36.13-768x512.jpeg 768w, https:\/\/uees.edu.ec\/wp-content\/uploads\/2023\/08\/WhatsApp-Image-2023-08-23-at-17.36.13-1536x1023.jpeg 1536w, https:\/\/uees.edu.ec\/wp-content\/uploads\/2023\/08\/WhatsApp-Image-2023-08-23-at-17.36.13-1500x1000.jpeg 1500w, https:\/\/uees.edu.ec\/wp-content\/uploads\/2023\/08\/WhatsApp-Image-2023-08-23-at-17.36.13.jpeg 1600w\" sizes=\"auto, (max-width: 1024px) 100vw, 1024px\" \/><\/p>\n<p>En la foto: Ren\u00e9 Ram\u00edrez, docente UEES; Naskia Mor\u00e1n, bi\u00f3loga y autora; Natalia Molina, investigadora UEES y autora, Jos\u00e9 Andr\u00e9s Kronfle, representante Parque Hist\u00f3rico Guayaquil; \u00c1ngela Cevallos, estudiante UEES.<\/p>","protected":false},"excerpt":{"rendered":"<p>Contar la historia de cada \u00e1rbol, arbusto y planta que forma parte del Parque Hist\u00f3rico de Guayaquil fue lo que motiv\u00f3 a las autoras Natalia Molina, Naskia Mor\u00e1n y Marcia Fabra a realizar una obra que captura el esp\u00edritu y la dedicaci\u00f3n invertidos en el proyecto de restauraci\u00f3n del bosque seco en el Parque Hist\u00f3rico [&hellip;]<\/p>\n","protected":false},"author":10000093,"featured_media":21792,"comment_status":"open","ping_status":"open","sticky":false,"template":"","format":"standard","meta":{"_acf_changed":false,"footnotes":""},"categories":[480,552,467,75],"tags":[516,177],"class_list":["post-21788","post","type-post","status-publish","format-standard","has-post-thumbnail","hentry","category-centro-de-investigacion","category-centro-de-investigaciones","category-ingenieria","category-noticias","tag-ambiental","tag-parque-historico"],"acf":[],"yoast_head":"<!-- This site is optimized with the Yoast SEO Premium plugin v27.4 (Yoast SEO v27.4) - https:\/\/yoast.com\/product\/yoast-seo-premium-wordpress\/ -->\n<title>De semilla a bosque restaurado: Presentaci\u00f3n del libro &quot;\u00c1rboles del Bosque Seco del Parque Hist\u00f3rico Guayaquil&quot; - UEES - Universidad Esp\u00edritu Santo<\/title>\n<meta name=\"robots\" content=\"index, follow, max-snippet:-1, max-image-preview:large, max-video-preview:-1\" \/>\n<link rel=\"canonical\" href=\"https:\/\/uees.edu.ec\/en\/de-semilla-a-bosque-restaurado-presentacion-del-libro-arboles-del-bosque-seco-del-parque-historico-guayaquil\/\" \/>\n<meta property=\"og:locale\" content=\"en_US\" \/>\n<meta property=\"og:type\" content=\"article\" \/>\n<meta property=\"og:title\" content=\"De semilla a bosque restaurado: Presentaci\u00f3n del libro &quot;\u00c1rboles del Bosque Seco del Parque Hist\u00f3rico Guayaquil&quot;\" \/>\n<meta property=\"og:description\" content=\"Contar la historia de cada \u00e1rbol, arbusto y planta que forma parte del Parque Hist\u00f3rico de Guayaquil fue lo que motiv\u00f3 a las autoras Natalia Molina, Naskia Mor\u00e1n y Marcia Fabra a realizar una obra que captura el esp\u00edritu y la dedicaci\u00f3n invertidos en el proyecto de restauraci\u00f3n del bosque seco en el Parque Hist\u00f3rico [&hellip;]\" \/>\n<meta property=\"og:url\" content=\"https:\/\/uees.edu.ec\/en\/de-semilla-a-bosque-restaurado-presentacion-del-libro-arboles-del-bosque-seco-del-parque-historico-guayaquil\/\" \/>\n<meta property=\"og:site_name\" content=\"UEES - Universidad Esp\u00edritu Santo\" \/>\n<meta property=\"article:publisher\" content=\"https:\/\/www.facebook.com\/universidadespiritusanto\" \/>\n<meta property=\"article:published_time\" content=\"2023-08-24T15:26:25+00:00\" \/>\n<meta property=\"og:image\" content=\"https:\/\/uees.edu.ec\/wp-content\/uploads\/2023\/08\/DSC03601-scaled.jpg\" \/>\n\t<meta property=\"og:image:width\" content=\"2560\" \/>\n\t<meta property=\"og:image:height\" content=\"1707\" \/>\n\t<meta property=\"og:image:type\" content=\"image\/jpeg\" \/>\n<meta name=\"author\" content=\"Elisa NIeto\" \/>\n<meta name=\"twitter:card\" content=\"summary_large_image\" \/>\n<meta name=\"twitter:creator\" content=\"@uees_ec\" \/>\n<meta name=\"twitter:site\" content=\"@uees_ec\" \/>\n<meta name=\"twitter:label1\" content=\"Written by\" \/>\n\t<meta name=\"twitter:data1\" content=\"Elisa NIeto\" \/>\n\t<meta name=\"twitter:label2\" content=\"Est. reading time\" \/>\n\t<meta name=\"twitter:data2\" content=\"3 minutes\" \/>\n<script type=\"application\/ld+json\" class=\"yoast-schema-graph\">{\"@context\":\"https:\\\/\\\/schema.org\",\"@graph\":[{\"@type\":[\"Article\",\"BlogPosting\"],\"@id\":\"https:\\\/\\\/uees.edu.ec\\\/de-semilla-a-bosque-restaurado-presentacion-del-libro-arboles-del-bosque-seco-del-parque-historico-guayaquil\\\/#article\",\"isPartOf\":{\"@id\":\"https:\\\/\\\/uees.edu.ec\\\/de-semilla-a-bosque-restaurado-presentacion-del-libro-arboles-del-bosque-seco-del-parque-historico-guayaquil\\\/\"},\"author\":{\"name\":\"Elisa NIeto\",\"@id\":\"https:\\\/\\\/uees.edu.ec\\\/#\\\/schema\\\/person\\\/d63ccd280ffea0cfa500ff8e223df681\"},\"headline\":\"De semilla a bosque restaurado: Presentaci\u00f3n del libro \u00ab\u00c1rboles del Bosque Seco del Parque Hist\u00f3rico Guayaquil\u00bb\",\"datePublished\":\"2023-08-24T15:26:25+00:00\",\"mainEntityOfPage\":{\"@id\":\"https:\\\/\\\/uees.edu.ec\\\/de-semilla-a-bosque-restaurado-presentacion-del-libro-arboles-del-bosque-seco-del-parque-historico-guayaquil\\\/\"},\"wordCount\":330,\"commentCount\":0,\"publisher\":{\"@id\":\"https:\\\/\\\/uees.edu.ec\\\/#organization\"},\"image\":{\"@id\":\"https:\\\/\\\/uees.edu.ec\\\/de-semilla-a-bosque-restaurado-presentacion-del-libro-arboles-del-bosque-seco-del-parque-historico-guayaquil\\\/#primaryimage\"},\"thumbnailUrl\":\"https:\\\/\\\/uees.edu.ec\\\/wp-content\\\/uploads\\\/2023\\\/08\\\/DSC03601-scaled.jpg\",\"keywords\":[\"Ambiental\",\"Parque Hist\u00f3rico\"],\"articleSection\":[\"Centro de Investigaci\u00f3n\",\"Centro de Investigaciones\",\"Ingenier\u00eda\",\"Noticias\"],\"inLanguage\":\"en-US\",\"potentialAction\":[{\"@type\":\"CommentAction\",\"name\":\"Comment\",\"target\":[\"https:\\\/\\\/uees.edu.ec\\\/de-semilla-a-bosque-restaurado-presentacion-del-libro-arboles-del-bosque-seco-del-parque-historico-guayaquil\\\/#respond\"]}]},{\"@type\":\"WebPage\",\"@id\":\"https:\\\/\\\/uees.edu.ec\\\/de-semilla-a-bosque-restaurado-presentacion-del-libro-arboles-del-bosque-seco-del-parque-historico-guayaquil\\\/\",\"url\":\"https:\\\/\\\/uees.edu.ec\\\/de-semilla-a-bosque-restaurado-presentacion-del-libro-arboles-del-bosque-seco-del-parque-historico-guayaquil\\\/\",\"name\":\"De semilla a bosque restaurado: Presentaci\u00f3n del libro \\\"\u00c1rboles del Bosque Seco del Parque Hist\u00f3rico Guayaquil\\\" - UEES - Universidad Esp\u00edritu Santo\",\"isPartOf\":{\"@id\":\"https:\\\/\\\/uees.edu.ec\\\/#website\"},\"primaryImageOfPage\":{\"@id\":\"https:\\\/\\\/uees.edu.ec\\\/de-semilla-a-bosque-restaurado-presentacion-del-libro-arboles-del-bosque-seco-del-parque-historico-guayaquil\\\/#primaryimage\"},\"image\":{\"@id\":\"https:\\\/\\\/uees.edu.ec\\\/de-semilla-a-bosque-restaurado-presentacion-del-libro-arboles-del-bosque-seco-del-parque-historico-guayaquil\\\/#primaryimage\"},\"thumbnailUrl\":\"https:\\\/\\\/uees.edu.ec\\\/wp-content\\\/uploads\\\/2023\\\/08\\\/DSC03601-scaled.jpg\",\"datePublished\":\"2023-08-24T15:26:25+00:00\",\"breadcrumb\":{\"@id\":\"https:\\\/\\\/uees.edu.ec\\\/de-semilla-a-bosque-restaurado-presentacion-del-libro-arboles-del-bosque-seco-del-parque-historico-guayaquil\\\/#breadcrumb\"},\"inLanguage\":\"en-US\",\"potentialAction\":[{\"@type\":\"ReadAction\",\"target\":[\"https:\\\/\\\/uees.edu.ec\\\/de-semilla-a-bosque-restaurado-presentacion-del-libro-arboles-del-bosque-seco-del-parque-historico-guayaquil\\\/\"]}]},{\"@type\":\"ImageObject\",\"inLanguage\":\"en-US\",\"@id\":\"https:\\\/\\\/uees.edu.ec\\\/de-semilla-a-bosque-restaurado-presentacion-del-libro-arboles-del-bosque-seco-del-parque-historico-guayaquil\\\/#primaryimage\",\"url\":\"https:\\\/\\\/uees.edu.ec\\\/wp-content\\\/uploads\\\/2023\\\/08\\\/DSC03601-scaled.jpg\",\"contentUrl\":\"https:\\\/\\\/uees.edu.ec\\\/wp-content\\\/uploads\\\/2023\\\/08\\\/DSC03601-scaled.jpg\",\"width\":2560,\"height\":1707},{\"@type\":\"BreadcrumbList\",\"@id\":\"https:\\\/\\\/uees.edu.ec\\\/de-semilla-a-bosque-restaurado-presentacion-del-libro-arboles-del-bosque-seco-del-parque-historico-guayaquil\\\/#breadcrumb\",\"itemListElement\":[{\"@type\":\"ListItem\",\"position\":1,\"name\":\"Home\",\"item\":\"https:\\\/\\\/uees.edu.ec\\\/\"},{\"@type\":\"ListItem\",\"position\":2,\"name\":\"De semilla a bosque restaurado: Presentaci\u00f3n del libro &#8220;\u00c1rboles del Bosque Seco del Parque Hist\u00f3rico Guayaquil&#8221;\"}]},{\"@type\":\"WebSite\",\"@id\":\"https:\\\/\\\/uees.edu.ec\\\/#website\",\"url\":\"https:\\\/\\\/uees.edu.ec\\\/\",\"name\":\"Universidad Esp\u00edritu Santo - UEES\",\"description\":\"En constante innovaci\u00f3n\",\"publisher\":{\"@id\":\"https:\\\/\\\/uees.edu.ec\\\/#organization\"},\"alternateName\":\"Universidad Esp\u00edritu Santo - UEES\",\"potentialAction\":[{\"@type\":\"SearchAction\",\"target\":{\"@type\":\"EntryPoint\",\"urlTemplate\":\"https:\\\/\\\/uees.edu.ec\\\/?s={search_term_string}\"},\"query-input\":{\"@type\":\"PropertyValueSpecification\",\"valueRequired\":true,\"valueName\":\"search_term_string\"}}],\"inLanguage\":\"en-US\"},{\"@type\":\"Organization\",\"@id\":\"https:\\\/\\\/uees.edu.ec\\\/#organization\",\"name\":\"Universidad Esp\u00edritu Santo - UEES\",\"alternateName\":\"La mejor universidad en Ecuador\",\"url\":\"https:\\\/\\\/uees.edu.ec\\\/\",\"logo\":{\"@type\":\"ImageObject\",\"inLanguage\":\"en-US\",\"@id\":\"https:\\\/\\\/uees.edu.ec\\\/#\\\/schema\\\/logo\\\/image\\\/\",\"url\":\"https:\\\/\\\/uees.edu.ec\\\/wp-content\\\/uploads\\\/2021\\\/03\\\/Logo-UEES.png\",\"contentUrl\":\"https:\\\/\\\/uees.edu.ec\\\/wp-content\\\/uploads\\\/2021\\\/03\\\/Logo-UEES.png\",\"width\":221,\"height\":86,\"caption\":\"Universidad Esp\u00edritu Santo - UEES\"},\"image\":{\"@id\":\"https:\\\/\\\/uees.edu.ec\\\/#\\\/schema\\\/logo\\\/image\\\/\"},\"sameAs\":[\"https:\\\/\\\/www.facebook.com\\\/universidadespiritusanto\",\"https:\\\/\\\/x.com\\\/uees_ec\",\"https:\\\/\\\/www.instagram.com\\\/uees_ec\\\/\",\"https:\\\/\\\/www.linkedin.com\\\/school\\\/esp-ritu-santo\",\"https:\\\/\\\/www.youtube.com\\\/user\\\/UEES2009\",\"https:\\\/\\\/es.wikipedia.org\\\/wiki\\\/Universidad_de_Especialidades_Esp\u00edritu_Santo\"]},{\"@type\":\"Person\",\"@id\":\"https:\\\/\\\/uees.edu.ec\\\/#\\\/schema\\\/person\\\/d63ccd280ffea0cfa500ff8e223df681\",\"name\":\"Elisa NIeto\",\"image\":{\"@type\":\"ImageObject\",\"inLanguage\":\"en-US\",\"@id\":\"https:\\\/\\\/secure.gravatar.com\\\/avatar\\\/605564af463a7fd0c423bca29297cbceebac05a022669b655b2f2dcd2c6bf03e?s=96&d=mm&r=g\",\"url\":\"https:\\\/\\\/secure.gravatar.com\\\/avatar\\\/605564af463a7fd0c423bca29297cbceebac05a022669b655b2f2dcd2c6bf03e?s=96&d=mm&r=g\",\"contentUrl\":\"https:\\\/\\\/secure.gravatar.com\\\/avatar\\\/605564af463a7fd0c423bca29297cbceebac05a022669b655b2f2dcd2c6bf03e?s=96&d=mm&r=g\",\"caption\":\"Elisa NIeto\"},\"url\":\"https:\\\/\\\/uees.edu.ec\\\/en\\\/author\\\/elisa-nieto\\\/\"}]}<\/script>\n<!-- \/ Yoast SEO Premium plugin. -->","yoast_head_json":{"title":"De semilla a bosque restaurado: Presentaci\u00f3n del libro \"\u00c1rboles del Bosque Seco del Parque Hist\u00f3rico Guayaquil\" - UEES - Universidad Esp\u00edritu Santo","robots":{"index":"index","follow":"follow","max-snippet":"max-snippet:-1","max-image-preview":"max-image-preview:large","max-video-preview":"max-video-preview:-1"},"canonical":"https:\/\/uees.edu.ec\/en\/de-semilla-a-bosque-restaurado-presentacion-del-libro-arboles-del-bosque-seco-del-parque-historico-guayaquil\/","og_locale":"en_US","og_type":"article","og_title":"De semilla a bosque restaurado: Presentaci\u00f3n del libro \"\u00c1rboles del Bosque Seco del Parque Hist\u00f3rico Guayaquil\"","og_description":"Contar la historia de cada \u00e1rbol, arbusto y planta que forma parte del Parque Hist\u00f3rico de Guayaquil fue lo que motiv\u00f3 a las autoras Natalia Molina, Naskia Mor\u00e1n y Marcia Fabra a realizar una obra que captura el esp\u00edritu y la dedicaci\u00f3n invertidos en el proyecto de restauraci\u00f3n del bosque seco en el Parque Hist\u00f3rico [&hellip;]","og_url":"https:\/\/uees.edu.ec\/en\/de-semilla-a-bosque-restaurado-presentacion-del-libro-arboles-del-bosque-seco-del-parque-historico-guayaquil\/","og_site_name":"UEES - Universidad Esp\u00edritu Santo","article_publisher":"https:\/\/www.facebook.com\/universidadespiritusanto","article_published_time":"2023-08-24T15:26:25+00:00","og_image":[{"width":2560,"height":1707,"url":"https:\/\/uees.edu.ec\/wp-content\/uploads\/2023\/08\/DSC03601-scaled.jpg","type":"image\/jpeg"}],"author":"Elisa NIeto","twitter_card":"summary_large_image","twitter_creator":"@uees_ec","twitter_site":"@uees_ec","twitter_misc":{"Written by":"Elisa NIeto","Est. reading time":"3 minutes"},"schema":{"@context":"https:\/\/schema.org","@graph":[{"@type":["Article","BlogPosting"],"@id":"https:\/\/uees.edu.ec\/de-semilla-a-bosque-restaurado-presentacion-del-libro-arboles-del-bosque-seco-del-parque-historico-guayaquil\/#article","isPartOf":{"@id":"https:\/\/uees.edu.ec\/de-semilla-a-bosque-restaurado-presentacion-del-libro-arboles-del-bosque-seco-del-parque-historico-guayaquil\/"},"author":{"name":"Elisa NIeto","@id":"https:\/\/uees.edu.ec\/#\/schema\/person\/d63ccd280ffea0cfa500ff8e223df681"},"headline":"De semilla a bosque restaurado: Presentaci\u00f3n del libro \u00ab\u00c1rboles del Bosque Seco del Parque Hist\u00f3rico Guayaquil\u00bb","datePublished":"2023-08-24T15:26:25+00:00","mainEntityOfPage":{"@id":"https:\/\/uees.edu.ec\/de-semilla-a-bosque-restaurado-presentacion-del-libro-arboles-del-bosque-seco-del-parque-historico-guayaquil\/"},"wordCount":330,"commentCount":0,"publisher":{"@id":"https:\/\/uees.edu.ec\/#organization"},"image":{"@id":"https:\/\/uees.edu.ec\/de-semilla-a-bosque-restaurado-presentacion-del-libro-arboles-del-bosque-seco-del-parque-historico-guayaquil\/#primaryimage"},"thumbnailUrl":"https:\/\/uees.edu.ec\/wp-content\/uploads\/2023\/08\/DSC03601-scaled.jpg","keywords":["Ambiental","Parque Hist\u00f3rico"],"articleSection":["Centro de Investigaci\u00f3n","Centro de Investigaciones","Ingenier\u00eda","Noticias"],"inLanguage":"en-US","potentialAction":[{"@type":"CommentAction","name":"Comment","target":["https:\/\/uees.edu.ec\/de-semilla-a-bosque-restaurado-presentacion-del-libro-arboles-del-bosque-seco-del-parque-historico-guayaquil\/#respond"]}]},{"@type":"WebPage","@id":"https:\/\/uees.edu.ec\/de-semilla-a-bosque-restaurado-presentacion-del-libro-arboles-del-bosque-seco-del-parque-historico-guayaquil\/","url":"https:\/\/uees.edu.ec\/de-semilla-a-bosque-restaurado-presentacion-del-libro-arboles-del-bosque-seco-del-parque-historico-guayaquil\/","name":"De semilla a bosque restaurado: Presentaci\u00f3n del libro \"\u00c1rboles del Bosque Seco del Parque Hist\u00f3rico Guayaquil\" - UEES - Universidad Esp\u00edritu Santo","isPartOf":{"@id":"https:\/\/uees.edu.ec\/#website"},"primaryImageOfPage":{"@id":"https:\/\/uees.edu.ec\/de-semilla-a-bosque-restaurado-presentacion-del-libro-arboles-del-bosque-seco-del-parque-historico-guayaquil\/#primaryimage"},"image":{"@id":"https:\/\/uees.edu.ec\/de-semilla-a-bosque-restaurado-presentacion-del-libro-arboles-del-bosque-seco-del-parque-historico-guayaquil\/#primaryimage"},"thumbnailUrl":"https:\/\/uees.edu.ec\/wp-content\/uploads\/2023\/08\/DSC03601-scaled.jpg","datePublished":"2023-08-24T15:26:25+00:00","breadcrumb":{"@id":"https:\/\/uees.edu.ec\/de-semilla-a-bosque-restaurado-presentacion-del-libro-arboles-del-bosque-seco-del-parque-historico-guayaquil\/#breadcrumb"},"inLanguage":"en-US","potentialAction":[{"@type":"ReadAction","target":["https:\/\/uees.edu.ec\/de-semilla-a-bosque-restaurado-presentacion-del-libro-arboles-del-bosque-seco-del-parque-historico-guayaquil\/"]}]},{"@type":"ImageObject","inLanguage":"en-US","@id":"https:\/\/uees.edu.ec\/de-semilla-a-bosque-restaurado-presentacion-del-libro-arboles-del-bosque-seco-del-parque-historico-guayaquil\/#primaryimage","url":"https:\/\/uees.edu.ec\/wp-content\/uploads\/2023\/08\/DSC03601-scaled.jpg","contentUrl":"https:\/\/uees.edu.ec\/wp-content\/uploads\/2023\/08\/DSC03601-scaled.jpg","width":2560,"height":1707},{"@type":"BreadcrumbList","@id":"https:\/\/uees.edu.ec\/de-semilla-a-bosque-restaurado-presentacion-del-libro-arboles-del-bosque-seco-del-parque-historico-guayaquil\/#breadcrumb","itemListElement":[{"@type":"ListItem","position":1,"name":"Home","item":"https:\/\/uees.edu.ec\/"},{"@type":"ListItem","position":2,"name":"De semilla a bosque restaurado: Presentaci\u00f3n del libro &#8220;\u00c1rboles del Bosque Seco del Parque Hist\u00f3rico Guayaquil&#8221;"}]},{"@type":"WebSite","@id":"https:\/\/uees.edu.ec\/#website","url":"https:\/\/uees.edu.ec\/","name":"Espiritu Santo University - UEES","description":"In constant innovation","publisher":{"@id":"https:\/\/uees.edu.ec\/#organization"},"alternateName":"Universidad Esp\u00edritu Santo - UEES","potentialAction":[{"@type":"SearchAction","target":{"@type":"EntryPoint","urlTemplate":"https:\/\/uees.edu.ec\/?s={search_term_string}"},"query-input":{"@type":"PropertyValueSpecification","valueRequired":true,"valueName":"search_term_string"}}],"inLanguage":"en-US"},{"@type":"Organization","@id":"https:\/\/uees.edu.ec\/#organization","name":"Espiritu Santo University - UEES","alternateName":"La mejor universidad en Ecuador","url":"https:\/\/uees.edu.ec\/","logo":{"@type":"ImageObject","inLanguage":"en-US","@id":"https:\/\/uees.edu.ec\/#\/schema\/logo\/image\/","url":"https:\/\/uees.edu.ec\/wp-content\/uploads\/2021\/03\/Logo-UEES.png","contentUrl":"https:\/\/uees.edu.ec\/wp-content\/uploads\/2021\/03\/Logo-UEES.png","width":221,"height":86,"caption":"Universidad Esp\u00edritu Santo - UEES"},"image":{"@id":"https:\/\/uees.edu.ec\/#\/schema\/logo\/image\/"},"sameAs":["https:\/\/www.facebook.com\/universidadespiritusanto","https:\/\/x.com\/uees_ec","https:\/\/www.instagram.com\/uees_ec\/","https:\/\/www.linkedin.com\/school\/esp-ritu-santo","https:\/\/www.youtube.com\/user\/UEES2009","https:\/\/es.wikipedia.org\/wiki\/Universidad_de_Especialidades_Esp\u00edritu_Santo"]},{"@type":"Person","@id":"https:\/\/uees.edu.ec\/#\/schema\/person\/d63ccd280ffea0cfa500ff8e223df681","name":"Elisa NIeto","image":{"@type":"ImageObject","inLanguage":"en-US","@id":"https:\/\/secure.gravatar.com\/avatar\/605564af463a7fd0c423bca29297cbceebac05a022669b655b2f2dcd2c6bf03e?s=96&d=mm&r=g","url":"https:\/\/secure.gravatar.com\/avatar\/605564af463a7fd0c423bca29297cbceebac05a022669b655b2f2dcd2c6bf03e?s=96&d=mm&r=g","contentUrl":"https:\/\/secure.gravatar.com\/avatar\/605564af463a7fd0c423bca29297cbceebac05a022669b655b2f2dcd2c6bf03e?s=96&d=mm&r=g","caption":"Elisa NIeto"},"url":"https:\/\/uees.edu.ec\/en\/author\/elisa-nieto\/"}]}},"_links":{"self":[{"href":"https:\/\/uees.edu.ec\/en\/wp-json\/wp\/v2\/posts\/21788","targetHints":{"allow":["GET"]}}],"collection":[{"href":"https:\/\/uees.edu.ec\/en\/wp-json\/wp\/v2\/posts"}],"about":[{"href":"https:\/\/uees.edu.ec\/en\/wp-json\/wp\/v2\/types\/post"}],"author":[{"embeddable":true,"href":"https:\/\/uees.edu.ec\/en\/wp-json\/wp\/v2\/users\/10000093"}],"replies":[{"embeddable":true,"href":"https:\/\/uees.edu.ec\/en\/wp-json\/wp\/v2\/comments?post=21788"}],"version-history":[{"count":1,"href":"https:\/\/uees.edu.ec\/en\/wp-json\/wp\/v2\/posts\/21788\/revisions"}],"predecessor-version":[{"id":21793,"href":"https:\/\/uees.edu.ec\/en\/wp-json\/wp\/v2\/posts\/21788\/revisions\/21793"}],"wp:featuredmedia":[{"embeddable":true,"href":"https:\/\/uees.edu.ec\/en\/wp-json\/wp\/v2\/media\/21792"}],"wp:attachment":[{"href":"https:\/\/uees.edu.ec\/en\/wp-json\/wp\/v2\/media?parent=21788"}],"wp:term":[{"taxonomy":"category","embeddable":true,"href":"https:\/\/uees.edu.ec\/en\/wp-json\/wp\/v2\/categories?post=21788"},{"taxonomy":"post_tag","embeddable":true,"href":"https:\/\/uees.edu.ec\/en\/wp-json\/wp\/v2\/tags?post=21788"}],"curies":[{"name":"wp","href":"https:\/\/api.w.org\/{rel}","templated":true}]}}