{"id":20916,"date":"2023-05-31T14:58:23","date_gmt":"2023-05-31T19:58:23","guid":{"rendered":"https:\/\/uees.edu.ec\/?p=20916"},"modified":"2023-05-31T14:58:23","modified_gmt":"2023-05-31T19:58:23","slug":"estudio-de-la-uees-determino-que-desde-los-12-anos-se-consume-cigarrillo-electronico","status":"publish","type":"post","link":"https:\/\/uees.edu.ec\/en\/estudio-de-la-uees-determino-que-desde-los-12-anos-se-consume-cigarrillo-electronico\/","title":{"rendered":"UEES study determined that electronic cigarettes are consumed from the age of 12 years old."},"content":{"rendered":"<p><img loading=\"lazy\" decoding=\"async\" class=\"alignnone size-full wp-image-20917\" src=\"https:\/\/uees.edu.ec\/wp-content\/uploads\/2023\/05\/WhatsApp-Image-2023-05-31-at-14.33.01.jpeg\" alt=\"\" width=\"1024\" height=\"768\" srcset=\"https:\/\/uees.edu.ec\/wp-content\/uploads\/2023\/05\/WhatsApp-Image-2023-05-31-at-14.33.01.jpeg 1024w, https:\/\/uees.edu.ec\/wp-content\/uploads\/2023\/05\/WhatsApp-Image-2023-05-31-at-14.33.01-300x225.jpeg 300w, https:\/\/uees.edu.ec\/wp-content\/uploads\/2023\/05\/WhatsApp-Image-2023-05-31-at-14.33.01-768x576.jpeg 768w\" sizes=\"auto, (max-width: 1024px) 100vw, 1024px\" \/><\/p>\n<h6><em>Researchers and health professionals during a talk on World No Tobacco Day.<\/em><\/h6>\n<p>The research center of the Universidad de Especialidades Esp\u00edritu Santo (UEES) analyzed the consumption of electronic cigarettes in 3,443 students from 6 colleges, schools and four universities in Quito, Guayaquil, Samborond\u00f3n, Salitre and Portoviejo. The surveys determined that 52% acquired this smoking device at least once, since they were 12 years old.<\/p>\n<p>\u201cI see young people who are in college who are already more aware of the harm and want to quit smoking electronic cigarettes and can't because they get withdrawal symptoms,\u201d explains researcher Iv\u00e1n Ch\u00e9rrez.<\/p>\n<p>According to the study, students from universities and private schools are the ones who use electronic cigarettes the most. Seventy-six % of young people smoke for more than one hour after waking up and during the day, they smoke between 11 and 30 times.<\/p>\n<p><img loading=\"lazy\" decoding=\"async\" class=\"alignnone size-full wp-image-20918\" src=\"https:\/\/uees.edu.ec\/wp-content\/uploads\/2023\/05\/cigarrillo.jpg\" alt=\"\" width=\"1017\" height=\"667\" srcset=\"https:\/\/uees.edu.ec\/wp-content\/uploads\/2023\/05\/cigarrillo.jpg 1017w, https:\/\/uees.edu.ec\/wp-content\/uploads\/2023\/05\/cigarrillo-300x197.jpg 300w, https:\/\/uees.edu.ec\/wp-content\/uploads\/2023\/05\/cigarrillo-768x504.jpg 768w\" sizes=\"auto, (max-width: 1017px) 100vw, 1017px\" \/><\/p>\n<p>These results will be formally presented to the health authorities to regulate the marketing of electronic cigarettes so that minors do not buy them, but UEES researchers strongly believe that the sale of these health-harmful devices should not be allowed.<\/p>\n<p>&nbsp;<\/p>","protected":false},"excerpt":{"rendered":"<p>Investigadores y profesionales de la salud durante charla por el D\u00eda Mundial Sin Tabaco. El centro de investigaciones de la Universidad de Especialidades Esp\u00edritu Santo (UEES) analiz\u00f3 el consumo de cigarrillo electr\u00f3nico en 3.443 estudiantes de 6 colegios, escuelas y cuatro universidades de Quito, Guayaquil, Samborond\u00f3n, Salitre y Portoviejo. Las encuestas determinaron que el 52% [&hellip;]<\/p>\n","protected":false},"author":10000093,"featured_media":20918,"comment_status":"open","ping_status":"open","sticky":false,"template":"","format":"standard","meta":{"_acf_changed":false,"footnotes":""},"categories":[480,552,75],"tags":[426,553,560,554,436],"class_list":["post-20916","post","type-post","status-publish","format-standard","has-post-thumbnail","hentry","category-centro-de-investigacion","category-centro-de-investigaciones","category-noticias","tag-ciencia","tag-cientificos","tag-cigarrillos-electronicos","tag-estudios","tag-salud"],"acf":[],"yoast_head":"<!-- This site is optimized with the Yoast SEO Premium plugin v27.4 (Yoast SEO v27.4) - https:\/\/yoast.com\/product\/yoast-seo-premium-wordpress\/ -->\n<title>Estudio de la UEES determin\u00f3 que desde los 12 a\u00f1os se consume cigarrillo electr\u00f3nico - UEES - Universidad Esp\u00edritu Santo<\/title>\n<meta name=\"robots\" content=\"index, follow, max-snippet:-1, max-image-preview:large, max-video-preview:-1\" \/>\n<link rel=\"canonical\" href=\"https:\/\/uees.edu.ec\/en\/estudio-de-la-uees-determino-que-desde-los-12-anos-se-consume-cigarrillo-electronico\/\" \/>\n<meta property=\"og:locale\" content=\"en_US\" \/>\n<meta property=\"og:type\" content=\"article\" \/>\n<meta property=\"og:title\" content=\"Estudio de la UEES determin\u00f3 que desde los 12 a\u00f1os se consume cigarrillo electr\u00f3nico\" \/>\n<meta property=\"og:description\" content=\"Investigadores y profesionales de la salud durante charla por el D\u00eda Mundial Sin Tabaco. El centro de investigaciones de la Universidad de Especialidades Esp\u00edritu Santo (UEES) analiz\u00f3 el consumo de cigarrillo electr\u00f3nico en 3.443 estudiantes de 6 colegios, escuelas y cuatro universidades de Quito, Guayaquil, Samborond\u00f3n, Salitre y Portoviejo. Las encuestas determinaron que el 52% [&hellip;]\" \/>\n<meta property=\"og:url\" content=\"https:\/\/uees.edu.ec\/en\/estudio-de-la-uees-determino-que-desde-los-12-anos-se-consume-cigarrillo-electronico\/\" \/>\n<meta property=\"og:site_name\" content=\"UEES - Universidad Esp\u00edritu Santo\" \/>\n<meta property=\"article:publisher\" content=\"https:\/\/www.facebook.com\/universidadespiritusanto\" \/>\n<meta property=\"article:published_time\" content=\"2023-05-31T19:58:23+00:00\" \/>\n<meta property=\"og:image\" content=\"https:\/\/uees.edu.ec\/wp-content\/uploads\/2023\/05\/cigarrillo.jpg\" \/>\n\t<meta property=\"og:image:width\" content=\"1017\" \/>\n\t<meta property=\"og:image:height\" content=\"667\" \/>\n\t<meta property=\"og:image:type\" content=\"image\/jpeg\" \/>\n<meta name=\"author\" content=\"Elisa NIeto\" \/>\n<meta name=\"twitter:card\" content=\"summary_large_image\" \/>\n<meta name=\"twitter:creator\" content=\"@uees_ec\" \/>\n<meta name=\"twitter:site\" content=\"@uees_ec\" \/>\n<meta name=\"twitter:label1\" content=\"Written by\" \/>\n\t<meta name=\"twitter:data1\" content=\"Elisa NIeto\" \/>\n\t<meta name=\"twitter:label2\" content=\"Est. reading time\" \/>\n\t<meta name=\"twitter:data2\" content=\"2 minutes\" \/>\n<script type=\"application\/ld+json\" class=\"yoast-schema-graph\">{\"@context\":\"https:\\\/\\\/schema.org\",\"@graph\":[{\"@type\":[\"Article\",\"BlogPosting\"],\"@id\":\"https:\\\/\\\/uees.edu.ec\\\/estudio-de-la-uees-determino-que-desde-los-12-anos-se-consume-cigarrillo-electronico\\\/#article\",\"isPartOf\":{\"@id\":\"https:\\\/\\\/uees.edu.ec\\\/estudio-de-la-uees-determino-que-desde-los-12-anos-se-consume-cigarrillo-electronico\\\/\"},\"author\":{\"name\":\"Elisa NIeto\",\"@id\":\"https:\\\/\\\/uees.edu.ec\\\/#\\\/schema\\\/person\\\/d63ccd280ffea0cfa500ff8e223df681\"},\"headline\":\"Estudio de la UEES determin\u00f3 que desde los 12 a\u00f1os se consume cigarrillo electr\u00f3nico\",\"datePublished\":\"2023-05-31T19:58:23+00:00\",\"mainEntityOfPage\":{\"@id\":\"https:\\\/\\\/uees.edu.ec\\\/estudio-de-la-uees-determino-que-desde-los-12-anos-se-consume-cigarrillo-electronico\\\/\"},\"wordCount\":235,\"commentCount\":0,\"publisher\":{\"@id\":\"https:\\\/\\\/uees.edu.ec\\\/#organization\"},\"image\":{\"@id\":\"https:\\\/\\\/uees.edu.ec\\\/estudio-de-la-uees-determino-que-desde-los-12-anos-se-consume-cigarrillo-electronico\\\/#primaryimage\"},\"thumbnailUrl\":\"https:\\\/\\\/uees.edu.ec\\\/wp-content\\\/uploads\\\/2023\\\/05\\\/cigarrillo.jpg\",\"keywords\":[\"Ciencia\",\"cient\u00edficos\",\"cigarrillos electr\u00f3nicos\",\"estudios\",\"Salud\"],\"articleSection\":[\"Centro de Investigaci\u00f3n\",\"Centro de Investigaciones\",\"Noticias\"],\"inLanguage\":\"en-US\",\"potentialAction\":[{\"@type\":\"CommentAction\",\"name\":\"Comment\",\"target\":[\"https:\\\/\\\/uees.edu.ec\\\/estudio-de-la-uees-determino-que-desde-los-12-anos-se-consume-cigarrillo-electronico\\\/#respond\"]}]},{\"@type\":\"WebPage\",\"@id\":\"https:\\\/\\\/uees.edu.ec\\\/estudio-de-la-uees-determino-que-desde-los-12-anos-se-consume-cigarrillo-electronico\\\/\",\"url\":\"https:\\\/\\\/uees.edu.ec\\\/estudio-de-la-uees-determino-que-desde-los-12-anos-se-consume-cigarrillo-electronico\\\/\",\"name\":\"Estudio de la UEES determin\u00f3 que desde los 12 a\u00f1os se consume cigarrillo electr\u00f3nico - UEES - Universidad Esp\u00edritu Santo\",\"isPartOf\":{\"@id\":\"https:\\\/\\\/uees.edu.ec\\\/#website\"},\"primaryImageOfPage\":{\"@id\":\"https:\\\/\\\/uees.edu.ec\\\/estudio-de-la-uees-determino-que-desde-los-12-anos-se-consume-cigarrillo-electronico\\\/#primaryimage\"},\"image\":{\"@id\":\"https:\\\/\\\/uees.edu.ec\\\/estudio-de-la-uees-determino-que-desde-los-12-anos-se-consume-cigarrillo-electronico\\\/#primaryimage\"},\"thumbnailUrl\":\"https:\\\/\\\/uees.edu.ec\\\/wp-content\\\/uploads\\\/2023\\\/05\\\/cigarrillo.jpg\",\"datePublished\":\"2023-05-31T19:58:23+00:00\",\"breadcrumb\":{\"@id\":\"https:\\\/\\\/uees.edu.ec\\\/estudio-de-la-uees-determino-que-desde-los-12-anos-se-consume-cigarrillo-electronico\\\/#breadcrumb\"},\"inLanguage\":\"en-US\",\"potentialAction\":[{\"@type\":\"ReadAction\",\"target\":[\"https:\\\/\\\/uees.edu.ec\\\/estudio-de-la-uees-determino-que-desde-los-12-anos-se-consume-cigarrillo-electronico\\\/\"]}]},{\"@type\":\"ImageObject\",\"inLanguage\":\"en-US\",\"@id\":\"https:\\\/\\\/uees.edu.ec\\\/estudio-de-la-uees-determino-que-desde-los-12-anos-se-consume-cigarrillo-electronico\\\/#primaryimage\",\"url\":\"https:\\\/\\\/uees.edu.ec\\\/wp-content\\\/uploads\\\/2023\\\/05\\\/cigarrillo.jpg\",\"contentUrl\":\"https:\\\/\\\/uees.edu.ec\\\/wp-content\\\/uploads\\\/2023\\\/05\\\/cigarrillo.jpg\",\"width\":1017,\"height\":667},{\"@type\":\"BreadcrumbList\",\"@id\":\"https:\\\/\\\/uees.edu.ec\\\/estudio-de-la-uees-determino-que-desde-los-12-anos-se-consume-cigarrillo-electronico\\\/#breadcrumb\",\"itemListElement\":[{\"@type\":\"ListItem\",\"position\":1,\"name\":\"Home\",\"item\":\"https:\\\/\\\/uees.edu.ec\\\/\"},{\"@type\":\"ListItem\",\"position\":2,\"name\":\"Estudio de la UEES determin\u00f3 que desde los 12 a\u00f1os se consume cigarrillo electr\u00f3nico\"}]},{\"@type\":\"WebSite\",\"@id\":\"https:\\\/\\\/uees.edu.ec\\\/#website\",\"url\":\"https:\\\/\\\/uees.edu.ec\\\/\",\"name\":\"Universidad Esp\u00edritu Santo - UEES\",\"description\":\"En constante innovaci\u00f3n\",\"publisher\":{\"@id\":\"https:\\\/\\\/uees.edu.ec\\\/#organization\"},\"alternateName\":\"Universidad Esp\u00edritu Santo - UEES\",\"potentialAction\":[{\"@type\":\"SearchAction\",\"target\":{\"@type\":\"EntryPoint\",\"urlTemplate\":\"https:\\\/\\\/uees.edu.ec\\\/?s={search_term_string}\"},\"query-input\":{\"@type\":\"PropertyValueSpecification\",\"valueRequired\":true,\"valueName\":\"search_term_string\"}}],\"inLanguage\":\"en-US\"},{\"@type\":\"Organization\",\"@id\":\"https:\\\/\\\/uees.edu.ec\\\/#organization\",\"name\":\"Universidad Esp\u00edritu Santo - UEES\",\"alternateName\":\"La mejor universidad en Ecuador\",\"url\":\"https:\\\/\\\/uees.edu.ec\\\/\",\"logo\":{\"@type\":\"ImageObject\",\"inLanguage\":\"en-US\",\"@id\":\"https:\\\/\\\/uees.edu.ec\\\/#\\\/schema\\\/logo\\\/image\\\/\",\"url\":\"https:\\\/\\\/uees.edu.ec\\\/wp-content\\\/uploads\\\/2021\\\/03\\\/Logo-UEES.png\",\"contentUrl\":\"https:\\\/\\\/uees.edu.ec\\\/wp-content\\\/uploads\\\/2021\\\/03\\\/Logo-UEES.png\",\"width\":221,\"height\":86,\"caption\":\"Universidad Esp\u00edritu Santo - UEES\"},\"image\":{\"@id\":\"https:\\\/\\\/uees.edu.ec\\\/#\\\/schema\\\/logo\\\/image\\\/\"},\"sameAs\":[\"https:\\\/\\\/www.facebook.com\\\/universidadespiritusanto\",\"https:\\\/\\\/x.com\\\/uees_ec\",\"https:\\\/\\\/www.instagram.com\\\/uees_ec\\\/\",\"https:\\\/\\\/www.linkedin.com\\\/school\\\/esp-ritu-santo\",\"https:\\\/\\\/www.youtube.com\\\/user\\\/UEES2009\",\"https:\\\/\\\/es.wikipedia.org\\\/wiki\\\/Universidad_de_Especialidades_Esp\u00edritu_Santo\"]},{\"@type\":\"Person\",\"@id\":\"https:\\\/\\\/uees.edu.ec\\\/#\\\/schema\\\/person\\\/d63ccd280ffea0cfa500ff8e223df681\",\"name\":\"Elisa NIeto\",\"image\":{\"@type\":\"ImageObject\",\"inLanguage\":\"en-US\",\"@id\":\"https:\\\/\\\/secure.gravatar.com\\\/avatar\\\/605564af463a7fd0c423bca29297cbceebac05a022669b655b2f2dcd2c6bf03e?s=96&d=mm&r=g\",\"url\":\"https:\\\/\\\/secure.gravatar.com\\\/avatar\\\/605564af463a7fd0c423bca29297cbceebac05a022669b655b2f2dcd2c6bf03e?s=96&d=mm&r=g\",\"contentUrl\":\"https:\\\/\\\/secure.gravatar.com\\\/avatar\\\/605564af463a7fd0c423bca29297cbceebac05a022669b655b2f2dcd2c6bf03e?s=96&d=mm&r=g\",\"caption\":\"Elisa NIeto\"},\"url\":\"https:\\\/\\\/uees.edu.ec\\\/en\\\/author\\\/elisa-nieto\\\/\"}]}<\/script>\n<!-- \/ Yoast SEO Premium plugin. -->","yoast_head_json":{"title":"Estudio de la UEES determin\u00f3 que desde los 12 a\u00f1os se consume cigarrillo electr\u00f3nico - UEES - Universidad Esp\u00edritu Santo","robots":{"index":"index","follow":"follow","max-snippet":"max-snippet:-1","max-image-preview":"max-image-preview:large","max-video-preview":"max-video-preview:-1"},"canonical":"https:\/\/uees.edu.ec\/en\/estudio-de-la-uees-determino-que-desde-los-12-anos-se-consume-cigarrillo-electronico\/","og_locale":"en_US","og_type":"article","og_title":"Estudio de la UEES determin\u00f3 que desde los 12 a\u00f1os se consume cigarrillo electr\u00f3nico","og_description":"Investigadores y profesionales de la salud durante charla por el D\u00eda Mundial Sin Tabaco. El centro de investigaciones de la Universidad de Especialidades Esp\u00edritu Santo (UEES) analiz\u00f3 el consumo de cigarrillo electr\u00f3nico en 3.443 estudiantes de 6 colegios, escuelas y cuatro universidades de Quito, Guayaquil, Samborond\u00f3n, Salitre y Portoviejo. Las encuestas determinaron que el 52% [&hellip;]","og_url":"https:\/\/uees.edu.ec\/en\/estudio-de-la-uees-determino-que-desde-los-12-anos-se-consume-cigarrillo-electronico\/","og_site_name":"UEES - Universidad Esp\u00edritu Santo","article_publisher":"https:\/\/www.facebook.com\/universidadespiritusanto","article_published_time":"2023-05-31T19:58:23+00:00","og_image":[{"width":1017,"height":667,"url":"https:\/\/uees.edu.ec\/wp-content\/uploads\/2023\/05\/cigarrillo.jpg","type":"image\/jpeg"}],"author":"Elisa NIeto","twitter_card":"summary_large_image","twitter_creator":"@uees_ec","twitter_site":"@uees_ec","twitter_misc":{"Written by":"Elisa NIeto","Est. reading time":"2 minutes"},"schema":{"@context":"https:\/\/schema.org","@graph":[{"@type":["Article","BlogPosting"],"@id":"https:\/\/uees.edu.ec\/estudio-de-la-uees-determino-que-desde-los-12-anos-se-consume-cigarrillo-electronico\/#article","isPartOf":{"@id":"https:\/\/uees.edu.ec\/estudio-de-la-uees-determino-que-desde-los-12-anos-se-consume-cigarrillo-electronico\/"},"author":{"name":"Elisa NIeto","@id":"https:\/\/uees.edu.ec\/#\/schema\/person\/d63ccd280ffea0cfa500ff8e223df681"},"headline":"Estudio de la UEES determin\u00f3 que desde los 12 a\u00f1os se consume cigarrillo electr\u00f3nico","datePublished":"2023-05-31T19:58:23+00:00","mainEntityOfPage":{"@id":"https:\/\/uees.edu.ec\/estudio-de-la-uees-determino-que-desde-los-12-anos-se-consume-cigarrillo-electronico\/"},"wordCount":235,"commentCount":0,"publisher":{"@id":"https:\/\/uees.edu.ec\/#organization"},"image":{"@id":"https:\/\/uees.edu.ec\/estudio-de-la-uees-determino-que-desde-los-12-anos-se-consume-cigarrillo-electronico\/#primaryimage"},"thumbnailUrl":"https:\/\/uees.edu.ec\/wp-content\/uploads\/2023\/05\/cigarrillo.jpg","keywords":["Ciencia","cient\u00edficos","cigarrillos electr\u00f3nicos","estudios","Salud"],"articleSection":["Centro de Investigaci\u00f3n","Centro de Investigaciones","Noticias"],"inLanguage":"en-US","potentialAction":[{"@type":"CommentAction","name":"Comment","target":["https:\/\/uees.edu.ec\/estudio-de-la-uees-determino-que-desde-los-12-anos-se-consume-cigarrillo-electronico\/#respond"]}]},{"@type":"WebPage","@id":"https:\/\/uees.edu.ec\/estudio-de-la-uees-determino-que-desde-los-12-anos-se-consume-cigarrillo-electronico\/","url":"https:\/\/uees.edu.ec\/estudio-de-la-uees-determino-que-desde-los-12-anos-se-consume-cigarrillo-electronico\/","name":"Estudio de la UEES determin\u00f3 que desde los 12 a\u00f1os se consume cigarrillo electr\u00f3nico - UEES - Universidad Esp\u00edritu Santo","isPartOf":{"@id":"https:\/\/uees.edu.ec\/#website"},"primaryImageOfPage":{"@id":"https:\/\/uees.edu.ec\/estudio-de-la-uees-determino-que-desde-los-12-anos-se-consume-cigarrillo-electronico\/#primaryimage"},"image":{"@id":"https:\/\/uees.edu.ec\/estudio-de-la-uees-determino-que-desde-los-12-anos-se-consume-cigarrillo-electronico\/#primaryimage"},"thumbnailUrl":"https:\/\/uees.edu.ec\/wp-content\/uploads\/2023\/05\/cigarrillo.jpg","datePublished":"2023-05-31T19:58:23+00:00","breadcrumb":{"@id":"https:\/\/uees.edu.ec\/estudio-de-la-uees-determino-que-desde-los-12-anos-se-consume-cigarrillo-electronico\/#breadcrumb"},"inLanguage":"en-US","potentialAction":[{"@type":"ReadAction","target":["https:\/\/uees.edu.ec\/estudio-de-la-uees-determino-que-desde-los-12-anos-se-consume-cigarrillo-electronico\/"]}]},{"@type":"ImageObject","inLanguage":"en-US","@id":"https:\/\/uees.edu.ec\/estudio-de-la-uees-determino-que-desde-los-12-anos-se-consume-cigarrillo-electronico\/#primaryimage","url":"https:\/\/uees.edu.ec\/wp-content\/uploads\/2023\/05\/cigarrillo.jpg","contentUrl":"https:\/\/uees.edu.ec\/wp-content\/uploads\/2023\/05\/cigarrillo.jpg","width":1017,"height":667},{"@type":"BreadcrumbList","@id":"https:\/\/uees.edu.ec\/estudio-de-la-uees-determino-que-desde-los-12-anos-se-consume-cigarrillo-electronico\/#breadcrumb","itemListElement":[{"@type":"ListItem","position":1,"name":"Home","item":"https:\/\/uees.edu.ec\/"},{"@type":"ListItem","position":2,"name":"Estudio de la UEES determin\u00f3 que desde los 12 a\u00f1os se consume cigarrillo electr\u00f3nico"}]},{"@type":"WebSite","@id":"https:\/\/uees.edu.ec\/#website","url":"https:\/\/uees.edu.ec\/","name":"Espiritu Santo University - UEES","description":"In constant innovation","publisher":{"@id":"https:\/\/uees.edu.ec\/#organization"},"alternateName":"Universidad Esp\u00edritu Santo - UEES","potentialAction":[{"@type":"SearchAction","target":{"@type":"EntryPoint","urlTemplate":"https:\/\/uees.edu.ec\/?s={search_term_string}"},"query-input":{"@type":"PropertyValueSpecification","valueRequired":true,"valueName":"search_term_string"}}],"inLanguage":"en-US"},{"@type":"Organization","@id":"https:\/\/uees.edu.ec\/#organization","name":"Espiritu Santo University - UEES","alternateName":"La mejor universidad en Ecuador","url":"https:\/\/uees.edu.ec\/","logo":{"@type":"ImageObject","inLanguage":"en-US","@id":"https:\/\/uees.edu.ec\/#\/schema\/logo\/image\/","url":"https:\/\/uees.edu.ec\/wp-content\/uploads\/2021\/03\/Logo-UEES.png","contentUrl":"https:\/\/uees.edu.ec\/wp-content\/uploads\/2021\/03\/Logo-UEES.png","width":221,"height":86,"caption":"Universidad Esp\u00edritu Santo - UEES"},"image":{"@id":"https:\/\/uees.edu.ec\/#\/schema\/logo\/image\/"},"sameAs":["https:\/\/www.facebook.com\/universidadespiritusanto","https:\/\/x.com\/uees_ec","https:\/\/www.instagram.com\/uees_ec\/","https:\/\/www.linkedin.com\/school\/esp-ritu-santo","https:\/\/www.youtube.com\/user\/UEES2009","https:\/\/es.wikipedia.org\/wiki\/Universidad_de_Especialidades_Esp\u00edritu_Santo"]},{"@type":"Person","@id":"https:\/\/uees.edu.ec\/#\/schema\/person\/d63ccd280ffea0cfa500ff8e223df681","name":"Elisa NIeto","image":{"@type":"ImageObject","inLanguage":"en-US","@id":"https:\/\/secure.gravatar.com\/avatar\/605564af463a7fd0c423bca29297cbceebac05a022669b655b2f2dcd2c6bf03e?s=96&d=mm&r=g","url":"https:\/\/secure.gravatar.com\/avatar\/605564af463a7fd0c423bca29297cbceebac05a022669b655b2f2dcd2c6bf03e?s=96&d=mm&r=g","contentUrl":"https:\/\/secure.gravatar.com\/avatar\/605564af463a7fd0c423bca29297cbceebac05a022669b655b2f2dcd2c6bf03e?s=96&d=mm&r=g","caption":"Elisa NIeto"},"url":"https:\/\/uees.edu.ec\/en\/author\/elisa-nieto\/"}]}},"_links":{"self":[{"href":"https:\/\/uees.edu.ec\/en\/wp-json\/wp\/v2\/posts\/20916","targetHints":{"allow":["GET"]}}],"collection":[{"href":"https:\/\/uees.edu.ec\/en\/wp-json\/wp\/v2\/posts"}],"about":[{"href":"https:\/\/uees.edu.ec\/en\/wp-json\/wp\/v2\/types\/post"}],"author":[{"embeddable":true,"href":"https:\/\/uees.edu.ec\/en\/wp-json\/wp\/v2\/users\/10000093"}],"replies":[{"embeddable":true,"href":"https:\/\/uees.edu.ec\/en\/wp-json\/wp\/v2\/comments?post=20916"}],"version-history":[{"count":1,"href":"https:\/\/uees.edu.ec\/en\/wp-json\/wp\/v2\/posts\/20916\/revisions"}],"predecessor-version":[{"id":20919,"href":"https:\/\/uees.edu.ec\/en\/wp-json\/wp\/v2\/posts\/20916\/revisions\/20919"}],"wp:featuredmedia":[{"embeddable":true,"href":"https:\/\/uees.edu.ec\/en\/wp-json\/wp\/v2\/media\/20918"}],"wp:attachment":[{"href":"https:\/\/uees.edu.ec\/en\/wp-json\/wp\/v2\/media?parent=20916"}],"wp:term":[{"taxonomy":"category","embeddable":true,"href":"https:\/\/uees.edu.ec\/en\/wp-json\/wp\/v2\/categories?post=20916"},{"taxonomy":"post_tag","embeddable":true,"href":"https:\/\/uees.edu.ec\/en\/wp-json\/wp\/v2\/tags?post=20916"}],"curies":[{"name":"wp","href":"https:\/\/api.w.org\/{rel}","templated":true}]}}