{"id":20195,"date":"2023-03-02T15:31:41","date_gmt":"2023-03-02T20:31:41","guid":{"rendered":"https:\/\/uees.edu.ec\/?p=20195"},"modified":"2023-03-03T11:53:04","modified_gmt":"2023-03-03T16:53:04","slug":"policia-nacional-condecora-a-la-uees","status":"publish","type":"post","link":"https:\/\/uees.edu.ec\/en\/policia-nacional-condecora-a-la-uees\/","title":{"rendered":"National Police awards UEES for its security work"},"content":{"rendered":"<p><img loading=\"lazy\" decoding=\"async\" class=\"alignnone wp-image-20203 size-full\" src=\"https:\/\/uees.edu.ec\/wp-content\/uploads\/2023\/03\/WhatsApp-Image-2023-03-03-at-11.16.55.jpeg\" alt=\"\" width=\"1500\" height=\"1000\" srcset=\"https:\/\/uees.edu.ec\/wp-content\/uploads\/2023\/03\/WhatsApp-Image-2023-03-03-at-11.16.55.jpeg 1500w, https:\/\/uees.edu.ec\/wp-content\/uploads\/2023\/03\/WhatsApp-Image-2023-03-03-at-11.16.55-300x200.jpeg 300w, https:\/\/uees.edu.ec\/wp-content\/uploads\/2023\/03\/WhatsApp-Image-2023-03-03-at-11.16.55-1024x683.jpeg 1024w, https:\/\/uees.edu.ec\/wp-content\/uploads\/2023\/03\/WhatsApp-Image-2023-03-03-at-11.16.55-768x512.jpeg 768w\" sizes=\"auto, (max-width: 1500px) 100vw, 1500px\" \/><\/p>\n<p>The Universidad Espiritu Santo received an important award in commemoration of the 85th anniversary of the Professionalization and 177th anniversary of the Institutionalization of the National Police, for its contribution to the strengthening of security from the academy. UEES has contributed to the academic training of professionals, providing benefits to more than 600 police officers through its degree program in Citizen Security and Police Sciences.<\/p>\n<p><img loading=\"lazy\" decoding=\"async\" class=\"alignnone wp-image-20205 size-large\" src=\"https:\/\/uees.edu.ec\/wp-content\/uploads\/2023\/03\/WhatsApp-Image-2023-03-03-at-11.15.49-1024x683.jpeg\" alt=\"\" width=\"1024\" height=\"683\" srcset=\"https:\/\/uees.edu.ec\/wp-content\/uploads\/2023\/03\/WhatsApp-Image-2023-03-03-at-11.15.49-1024x683.jpeg 1024w, https:\/\/uees.edu.ec\/wp-content\/uploads\/2023\/03\/WhatsApp-Image-2023-03-03-at-11.15.49-300x200.jpeg 300w, https:\/\/uees.edu.ec\/wp-content\/uploads\/2023\/03\/WhatsApp-Image-2023-03-03-at-11.15.49-768x512.jpeg 768w, https:\/\/uees.edu.ec\/wp-content\/uploads\/2023\/03\/WhatsApp-Image-2023-03-03-at-11.15.49-1536x1024.jpeg 1536w, https:\/\/uees.edu.ec\/wp-content\/uploads\/2023\/03\/WhatsApp-Image-2023-03-03-at-11.15.49-2048x1365.jpeg 2048w, https:\/\/uees.edu.ec\/wp-content\/uploads\/2023\/03\/WhatsApp-Image-2023-03-03-at-11.15.49-1500x1000.jpeg 1500w\" sizes=\"auto, (max-width: 1024px) 100vw, 1024px\" \/><\/p>\n<p>The rector of UEES, Joaqu\u00edn Hern\u00e1ndez, received this recognition, which signifies a commitment to continue working together for security in society. In the same ceremony, the U.S. Consulate and the Municipality of Guayaquil were also honored.<\/p>\n<p><img loading=\"lazy\" decoding=\"async\" class=\"alignnone wp-image-20204 size-large\" src=\"https:\/\/uees.edu.ec\/wp-content\/uploads\/2023\/03\/WhatsApp-Image-2023-03-03-at-11.16.54-1024x683.jpeg\" alt=\"\" width=\"1024\" height=\"683\" srcset=\"https:\/\/uees.edu.ec\/wp-content\/uploads\/2023\/03\/WhatsApp-Image-2023-03-03-at-11.16.54-1024x683.jpeg 1024w, https:\/\/uees.edu.ec\/wp-content\/uploads\/2023\/03\/WhatsApp-Image-2023-03-03-at-11.16.54-300x200.jpeg 300w, https:\/\/uees.edu.ec\/wp-content\/uploads\/2023\/03\/WhatsApp-Image-2023-03-03-at-11.16.54-768x512.jpeg 768w, https:\/\/uees.edu.ec\/wp-content\/uploads\/2023\/03\/WhatsApp-Image-2023-03-03-at-11.16.54.jpeg 1500w\" sizes=\"auto, (max-width: 1024px) 100vw, 1024px\" \/><\/p>\n<p>It is important to emphasize that security is everyone's responsibility, and the academy must be an active part of crime prevention and the promotion of peace in our streets. UEES is honored to have received this distinction and will continue working to build a safer society.<\/p>","protected":false},"excerpt":{"rendered":"<p>La Universidad Esp\u00edritu Santo recibi\u00f3 una importante condecoraci\u00f3n en la conmemoraci\u00f3n del aniversario 85 de Profesionalizaci\u00f3n y 177 de Institucionalizaci\u00f3n de la Polic\u00eda Nacional, por su aporte al fortalecimiento de la seguridad desde la academia. La UEES ha contribuido a la formaci\u00f3n acad\u00e9mica de profesionales, otorgando beneficios a m\u00e1s de 600 servidores de la polic\u00eda [&hellip;]<\/p>\n","protected":false},"author":10000093,"featured_media":20203,"comment_status":"open","ping_status":"open","sticky":false,"template":"","format":"standard","meta":{"_acf_changed":false,"footnotes":""},"categories":[84,75,455],"tags":[543,219,198,475],"class_list":["post-20195","post","type-post","status-publish","format-standard","has-post-thumbnail","hentry","category-comunicacion","category-noticias","category-online","tag-condecoracion","tag-policia","tag-reconocimiento","tag-seguridad"],"acf":[],"yoast_head":"<!-- This site is optimized with the Yoast SEO Premium plugin v27.4 (Yoast SEO v27.4) - https:\/\/yoast.com\/product\/yoast-seo-premium-wordpress\/ -->\n<title>Polic\u00eda Nacional condecora a la UEES por su trabajo por la seguridad - UEES - Universidad Esp\u00edritu Santo<\/title>\n<meta name=\"description\" content=\"Se escucha desde hace algunos a\u00f1os la palabra transmedia que, si bien puede parecer novedosa, en realidad nos ha acompa\u00f1ado durante mucho tiempo.\" \/>\n<meta name=\"robots\" content=\"index, follow, max-snippet:-1, max-image-preview:large, max-video-preview:-1\" \/>\n<link rel=\"canonical\" href=\"https:\/\/uees.edu.ec\/en\/policia-nacional-condecora-a-la-uees\/\" \/>\n<meta property=\"og:locale\" content=\"en_US\" \/>\n<meta property=\"og:type\" content=\"article\" \/>\n<meta property=\"og:title\" content=\"Polic\u00eda Nacional condecora a la UEES por su trabajo por la seguridad\" \/>\n<meta property=\"og:description\" content=\"Se escucha desde hace algunos a\u00f1os la palabra transmedia que, si bien puede parecer novedosa, en realidad nos ha acompa\u00f1ado durante mucho tiempo.\" \/>\n<meta property=\"og:url\" content=\"https:\/\/uees.edu.ec\/en\/policia-nacional-condecora-a-la-uees\/\" \/>\n<meta property=\"og:site_name\" content=\"UEES - Universidad Esp\u00edritu Santo\" \/>\n<meta property=\"article:publisher\" content=\"https:\/\/www.facebook.com\/universidadespiritusanto\" \/>\n<meta property=\"article:published_time\" content=\"2023-03-02T20:31:41+00:00\" \/>\n<meta property=\"article:modified_time\" content=\"2023-03-03T16:53:04+00:00\" \/>\n<meta property=\"og:image\" content=\"https:\/\/uees.edu.ec\/wp-content\/uploads\/2023\/03\/WhatsApp-Image-2023-03-03-at-11.16.55.jpeg\" \/>\n\t<meta property=\"og:image:width\" content=\"1500\" \/>\n\t<meta property=\"og:image:height\" content=\"1000\" \/>\n\t<meta property=\"og:image:type\" content=\"image\/jpeg\" \/>\n<meta name=\"author\" content=\"Elisa NIeto\" \/>\n<meta name=\"twitter:card\" content=\"summary_large_image\" \/>\n<meta name=\"twitter:creator\" content=\"@uees_ec\" \/>\n<meta name=\"twitter:site\" content=\"@uees_ec\" \/>\n<meta name=\"twitter:label1\" content=\"Written by\" \/>\n\t<meta name=\"twitter:data1\" content=\"Elisa NIeto\" \/>\n\t<meta name=\"twitter:label2\" content=\"Est. reading time\" \/>\n\t<meta name=\"twitter:data2\" content=\"2 minutes\" \/>\n<script type=\"application\/ld+json\" class=\"yoast-schema-graph\">{\"@context\":\"https:\\\/\\\/schema.org\",\"@graph\":[{\"@type\":[\"Article\",\"BlogPosting\"],\"@id\":\"https:\\\/\\\/uees.edu.ec\\\/policia-nacional-condecora-a-la-uees\\\/#article\",\"isPartOf\":{\"@id\":\"https:\\\/\\\/uees.edu.ec\\\/policia-nacional-condecora-a-la-uees\\\/\"},\"author\":{\"name\":\"Elisa NIeto\",\"@id\":\"https:\\\/\\\/uees.edu.ec\\\/#\\\/schema\\\/person\\\/d63ccd280ffea0cfa500ff8e223df681\"},\"headline\":\"Polic\u00eda Nacional condecora a la UEES por su trabajo por la seguridad\",\"datePublished\":\"2023-03-02T20:31:41+00:00\",\"dateModified\":\"2023-03-03T16:53:04+00:00\",\"mainEntityOfPage\":{\"@id\":\"https:\\\/\\\/uees.edu.ec\\\/policia-nacional-condecora-a-la-uees\\\/\"},\"wordCount\":194,\"commentCount\":0,\"publisher\":{\"@id\":\"https:\\\/\\\/uees.edu.ec\\\/#organization\"},\"image\":{\"@id\":\"https:\\\/\\\/uees.edu.ec\\\/policia-nacional-condecora-a-la-uees\\\/#primaryimage\"},\"thumbnailUrl\":\"https:\\\/\\\/uees.edu.ec\\\/wp-content\\\/uploads\\\/2023\\\/03\\\/WhatsApp-Image-2023-03-03-at-11.16.55.jpeg\",\"keywords\":[\"Condecoraci\u00f3n\",\"Polic\u00eda\",\"Reconocimiento\",\"Seguridad\"],\"articleSection\":[\"Comunicaci\u00f3n\",\"Noticias\",\"Online\"],\"inLanguage\":\"en-US\",\"potentialAction\":[{\"@type\":\"CommentAction\",\"name\":\"Comment\",\"target\":[\"https:\\\/\\\/uees.edu.ec\\\/policia-nacional-condecora-a-la-uees\\\/#respond\"]}]},{\"@type\":\"WebPage\",\"@id\":\"https:\\\/\\\/uees.edu.ec\\\/policia-nacional-condecora-a-la-uees\\\/\",\"url\":\"https:\\\/\\\/uees.edu.ec\\\/policia-nacional-condecora-a-la-uees\\\/\",\"name\":\"Polic\u00eda Nacional condecora a la UEES por su trabajo por la seguridad - UEES - Universidad Esp\u00edritu Santo\",\"isPartOf\":{\"@id\":\"https:\\\/\\\/uees.edu.ec\\\/#website\"},\"primaryImageOfPage\":{\"@id\":\"https:\\\/\\\/uees.edu.ec\\\/policia-nacional-condecora-a-la-uees\\\/#primaryimage\"},\"image\":{\"@id\":\"https:\\\/\\\/uees.edu.ec\\\/policia-nacional-condecora-a-la-uees\\\/#primaryimage\"},\"thumbnailUrl\":\"https:\\\/\\\/uees.edu.ec\\\/wp-content\\\/uploads\\\/2023\\\/03\\\/WhatsApp-Image-2023-03-03-at-11.16.55.jpeg\",\"datePublished\":\"2023-03-02T20:31:41+00:00\",\"dateModified\":\"2023-03-03T16:53:04+00:00\",\"description\":\"Se escucha desde hace algunos a\u00f1os la palabra transmedia que, si bien puede parecer novedosa, en realidad nos ha acompa\u00f1ado durante mucho tiempo.\",\"breadcrumb\":{\"@id\":\"https:\\\/\\\/uees.edu.ec\\\/policia-nacional-condecora-a-la-uees\\\/#breadcrumb\"},\"inLanguage\":\"en-US\",\"potentialAction\":[{\"@type\":\"ReadAction\",\"target\":[\"https:\\\/\\\/uees.edu.ec\\\/policia-nacional-condecora-a-la-uees\\\/\"]}]},{\"@type\":\"ImageObject\",\"inLanguage\":\"en-US\",\"@id\":\"https:\\\/\\\/uees.edu.ec\\\/policia-nacional-condecora-a-la-uees\\\/#primaryimage\",\"url\":\"https:\\\/\\\/uees.edu.ec\\\/wp-content\\\/uploads\\\/2023\\\/03\\\/WhatsApp-Image-2023-03-03-at-11.16.55.jpeg\",\"contentUrl\":\"https:\\\/\\\/uees.edu.ec\\\/wp-content\\\/uploads\\\/2023\\\/03\\\/WhatsApp-Image-2023-03-03-at-11.16.55.jpeg\",\"width\":1500,\"height\":1000},{\"@type\":\"BreadcrumbList\",\"@id\":\"https:\\\/\\\/uees.edu.ec\\\/policia-nacional-condecora-a-la-uees\\\/#breadcrumb\",\"itemListElement\":[{\"@type\":\"ListItem\",\"position\":1,\"name\":\"Home\",\"item\":\"https:\\\/\\\/uees.edu.ec\\\/\"},{\"@type\":\"ListItem\",\"position\":2,\"name\":\"Polic\u00eda Nacional condecora a la UEES por su trabajo por la seguridad\"}]},{\"@type\":\"WebSite\",\"@id\":\"https:\\\/\\\/uees.edu.ec\\\/#website\",\"url\":\"https:\\\/\\\/uees.edu.ec\\\/\",\"name\":\"Universidad Esp\u00edritu Santo - UEES\",\"description\":\"En constante innovaci\u00f3n\",\"publisher\":{\"@id\":\"https:\\\/\\\/uees.edu.ec\\\/#organization\"},\"alternateName\":\"Universidad Esp\u00edritu Santo - UEES\",\"potentialAction\":[{\"@type\":\"SearchAction\",\"target\":{\"@type\":\"EntryPoint\",\"urlTemplate\":\"https:\\\/\\\/uees.edu.ec\\\/?s={search_term_string}\"},\"query-input\":{\"@type\":\"PropertyValueSpecification\",\"valueRequired\":true,\"valueName\":\"search_term_string\"}}],\"inLanguage\":\"en-US\"},{\"@type\":\"Organization\",\"@id\":\"https:\\\/\\\/uees.edu.ec\\\/#organization\",\"name\":\"Universidad Esp\u00edritu Santo - UEES\",\"alternateName\":\"La mejor universidad en Ecuador\",\"url\":\"https:\\\/\\\/uees.edu.ec\\\/\",\"logo\":{\"@type\":\"ImageObject\",\"inLanguage\":\"en-US\",\"@id\":\"https:\\\/\\\/uees.edu.ec\\\/#\\\/schema\\\/logo\\\/image\\\/\",\"url\":\"https:\\\/\\\/uees.edu.ec\\\/wp-content\\\/uploads\\\/2021\\\/03\\\/Logo-UEES.png\",\"contentUrl\":\"https:\\\/\\\/uees.edu.ec\\\/wp-content\\\/uploads\\\/2021\\\/03\\\/Logo-UEES.png\",\"width\":221,\"height\":86,\"caption\":\"Universidad Esp\u00edritu Santo - UEES\"},\"image\":{\"@id\":\"https:\\\/\\\/uees.edu.ec\\\/#\\\/schema\\\/logo\\\/image\\\/\"},\"sameAs\":[\"https:\\\/\\\/www.facebook.com\\\/universidadespiritusanto\",\"https:\\\/\\\/x.com\\\/uees_ec\",\"https:\\\/\\\/www.instagram.com\\\/uees_ec\\\/\",\"https:\\\/\\\/www.linkedin.com\\\/school\\\/esp-ritu-santo\",\"https:\\\/\\\/www.youtube.com\\\/user\\\/UEES2009\",\"https:\\\/\\\/es.wikipedia.org\\\/wiki\\\/Universidad_de_Especialidades_Esp\u00edritu_Santo\"]},{\"@type\":\"Person\",\"@id\":\"https:\\\/\\\/uees.edu.ec\\\/#\\\/schema\\\/person\\\/d63ccd280ffea0cfa500ff8e223df681\",\"name\":\"Elisa NIeto\",\"image\":{\"@type\":\"ImageObject\",\"inLanguage\":\"en-US\",\"@id\":\"https:\\\/\\\/secure.gravatar.com\\\/avatar\\\/605564af463a7fd0c423bca29297cbceebac05a022669b655b2f2dcd2c6bf03e?s=96&d=mm&r=g\",\"url\":\"https:\\\/\\\/secure.gravatar.com\\\/avatar\\\/605564af463a7fd0c423bca29297cbceebac05a022669b655b2f2dcd2c6bf03e?s=96&d=mm&r=g\",\"contentUrl\":\"https:\\\/\\\/secure.gravatar.com\\\/avatar\\\/605564af463a7fd0c423bca29297cbceebac05a022669b655b2f2dcd2c6bf03e?s=96&d=mm&r=g\",\"caption\":\"Elisa NIeto\"},\"url\":\"https:\\\/\\\/uees.edu.ec\\\/en\\\/author\\\/elisa-nieto\\\/\"}]}<\/script>\n<!-- \/ Yoast SEO Premium plugin. -->","yoast_head_json":{"title":"Polic\u00eda Nacional condecora a la UEES por su trabajo por la seguridad - UEES - Universidad Esp\u00edritu Santo","description":"Se escucha desde hace algunos a\u00f1os la palabra transmedia que, si bien puede parecer novedosa, en realidad nos ha acompa\u00f1ado durante mucho tiempo.","robots":{"index":"index","follow":"follow","max-snippet":"max-snippet:-1","max-image-preview":"max-image-preview:large","max-video-preview":"max-video-preview:-1"},"canonical":"https:\/\/uees.edu.ec\/en\/policia-nacional-condecora-a-la-uees\/","og_locale":"en_US","og_type":"article","og_title":"Polic\u00eda Nacional condecora a la UEES por su trabajo por la seguridad","og_description":"Se escucha desde hace algunos a\u00f1os la palabra transmedia que, si bien puede parecer novedosa, en realidad nos ha acompa\u00f1ado durante mucho tiempo.","og_url":"https:\/\/uees.edu.ec\/en\/policia-nacional-condecora-a-la-uees\/","og_site_name":"UEES - Universidad Esp\u00edritu Santo","article_publisher":"https:\/\/www.facebook.com\/universidadespiritusanto","article_published_time":"2023-03-02T20:31:41+00:00","article_modified_time":"2023-03-03T16:53:04+00:00","og_image":[{"width":1500,"height":1000,"url":"https:\/\/uees.edu.ec\/wp-content\/uploads\/2023\/03\/WhatsApp-Image-2023-03-03-at-11.16.55.jpeg","type":"image\/jpeg"}],"author":"Elisa NIeto","twitter_card":"summary_large_image","twitter_creator":"@uees_ec","twitter_site":"@uees_ec","twitter_misc":{"Written by":"Elisa NIeto","Est. reading time":"2 minutes"},"schema":{"@context":"https:\/\/schema.org","@graph":[{"@type":["Article","BlogPosting"],"@id":"https:\/\/uees.edu.ec\/policia-nacional-condecora-a-la-uees\/#article","isPartOf":{"@id":"https:\/\/uees.edu.ec\/policia-nacional-condecora-a-la-uees\/"},"author":{"name":"Elisa NIeto","@id":"https:\/\/uees.edu.ec\/#\/schema\/person\/d63ccd280ffea0cfa500ff8e223df681"},"headline":"Polic\u00eda Nacional condecora a la UEES por su trabajo por la seguridad","datePublished":"2023-03-02T20:31:41+00:00","dateModified":"2023-03-03T16:53:04+00:00","mainEntityOfPage":{"@id":"https:\/\/uees.edu.ec\/policia-nacional-condecora-a-la-uees\/"},"wordCount":194,"commentCount":0,"publisher":{"@id":"https:\/\/uees.edu.ec\/#organization"},"image":{"@id":"https:\/\/uees.edu.ec\/policia-nacional-condecora-a-la-uees\/#primaryimage"},"thumbnailUrl":"https:\/\/uees.edu.ec\/wp-content\/uploads\/2023\/03\/WhatsApp-Image-2023-03-03-at-11.16.55.jpeg","keywords":["Condecoraci\u00f3n","Polic\u00eda","Reconocimiento","Seguridad"],"articleSection":["Comunicaci\u00f3n","Noticias","Online"],"inLanguage":"en-US","potentialAction":[{"@type":"CommentAction","name":"Comment","target":["https:\/\/uees.edu.ec\/policia-nacional-condecora-a-la-uees\/#respond"]}]},{"@type":"WebPage","@id":"https:\/\/uees.edu.ec\/policia-nacional-condecora-a-la-uees\/","url":"https:\/\/uees.edu.ec\/policia-nacional-condecora-a-la-uees\/","name":"Polic\u00eda Nacional condecora a la UEES por su trabajo por la seguridad - UEES - Universidad Esp\u00edritu Santo","isPartOf":{"@id":"https:\/\/uees.edu.ec\/#website"},"primaryImageOfPage":{"@id":"https:\/\/uees.edu.ec\/policia-nacional-condecora-a-la-uees\/#primaryimage"},"image":{"@id":"https:\/\/uees.edu.ec\/policia-nacional-condecora-a-la-uees\/#primaryimage"},"thumbnailUrl":"https:\/\/uees.edu.ec\/wp-content\/uploads\/2023\/03\/WhatsApp-Image-2023-03-03-at-11.16.55.jpeg","datePublished":"2023-03-02T20:31:41+00:00","dateModified":"2023-03-03T16:53:04+00:00","description":"Se escucha desde hace algunos a\u00f1os la palabra transmedia que, si bien puede parecer novedosa, en realidad nos ha acompa\u00f1ado durante mucho tiempo.","breadcrumb":{"@id":"https:\/\/uees.edu.ec\/policia-nacional-condecora-a-la-uees\/#breadcrumb"},"inLanguage":"en-US","potentialAction":[{"@type":"ReadAction","target":["https:\/\/uees.edu.ec\/policia-nacional-condecora-a-la-uees\/"]}]},{"@type":"ImageObject","inLanguage":"en-US","@id":"https:\/\/uees.edu.ec\/policia-nacional-condecora-a-la-uees\/#primaryimage","url":"https:\/\/uees.edu.ec\/wp-content\/uploads\/2023\/03\/WhatsApp-Image-2023-03-03-at-11.16.55.jpeg","contentUrl":"https:\/\/uees.edu.ec\/wp-content\/uploads\/2023\/03\/WhatsApp-Image-2023-03-03-at-11.16.55.jpeg","width":1500,"height":1000},{"@type":"BreadcrumbList","@id":"https:\/\/uees.edu.ec\/policia-nacional-condecora-a-la-uees\/#breadcrumb","itemListElement":[{"@type":"ListItem","position":1,"name":"Home","item":"https:\/\/uees.edu.ec\/"},{"@type":"ListItem","position":2,"name":"Polic\u00eda Nacional condecora a la UEES por su trabajo por la seguridad"}]},{"@type":"WebSite","@id":"https:\/\/uees.edu.ec\/#website","url":"https:\/\/uees.edu.ec\/","name":"Espiritu Santo University - UEES","description":"In constant innovation","publisher":{"@id":"https:\/\/uees.edu.ec\/#organization"},"alternateName":"Universidad Esp\u00edritu Santo - UEES","potentialAction":[{"@type":"SearchAction","target":{"@type":"EntryPoint","urlTemplate":"https:\/\/uees.edu.ec\/?s={search_term_string}"},"query-input":{"@type":"PropertyValueSpecification","valueRequired":true,"valueName":"search_term_string"}}],"inLanguage":"en-US"},{"@type":"Organization","@id":"https:\/\/uees.edu.ec\/#organization","name":"Espiritu Santo University - UEES","alternateName":"La mejor universidad en Ecuador","url":"https:\/\/uees.edu.ec\/","logo":{"@type":"ImageObject","inLanguage":"en-US","@id":"https:\/\/uees.edu.ec\/#\/schema\/logo\/image\/","url":"https:\/\/uees.edu.ec\/wp-content\/uploads\/2021\/03\/Logo-UEES.png","contentUrl":"https:\/\/uees.edu.ec\/wp-content\/uploads\/2021\/03\/Logo-UEES.png","width":221,"height":86,"caption":"Universidad Esp\u00edritu Santo - UEES"},"image":{"@id":"https:\/\/uees.edu.ec\/#\/schema\/logo\/image\/"},"sameAs":["https:\/\/www.facebook.com\/universidadespiritusanto","https:\/\/x.com\/uees_ec","https:\/\/www.instagram.com\/uees_ec\/","https:\/\/www.linkedin.com\/school\/esp-ritu-santo","https:\/\/www.youtube.com\/user\/UEES2009","https:\/\/es.wikipedia.org\/wiki\/Universidad_de_Especialidades_Esp\u00edritu_Santo"]},{"@type":"Person","@id":"https:\/\/uees.edu.ec\/#\/schema\/person\/d63ccd280ffea0cfa500ff8e223df681","name":"Elisa NIeto","image":{"@type":"ImageObject","inLanguage":"en-US","@id":"https:\/\/secure.gravatar.com\/avatar\/605564af463a7fd0c423bca29297cbceebac05a022669b655b2f2dcd2c6bf03e?s=96&d=mm&r=g","url":"https:\/\/secure.gravatar.com\/avatar\/605564af463a7fd0c423bca29297cbceebac05a022669b655b2f2dcd2c6bf03e?s=96&d=mm&r=g","contentUrl":"https:\/\/secure.gravatar.com\/avatar\/605564af463a7fd0c423bca29297cbceebac05a022669b655b2f2dcd2c6bf03e?s=96&d=mm&r=g","caption":"Elisa NIeto"},"url":"https:\/\/uees.edu.ec\/en\/author\/elisa-nieto\/"}]}},"_links":{"self":[{"href":"https:\/\/uees.edu.ec\/en\/wp-json\/wp\/v2\/posts\/20195","targetHints":{"allow":["GET"]}}],"collection":[{"href":"https:\/\/uees.edu.ec\/en\/wp-json\/wp\/v2\/posts"}],"about":[{"href":"https:\/\/uees.edu.ec\/en\/wp-json\/wp\/v2\/types\/post"}],"author":[{"embeddable":true,"href":"https:\/\/uees.edu.ec\/en\/wp-json\/wp\/v2\/users\/10000093"}],"replies":[{"embeddable":true,"href":"https:\/\/uees.edu.ec\/en\/wp-json\/wp\/v2\/comments?post=20195"}],"version-history":[{"count":4,"href":"https:\/\/uees.edu.ec\/en\/wp-json\/wp\/v2\/posts\/20195\/revisions"}],"predecessor-version":[{"id":20208,"href":"https:\/\/uees.edu.ec\/en\/wp-json\/wp\/v2\/posts\/20195\/revisions\/20208"}],"wp:featuredmedia":[{"embeddable":true,"href":"https:\/\/uees.edu.ec\/en\/wp-json\/wp\/v2\/media\/20203"}],"wp:attachment":[{"href":"https:\/\/uees.edu.ec\/en\/wp-json\/wp\/v2\/media?parent=20195"}],"wp:term":[{"taxonomy":"category","embeddable":true,"href":"https:\/\/uees.edu.ec\/en\/wp-json\/wp\/v2\/categories?post=20195"},{"taxonomy":"post_tag","embeddable":true,"href":"https:\/\/uees.edu.ec\/en\/wp-json\/wp\/v2\/tags?post=20195"}],"curies":[{"name":"wp","href":"https:\/\/api.w.org\/{rel}","templated":true}]}}